{"id":81445,"date":"2025-08-29T08:24:54","date_gmt":"2025-08-29T11:24:54","guid":{"rendered":"https:\/\/www.tvnovelas.com.br\/tvnews\/?p=81445"},"modified":"2025-08-29T08:24:54","modified_gmt":"2025-08-29T11:24:54","slug":"eta-mundo-melhor-estela-tem-crise-ao-flagrar-ernesto-com-anabela","status":"publish","type":"post","link":"https:\/\/www.tvnovelas.com.br\/tvnews\/eta-mundo-melhor-estela-tem-crise-ao-flagrar-ernesto-com-anabela\/","title":{"rendered":"\u00cata Mundo Melhor!: Estela tem crise ao flagrar Ernesto com Anabela"},"content":{"rendered":"<figure id=\"attachment_81446\" aria-describedby=\"caption-attachment-81446\" style=\"width: 728px\" class=\"wp-caption alignnone\"><img data-recalc-dims=\"1\" decoding=\"async\" class=\"wp-image-81446 size-full\" title=\"(Foto: TV Globo\/\u00cata Mundo Melhor!)\" src=\"https:\/\/i0.wp.com\/www.tvnovelas.com.br\/tvnews\/wp-content\/uploads\/2025\/08\/11888.jpg?resize=728%2C410&#038;ssl=1\" alt=\"Foto em \u00cata Mundo Melhor!: Estela tem crise ao flagrar Ernesto com Anabela\" width=\"728\" height=\"410\" srcset=\"https:\/\/i0.wp.com\/www.tvnovelas.com.br\/tvnews\/wp-content\/uploads\/2025\/08\/11888.jpg?w=728&amp;ssl=1 728w, https:\/\/i0.wp.com\/www.tvnovelas.com.br\/tvnews\/wp-content\/uploads\/2025\/08\/11888.jpg?resize=250%2C141&amp;ssl=1 250w\" sizes=\"(max-width: 728px) 100vw, 728px\" \/><figcaption id=\"caption-attachment-81446\" class=\"wp-caption-text\">\u00cata Mundo Melhor!: Estela tem crise ao flagrar Ernesto com Anabela<\/figcaption><\/figure>\n<p>Em \u00cata Mundo Melhor!, Anabela (Isabelly Carvalho) decide ir sozinha at\u00e9 a f\u00e1brica de biscoitos Policarpo para ver Celso (Rainer Cadete), afinal, ela j\u00e1 disse a Estela (Larissa Manoela) que n\u00e3o se conforma com o fim do namoro dos dois. Na rua, a menina tem uma crise de surdez e quase \u00e9 atropelada por um bonde. Mas Aladin (Vicente Alvite) percebe o perigo e salva a amiga do atropelamento.<\/p>\n<p>Estela se desespera quando percebe que a irm\u00e3 fugiu e vai at\u00e9 a f\u00e1brica procurar por ela. L\u00e1, Celso diz que n\u00e3o sabe onde est\u00e1 Anabela e os dois partem para procur\u00e1-la.<\/p>\n<p>De repente, Ernesto (Eriberto Le\u00e3o) encontra as duas crian\u00e7as na rua e diz:<\/p>\n<p>&#8220;Ora se n\u00e3o \u00e9 uma das pestinhas de Zulma perambulando \u00e0 essa hora pela rua! Mas essa menina bonita eu n\u00e3o conhe\u00e7o.&#8221;<\/p>\n<p>Ernesto se aproxima dois dois, e Estela chega na hora de flagrar esse momento. Quando ela v\u00ea o homem, entra em crise de ansiedade:<\/p>\n<p>&#8220;N\u00e3o pode ser! N\u00e3o pode ser&#8230;&#8221;<br \/>\n]<br \/>\n&#8220;Estela?! Voc\u00ea est\u00e1 bem?&#8221;, pergunta Celso, preocupado.<br \/>\n<!--FIM--><\/p>\n<h2>Sobre a novela:<\/h2>\n<p><a href=\"https:\/\/tvnovelas.com.br\/page2\/arquivo\/eta-mundo-melhor-a-volta-de-candinho-e-policarpo\/&quot;\" target=\"_blank\" rel=\"noopener\">\u00cata Mundo Melhor!: A volta de Candinho e Policarpo<\/a> (Sinopse)<br \/>\n<a href=\"https:\/\/pt.wikipedia.org\/wiki\/%C3%8Ata_Mundo_Melhor!\" target=\"_blank\" rel=\"noopener\">Sobre \u00cata Mundo Melhor!, na Wikipedia<\/a><\/p>\n<div style=\"font-size: 120%;\"><h3>Confira tamb\u00e9m<\/h3>\r\n<a href=\"https:\/\/tvnovelas.com.br\/novelas\/\" rel=\"noopener\" target=\"_blank\"><strong>Todos os resumos de novelas<\/strong><\/a><\/br>\r\n<a href=\"https:\/\/www.tvnovelas.com.br\/tvnews\/\" rel=\"noopener\" target=\"_blank\"><strong>\u00daltimas not\u00edcias das novelas<\/strong><\/a><\/br>\r\n<a href=\"https:\/\/www.tvnovelas.com.br\/filmes\/\" target=\"_blank\" rel=\"noopener noreferrer\"><strong>Programa\u00e7\u00e3o de filmes na TV aberta<\/strong><\/a><\/br>\r\n<a href=\"https:\/\/caetenews.com.br\/semana\/filmes-da-globo-na-sessao-da-tarde-desta-semana\/\" target=\"_blank\" rel=\"noopener\"><strong>Confira os filmes da semana na Sess\u00e3o da Tarde<\/strong><\/a><\/br>\r\n<a href=\"https:\/\/classindportal.mj.gov.br\/consulta-filmes\" target=\"_blank\" rel=\"noopener\"><strong>Consulte a classifica\u00e7\u00e3o indicativa dos filmes e novelas<\/strong><\/a><\/br><\/div>\n","protected":false},"excerpt":{"rendered":"<p>\u00cata Mundo Melhor!: Estela tem crise ao flagrar Ernesto com Anabela&#8230; Em \u00cata Mundo Melhor!, Anabela (Isabelly Carvalho) decide ir sozinha at\u00e9 a f\u00e1brica&#8230;<\/p>\n","protected":false},"author":1,"featured_media":81446,"comment_status":"closed","ping_status":"closed","sticky":false,"template":"","format":"standard","meta":{"_uf_show_specific_survey":0,"_uf_disable_surveys":false,"_jetpack_memberships_contains_paid_content":false,"footnotes":"","_wp_rev_ctl_limit":""},"categories":[920],"tags":[921,5,64],"class_list":["post-81445","post","type-post","status-publish","format-standard","has-post-thumbnail","hentry","category-eta-mundo-melhor","tag-eta-mundo-melhor","tag-globo","tag-novelas","wpcat-920-id"],"aioseo_notices":[],"jetpack_featured_media_url":"https:\/\/i0.wp.com\/www.tvnovelas.com.br\/tvnews\/wp-content\/uploads\/2025\/08\/11888.jpg?fit=728%2C410&ssl=1","jetpack_shortlink":"https:\/\/wp.me\/pdP2BO-lbD","jetpack_sharing_enabled":true,"_links":{"self":[{"href":"https:\/\/www.tvnovelas.com.br\/tvnews\/wp-json\/wp\/v2\/posts\/81445","targetHints":{"allow":["GET"]}}],"collection":[{"href":"https:\/\/www.tvnovelas.com.br\/tvnews\/wp-json\/wp\/v2\/posts"}],"about":[{"href":"https:\/\/www.tvnovelas.com.br\/tvnews\/wp-json\/wp\/v2\/types\/post"}],"author":[{"embeddable":true,"href":"https:\/\/www.tvnovelas.com.br\/tvnews\/wp-json\/wp\/v2\/users\/1"}],"replies":[{"embeddable":true,"href":"https:\/\/www.tvnovelas.com.br\/tvnews\/wp-json\/wp\/v2\/comments?post=81445"}],"version-history":[{"count":1,"href":"https:\/\/www.tvnovelas.com.br\/tvnews\/wp-json\/wp\/v2\/posts\/81445\/revisions"}],"predecessor-version":[{"id":81447,"href":"https:\/\/www.tvnovelas.com.br\/tvnews\/wp-json\/wp\/v2\/posts\/81445\/revisions\/81447"}],"wp:featuredmedia":[{"embeddable":true,"href":"https:\/\/www.tvnovelas.com.br\/tvnews\/wp-json\/wp\/v2\/media\/81446"}],"wp:attachment":[{"href":"https:\/\/www.tvnovelas.com.br\/tvnews\/wp-json\/wp\/v2\/media?parent=81445"}],"wp:term":[{"taxonomy":"category","embeddable":true,"href":"https:\/\/www.tvnovelas.com.br\/tvnews\/wp-json\/wp\/v2\/categories?post=81445"},{"taxonomy":"post_tag","embeddable":true,"href":"https:\/\/www.tvnovelas.com.br\/tvnews\/wp-json\/wp\/v2\/tags?post=81445"}],"curies":[{"name":"wp","href":"https:\/\/api.w.org\/{rel}","templated":true}]}}