{"id":81449,"date":"2025-08-29T08:37:44","date_gmt":"2025-08-29T11:37:44","guid":{"rendered":"https:\/\/www.tvnovelas.com.br\/tvnews\/?p=81449"},"modified":"2025-08-29T08:37:44","modified_gmt":"2025-08-29T11:37:44","slug":"dona-de-mim-namorado-de-nina-agride-filipa","status":"publish","type":"post","link":"https:\/\/www.tvnovelas.com.br\/tvnews\/dona-de-mim-namorado-de-nina-agride-filipa\/","title":{"rendered":"Dona de Mim: Namorado de Nina agride Filipa"},"content":{"rendered":"<figure id=\"attachment_81450\" aria-describedby=\"caption-attachment-81450\" style=\"width: 726px\" class=\"wp-caption alignnone\"><img data-recalc-dims=\"1\" decoding=\"async\" class=\"wp-image-81450 size-full\" title=\"(Foto: TV Globo\/Dona de Mim)\" src=\"https:\/\/i0.wp.com\/www.tvnovelas.com.br\/tvnews\/wp-content\/uploads\/2025\/08\/11889.jpg?resize=726%2C410&#038;ssl=1\" alt=\"Foto em Dona de Mim: Namorado de Nina agride Filipa\" width=\"726\" height=\"410\" srcset=\"https:\/\/i0.wp.com\/www.tvnovelas.com.br\/tvnews\/wp-content\/uploads\/2025\/08\/11889.jpg?w=726&amp;ssl=1 726w, https:\/\/i0.wp.com\/www.tvnovelas.com.br\/tvnews\/wp-content\/uploads\/2025\/08\/11889.jpg?resize=250%2C141&amp;ssl=1 250w\" sizes=\"(max-width: 726px) 100vw, 726px\" \/><figcaption id=\"caption-attachment-81450\" class=\"wp-caption-text\">Dona de Mim: Namorado de Nina agride Filipa<\/figcaption><\/figure>\n<p>Em Dona de Mim, Nina (Flora Camolese) e Deco (Jos\u00e9 Maria Brion) s\u00e3o sin\u00f4nimos de problema. E o casal ir\u00e1 longe demais. Quando perceber que Nina pegou uma mercadoria ilegal sua, o portugu\u00eas iniciar\u00e1 uma persegui\u00e7\u00e3o \u00e0 garota pela mans\u00e3o dos Boaz. Filipa (Cl\u00e1udia Abreu) se meter\u00e1 para defender a filha e acabar\u00e1 sendo agredida por Deco. Jaques (Marcello Novaes) tamb\u00e9m se envolver\u00e1 na confus\u00e3o, e o \u201cgajo\u201d cair\u00e1 do alto de uma varanda!<\/p>\n<p>\u201cAi, Nina! Achas que podes me enganar? Nina! Nina! Cad\u00ea as minhas coisas? N\u00e3o estou a brincar. Voc\u00ea achou alguma coisa na maleta?\u201d, questiona ele.<\/p>\n<p>\u201cAchei, voc\u00ea quer?\u201d, diz ela, c\u00ednica.]<\/p>\n<p>\u201cNina, eu n\u00e3o quero problemas. Devolve o que \u00e9 meu\u201d, insiste ele.<\/p>\n<p>\u201cSe eu gritar vai ser pior. \u00c9 s\u00f3 pedir direito e eu te entrego o que voc\u00ea veio buscar\u201d, afirma ela.<\/p>\n<p>Nina, ent\u00e3o, come\u00e7ar\u00e1 a correr pela casa, com Deco atr\u00e1s dela. At\u00e9 que Nina conseguir\u00e1 se trancar no quarto, e Deco come\u00e7ar\u00e1 a esmurrar a porta, chamando a aten\u00e7\u00e3o de Filipa e Jaques.<\/p>\n<p>\u201cDeixa minha filha em paz!\u201d, grita Filipa.]<\/p>\n<p>Filipa ir\u00e1 se pendurar em Deco, que bater\u00e1 o corpo dela contra a parede. A m\u00e3e de Nina ir\u00e1 cair, bater a cabe\u00e7a e desmaiar.<\/p>\n<p>Jaques aparecer\u00e1 com uma arma falsa, e os dois entrar\u00e3o em luta corporal. Nina se meter\u00e1, e Deco perder\u00e1 o equil\u00edbrio e cair\u00e1 da varanda.<\/p>\n<p>\u201cDeco!\u201d, grita Nina.<br \/>\n<!--FIM--><br \/>\n<strong>Sobre a novela<\/strong><br \/>\n<a href=\"https:\/\/wp.me\/pfspD2-UO\" target=\"_blank\" rel=\"noopener\">Dona de Mim: A trama da novela<\/a><br \/>\n<a href=\"https:\/\/wp.me\/pfspD2-UG\" target=\"_blank\" rel=\"noopener\">Dona de Mim: A fam\u00edlia Boaz e seu imp\u00e9rio de lingerie<\/a><\/p>\n<div style=\"font-size: 120%;\"><h3>Confira tamb\u00e9m<\/h3>\r\n<a href=\"https:\/\/tvnovelas.com.br\/novelas\/\" rel=\"noopener\" target=\"_blank\"><strong>Todos os resumos de novelas<\/strong><\/a><\/br>\r\n<a href=\"https:\/\/www.tvnovelas.com.br\/tvnews\/\" rel=\"noopener\" target=\"_blank\"><strong>\u00daltimas not\u00edcias das novelas<\/strong><\/a><\/br>\r\n<a href=\"https:\/\/www.tvnovelas.com.br\/filmes\/\" target=\"_blank\" rel=\"noopener noreferrer\"><strong>Programa\u00e7\u00e3o de filmes na TV aberta<\/strong><\/a><\/br>\r\n<a href=\"https:\/\/caetenews.com.br\/semana\/filmes-da-globo-na-sessao-da-tarde-desta-semana\/\" target=\"_blank\" rel=\"noopener\"><strong>Confira os filmes da semana na Sess\u00e3o da Tarde<\/strong><\/a><\/br>\r\n<a href=\"https:\/\/classindportal.mj.gov.br\/consulta-filmes\" target=\"_blank\" rel=\"noopener\"><strong>Consulte a classifica\u00e7\u00e3o indicativa dos filmes e novelas<\/strong><\/a><\/br><\/div>\n","protected":false},"excerpt":{"rendered":"<p>Dona de Mim: Namorado de Nina agride Filipa&#8230;. Em Dona de Mim, Nina (Flora Camolese) e Deco (Jos\u00e9 Maria Brion) s\u00e3o sin\u00f4nimos de problema&#8230;<\/p>\n","protected":false},"author":1,"featured_media":81450,"comment_status":"closed","ping_status":"closed","sticky":false,"template":"","format":"standard","meta":{"_uf_show_specific_survey":0,"_uf_disable_surveys":false,"_jetpack_memberships_contains_paid_content":false,"footnotes":"","_wp_rev_ctl_limit":""},"categories":[884],"tags":[883,5,64],"class_list":["post-81449","post","type-post","status-publish","format-standard","has-post-thumbnail","hentry","category-dona-de-mim","tag-dona-de-mim","tag-globo","tag-novelas","wpcat-884-id"],"aioseo_notices":[],"jetpack_featured_media_url":"https:\/\/i0.wp.com\/www.tvnovelas.com.br\/tvnews\/wp-content\/uploads\/2025\/08\/11889.jpg?fit=726%2C410&ssl=1","jetpack_shortlink":"https:\/\/wp.me\/pdP2BO-lbH","jetpack_sharing_enabled":true,"_links":{"self":[{"href":"https:\/\/www.tvnovelas.com.br\/tvnews\/wp-json\/wp\/v2\/posts\/81449","targetHints":{"allow":["GET"]}}],"collection":[{"href":"https:\/\/www.tvnovelas.com.br\/tvnews\/wp-json\/wp\/v2\/posts"}],"about":[{"href":"https:\/\/www.tvnovelas.com.br\/tvnews\/wp-json\/wp\/v2\/types\/post"}],"author":[{"embeddable":true,"href":"https:\/\/www.tvnovelas.com.br\/tvnews\/wp-json\/wp\/v2\/users\/1"}],"replies":[{"embeddable":true,"href":"https:\/\/www.tvnovelas.com.br\/tvnews\/wp-json\/wp\/v2\/comments?post=81449"}],"version-history":[{"count":1,"href":"https:\/\/www.tvnovelas.com.br\/tvnews\/wp-json\/wp\/v2\/posts\/81449\/revisions"}],"predecessor-version":[{"id":81451,"href":"https:\/\/www.tvnovelas.com.br\/tvnews\/wp-json\/wp\/v2\/posts\/81449\/revisions\/81451"}],"wp:featuredmedia":[{"embeddable":true,"href":"https:\/\/www.tvnovelas.com.br\/tvnews\/wp-json\/wp\/v2\/media\/81450"}],"wp:attachment":[{"href":"https:\/\/www.tvnovelas.com.br\/tvnews\/wp-json\/wp\/v2\/media?parent=81449"}],"wp:term":[{"taxonomy":"category","embeddable":true,"href":"https:\/\/www.tvnovelas.com.br\/tvnews\/wp-json\/wp\/v2\/categories?post=81449"},{"taxonomy":"post_tag","embeddable":true,"href":"https:\/\/www.tvnovelas.com.br\/tvnews\/wp-json\/wp\/v2\/tags?post=81449"}],"curies":[{"name":"wp","href":"https:\/\/api.w.org\/{rel}","templated":true}]}}