{"id":81477,"date":"2025-08-29T12:24:27","date_gmt":"2025-08-29T15:24:27","guid":{"rendered":"https:\/\/www.tvnovelas.com.br\/tvnews\/?p=81477"},"modified":"2025-08-29T12:24:27","modified_gmt":"2025-08-29T15:24:27","slug":"dona-de-mim-jaques-depoe-e-acusa-vanderson-de-matar-abel","status":"publish","type":"post","link":"https:\/\/www.tvnovelas.com.br\/tvnews\/dona-de-mim-jaques-depoe-e-acusa-vanderson-de-matar-abel\/","title":{"rendered":"Dona de Mim: Jaques dep\u00f5e e acusa Vanderson de matar Abel"},"content":{"rendered":"<figure id=\"attachment_81478\" aria-describedby=\"caption-attachment-81478\" style=\"width: 726px\" class=\"wp-caption alignnone\"><img data-recalc-dims=\"1\" decoding=\"async\" class=\"wp-image-81478 size-full\" title=\"(Foto: TV Globo\/Dona de Mim)\" src=\"https:\/\/i0.wp.com\/www.tvnovelas.com.br\/tvnews\/wp-content\/uploads\/2025\/08\/11894.jpg?resize=726%2C410&#038;ssl=1\" alt=\"Foto em Dona de Mim: Jaques dep\u00f5e e acusa Vanderson de matar Abel\" width=\"726\" height=\"410\" srcset=\"https:\/\/i0.wp.com\/www.tvnovelas.com.br\/tvnews\/wp-content\/uploads\/2025\/08\/11894.jpg?w=726&amp;ssl=1 726w, https:\/\/i0.wp.com\/www.tvnovelas.com.br\/tvnews\/wp-content\/uploads\/2025\/08\/11894.jpg?resize=250%2C141&amp;ssl=1 250w\" sizes=\"(max-width: 726px) 100vw, 726px\" \/><figcaption id=\"caption-attachment-81478\" class=\"wp-caption-text\">Dona de Mim: Jaques dep\u00f5e e acusa Vanderson de matar Abel<\/figcaption><\/figure>\n<p>Em Dona de Mim, Jaques (Marcello Novaes) ser\u00e1 convocado a depor sobre a morte de Abel (Tony Ramos) na pol\u00edcia. E, cara de pau como s\u00f3 ele, o vil\u00e3o ir\u00e1 jogar toda a culpa para cima do foragido Vanderson (Armando Babaioff).<\/p>\n<p>Jaques estar\u00e1 na f\u00e1brica quando ser\u00e1 surpreendido por uma intima\u00e7\u00e3o para comparecer \u00e0 delegacia.<\/p>\n<p>\u201cA pol\u00edcia voltou a investigar o caso do Abel?\u201d, questiona ele.<\/p>\n<p>\u201cO caso n\u00e3o foi fechado, Vanderson foi considerado foragido. S\u00f3 indo l\u00e1 pra ver\u201d, explica Ricardo (Marcos Pasquim).<br \/>\nJaques, ent\u00e3o, ir\u00e1 at\u00e9 a delegacia acompanhado de Ricardo.<\/p>\n<p>\u201cMeu cliente est\u00e1 aqui como testemunha ou investigado?\u201d, pergunta o advogado.<\/p>\n<p>\u201cTestemunha. Podemos come\u00e7ar?\u201d, diz a delegada.<\/p>\n<p>Primeiro, a delegada ir\u00e1 questionar Jaques sobre os desvios feitos nas contas da f\u00e1brica da fam\u00edlia, e ele dir\u00e1 que devolveu todo o dinheiro. Depois, ela perguntar\u00e1 sobre Vanderson.<\/p>\n<p>\u201cA quest\u00e3o dos investimentos no exterior ser\u00e1 investigada. Eu gostaria agora de falar sobre sua rela\u00e7\u00e3o com o principal suspeito do crime, o senhor Vanderson Pereira Matos\u201d, afirma ela.<\/p>\n<p>Jaques far\u00e1 uma cena teatral para acusar o antigo comparsa de ser o respons\u00e1vel pela morte de Abel.<\/p>\n<p>\u201cMeu maior engano com uma pessoa, doutora! Ajudei esse rapaz a provar que era o pai da minha sobrinha, sobrinha afetiva. At\u00e9 o hospedei em minha casa! Isso ajudou a acabar com meu casamento. E no final&#8230; ele matou meu irm\u00e3o. Foi ele.\u201d<br \/>\n<!--FIM--><br \/>\n<strong>Sobre a novela<\/strong><br \/>\n<a href=\"https:\/\/wp.me\/pfspD2-UO\" target=\"_blank\" rel=\"noopener\">Dona de Mim: A trama da novela<\/a><br \/>\n<a href=\"https:\/\/wp.me\/pfspD2-UG\" target=\"_blank\" rel=\"noopener\">Dona de Mim: A fam\u00edlia Boaz e seu imp\u00e9rio de lingerie<\/a><\/p>\n<div style=\"font-size: 120%;\"><h3>Confira tamb\u00e9m<\/h3>\r\n<a href=\"https:\/\/tvnovelas.com.br\/novelas\/\" rel=\"noopener\" target=\"_blank\"><strong>Todos os resumos de novelas<\/strong><\/a><\/br>\r\n<a href=\"https:\/\/www.tvnovelas.com.br\/tvnews\/\" rel=\"noopener\" target=\"_blank\"><strong>\u00daltimas not\u00edcias das novelas<\/strong><\/a><\/br>\r\n<a href=\"https:\/\/www.tvnovelas.com.br\/filmes\/\" target=\"_blank\" rel=\"noopener noreferrer\"><strong>Programa\u00e7\u00e3o de filmes na TV aberta<\/strong><\/a><\/br>\r\n<a href=\"https:\/\/caetenews.com.br\/semana\/filmes-da-globo-na-sessao-da-tarde-desta-semana\/\" target=\"_blank\" rel=\"noopener\"><strong>Confira os filmes da semana na Sess\u00e3o da Tarde<\/strong><\/a><\/br>\r\n<a href=\"https:\/\/classindportal.mj.gov.br\/consulta-filmes\" target=\"_blank\" rel=\"noopener\"><strong>Consulte a classifica\u00e7\u00e3o indicativa dos filmes e novelas<\/strong><\/a><\/br><\/div>\n","protected":false},"excerpt":{"rendered":"<p>Dona de Mim: Jaques dep\u00f5e e acusa Vanderson de matar Abel&#8230;  Em Dona de Mim, Jaques (Marcello Novaes) ser\u00e1 convocado a depor sobre a morte&#8230;<\/p>\n","protected":false},"author":1,"featured_media":81478,"comment_status":"closed","ping_status":"closed","sticky":false,"template":"","format":"standard","meta":{"_uf_show_specific_survey":0,"_uf_disable_surveys":false,"_jetpack_memberships_contains_paid_content":false,"footnotes":"","_wp_rev_ctl_limit":""},"categories":[884],"tags":[883,5],"class_list":["post-81477","post","type-post","status-publish","format-standard","has-post-thumbnail","hentry","category-dona-de-mim","tag-dona-de-mim","tag-globo","wpcat-884-id"],"aioseo_notices":[],"jetpack_featured_media_url":"https:\/\/i0.wp.com\/www.tvnovelas.com.br\/tvnews\/wp-content\/uploads\/2025\/08\/11894.jpg?fit=726%2C410&ssl=1","jetpack_shortlink":"https:\/\/wp.me\/pdP2BO-lc9","jetpack_sharing_enabled":true,"_links":{"self":[{"href":"https:\/\/www.tvnovelas.com.br\/tvnews\/wp-json\/wp\/v2\/posts\/81477","targetHints":{"allow":["GET"]}}],"collection":[{"href":"https:\/\/www.tvnovelas.com.br\/tvnews\/wp-json\/wp\/v2\/posts"}],"about":[{"href":"https:\/\/www.tvnovelas.com.br\/tvnews\/wp-json\/wp\/v2\/types\/post"}],"author":[{"embeddable":true,"href":"https:\/\/www.tvnovelas.com.br\/tvnews\/wp-json\/wp\/v2\/users\/1"}],"replies":[{"embeddable":true,"href":"https:\/\/www.tvnovelas.com.br\/tvnews\/wp-json\/wp\/v2\/comments?post=81477"}],"version-history":[{"count":1,"href":"https:\/\/www.tvnovelas.com.br\/tvnews\/wp-json\/wp\/v2\/posts\/81477\/revisions"}],"predecessor-version":[{"id":81479,"href":"https:\/\/www.tvnovelas.com.br\/tvnews\/wp-json\/wp\/v2\/posts\/81477\/revisions\/81479"}],"wp:featuredmedia":[{"embeddable":true,"href":"https:\/\/www.tvnovelas.com.br\/tvnews\/wp-json\/wp\/v2\/media\/81478"}],"wp:attachment":[{"href":"https:\/\/www.tvnovelas.com.br\/tvnews\/wp-json\/wp\/v2\/media?parent=81477"}],"wp:term":[{"taxonomy":"category","embeddable":true,"href":"https:\/\/www.tvnovelas.com.br\/tvnews\/wp-json\/wp\/v2\/categories?post=81477"},{"taxonomy":"post_tag","embeddable":true,"href":"https:\/\/www.tvnovelas.com.br\/tvnews\/wp-json\/wp\/v2\/tags?post=81477"}],"curies":[{"name":"wp","href":"https:\/\/api.w.org\/{rel}","templated":true}]}}