{"id":81484,"date":"2025-08-29T14:54:11","date_gmt":"2025-08-29T17:54:11","guid":{"rendered":"https:\/\/www.tvnovelas.com.br\/tvnews\/?p=81484"},"modified":"2025-08-30T17:06:36","modified_gmt":"2025-08-30T20:06:36","slug":"a-escrava-isaura-retorna-segunda-na-tarde-da-record","status":"publish","type":"post","link":"https:\/\/www.tvnovelas.com.br\/tvnews\/a-escrava-isaura-retorna-segunda-na-tarde-da-record\/","title":{"rendered":"A Escrava Isaura retorna segunda na tarde da Record"},"content":{"rendered":"<figure id=\"attachment_81485\" aria-describedby=\"caption-attachment-81485\" style=\"width: 726px\" class=\"wp-caption alignnone\"><img data-recalc-dims=\"1\" decoding=\"async\" class=\"wp-image-81485 size-full\" title=\"(Foto: Record\/A Escrava Isaura)\" src=\"https:\/\/i0.wp.com\/www.tvnovelas.com.br\/tvnews\/wp-content\/uploads\/2025\/08\/11895.jpg?resize=726%2C410&#038;ssl=1\" alt=\"Foto de A Escrava Isaura retorna segunda na tarde da Record\" width=\"726\" height=\"410\" srcset=\"https:\/\/i0.wp.com\/www.tvnovelas.com.br\/tvnews\/wp-content\/uploads\/2025\/08\/11895.jpg?w=726&amp;ssl=1 726w, https:\/\/i0.wp.com\/www.tvnovelas.com.br\/tvnews\/wp-content\/uploads\/2025\/08\/11895.jpg?resize=250%2C141&amp;ssl=1 250w\" sizes=\"(max-width: 726px) 100vw, 726px\" \/><figcaption id=\"caption-attachment-81485\" class=\"wp-caption-text\">A Escrava Isaura retorna segunda na tarde da Record<\/figcaption><\/figure>\n<p>A novela A Escrava Isaura retorna a partir desta segunda-feira (1\u00b0\/09), na tarde da Record (15h30) em substitui\u00e7\u00e3o a O Rico e L\u00e1zaro, em vers\u00e3o <em>remasterizada<\/em> (<a href=\"https:\/\/caetenews.com.br\/oquequee\/o-que-e-filme-remasterizado\/\" rel=\"noopener\" target=\"_blank\">que bicho \u00e9 esse?<\/a>).<\/p>\n<p>Adapta\u00e7\u00e3o do romance de Bernardo Guimar\u00e3es, escrito h\u00e1 150 anos, a novela conta a saga de Isaura (Bianca Rinaldi), que nasce em 1835, na fazenda do Comendador Almeida (Rubens de Falco), em Campos dos Goytacazes (RJ).<\/p>\n<p>Isaura \u00e9 filha da bela Juliana (Valqu\u00edria Ribeiro), escrava de Almeida, e do feitor da fazenda, Miguel (Jackson Antunes). Juliana morre pouco depois do parto, e Isaura \u00e9 criada e educada por Gertrudes (Norma Blum), esposa do Comendador, que sempre quis ter uma filha. Apesar da excelente educa\u00e7\u00e3o, e da pele clara, Isaura n\u00e3o deixa de ser cativa do fazendeiro, j\u00e1 que \u00e9 filha de uma escrava de sua propriedade.<\/p>\n<p>Depois de contar a hist\u00f3ria de amor entre Juliana e o feitor Miguel, e o nascimento da filha dos dois, a trama avan\u00e7a para 1854, quando Isaura j\u00e1 \u00e9 uma bela jovem de 19 anos. Mas tudo se complica na vida dela quando Le\u00f4ncio (Leopoldo Pacheco), filho do Comendador, retorna \u00e0 fazenda e se apaixona loucamente pela linda escravinha.<\/p>\n<p>Por interesses financeiros, Le\u00f4ncio \u00e9 obrigado a se casar com Malvina (Maria Ribeiro), filha do rico Coronel Sebasti\u00e3o (Paulo Figueiredo). Ainda assim, ele tenta seduzir Isaura, e a quer como sua amante. Contudo, todas as tentativas e propostas de Le\u00f4ncio s\u00e3o sempre recha\u00e7adas pela virtuosa Isaura.<\/p>\n<p>Gertrudes sonha dar a liberdade \u00e0 sua querida Isaura, mas morre antes de conseguir realizar este objetivo. Pouco depois, o Comendador Almeida tamb\u00e9m falece, e Le\u00f4ncio queima o testamento em que o pai deixava a alforria para Isaura e, com isso, torna-se o dono da escrava.<br \/>\n<a href=\"https:\/\/tvnovelas.com.br\/novelas\/resumos-da-novela-a-escrava-isaura\/\" rel=\"noopener\" target=\"_blank\">Confira os resumos dos cap\u00edtulos da semana de estreia<\/a>.<\/p>\n<h2>Saiba mais<\/h2>\n<p><a href=\"https:\/\/wp.me\/pfspD2-Jf\" target=\"_blank\" rel=\"noopener\">Escrava Isaura: o sonho da liberdade<\/a><br \/>\n<!--FIM--><\/p>\n<div style=\"font-size: 120%;\"><h3>Confira tamb\u00e9m<\/h3>\r\n<a href=\"https:\/\/tvnovelas.com.br\/novelas\/\" rel=\"noopener\" target=\"_blank\"><strong>Todos os resumos de novelas<\/strong><\/a><\/br>\r\n<a href=\"https:\/\/www.tvnovelas.com.br\/tvnews\/\" rel=\"noopener\" target=\"_blank\"><strong>\u00daltimas not\u00edcias das novelas<\/strong><\/a><\/br>\r\n<a href=\"https:\/\/www.tvnovelas.com.br\/filmes\/\" target=\"_blank\" rel=\"noopener noreferrer\"><strong>Programa\u00e7\u00e3o de filmes na TV aberta<\/strong><\/a><\/br>\r\n<a href=\"https:\/\/caetenews.com.br\/semana\/filmes-da-globo-na-sessao-da-tarde-desta-semana\/\" target=\"_blank\" rel=\"noopener\"><strong>Confira os filmes da semana na Sess\u00e3o da Tarde<\/strong><\/a><\/br>\r\n<a href=\"https:\/\/classindportal.mj.gov.br\/consulta-filmes\" target=\"_blank\" rel=\"noopener\"><strong>Consulte a classifica\u00e7\u00e3o indicativa dos filmes e novelas<\/strong><\/a><\/br><\/div>\n","protected":false},"excerpt":{"rendered":"<p>A Escrava Isaura retorna segunda na tarde da Record&#8230;<\/p>\n","protected":false},"author":1,"featured_media":81485,"comment_status":"closed","ping_status":"closed","sticky":false,"template":"","format":"standard","meta":{"_uf_show_specific_survey":0,"_uf_disable_surveys":false,"_jetpack_memberships_contains_paid_content":false,"footnotes":"","_wp_rev_ctl_limit":""},"categories":[984],"tags":[985,64,14],"class_list":["post-81484","post","type-post","status-publish","format-standard","has-post-thumbnail","hentry","category-a-escrava-isaura","tag-a-escrava-isaura","tag-novelas","tag-record","wpcat-984-id"],"aioseo_notices":[],"jetpack_featured_media_url":"https:\/\/i0.wp.com\/www.tvnovelas.com.br\/tvnews\/wp-content\/uploads\/2025\/08\/11895.jpg?fit=726%2C410&ssl=1","jetpack_shortlink":"https:\/\/wp.me\/pdP2BO-lcg","jetpack_sharing_enabled":true,"_links":{"self":[{"href":"https:\/\/www.tvnovelas.com.br\/tvnews\/wp-json\/wp\/v2\/posts\/81484","targetHints":{"allow":["GET"]}}],"collection":[{"href":"https:\/\/www.tvnovelas.com.br\/tvnews\/wp-json\/wp\/v2\/posts"}],"about":[{"href":"https:\/\/www.tvnovelas.com.br\/tvnews\/wp-json\/wp\/v2\/types\/post"}],"author":[{"embeddable":true,"href":"https:\/\/www.tvnovelas.com.br\/tvnews\/wp-json\/wp\/v2\/users\/1"}],"replies":[{"embeddable":true,"href":"https:\/\/www.tvnovelas.com.br\/tvnews\/wp-json\/wp\/v2\/comments?post=81484"}],"version-history":[{"count":5,"href":"https:\/\/www.tvnovelas.com.br\/tvnews\/wp-json\/wp\/v2\/posts\/81484\/revisions"}],"predecessor-version":[{"id":81561,"href":"https:\/\/www.tvnovelas.com.br\/tvnews\/wp-json\/wp\/v2\/posts\/81484\/revisions\/81561"}],"wp:featuredmedia":[{"embeddable":true,"href":"https:\/\/www.tvnovelas.com.br\/tvnews\/wp-json\/wp\/v2\/media\/81485"}],"wp:attachment":[{"href":"https:\/\/www.tvnovelas.com.br\/tvnews\/wp-json\/wp\/v2\/media?parent=81484"}],"wp:term":[{"taxonomy":"category","embeddable":true,"href":"https:\/\/www.tvnovelas.com.br\/tvnews\/wp-json\/wp\/v2\/categories?post=81484"},{"taxonomy":"post_tag","embeddable":true,"href":"https:\/\/www.tvnovelas.com.br\/tvnews\/wp-json\/wp\/v2\/tags?post=81484"}],"curies":[{"name":"wp","href":"https:\/\/api.w.org\/{rel}","templated":true}]}}