{"id":81538,"date":"2025-08-30T08:14:52","date_gmt":"2025-08-30T11:14:52","guid":{"rendered":"https:\/\/www.tvnovelas.com.br\/tvnews\/?p=81538"},"modified":"2025-08-30T08:14:52","modified_gmt":"2025-08-30T11:14:52","slug":"eta-mundo-melhor-estela-perdoa-celso-e-eles-se-beijam","status":"publish","type":"post","link":"https:\/\/www.tvnovelas.com.br\/tvnews\/eta-mundo-melhor-estela-perdoa-celso-e-eles-se-beijam\/","title":{"rendered":"\u00cata Mundo Melhor!: Estela perdoa Celso e eles se beijam"},"content":{"rendered":"<figure id=\"attachment_81539\" aria-describedby=\"caption-attachment-81539\" style=\"width: 726px\" class=\"wp-caption alignnone\"><img data-recalc-dims=\"1\" decoding=\"async\" class=\"wp-image-81539 size-full\" title=\"(Foto: TV Globo\/\u00cata Mundo Melhor!)\" src=\"https:\/\/i0.wp.com\/www.tvnovelas.com.br\/tvnews\/wp-content\/uploads\/2025\/08\/11903.jpg?resize=726%2C410&#038;ssl=1\" alt=\"Foto em \u00cata Mundo Melhor!: Estela perdoa Celso e eles se beijam\" width=\"726\" height=\"410\" srcset=\"https:\/\/i0.wp.com\/www.tvnovelas.com.br\/tvnews\/wp-content\/uploads\/2025\/08\/11903.jpg?w=726&amp;ssl=1 726w, https:\/\/i0.wp.com\/www.tvnovelas.com.br\/tvnews\/wp-content\/uploads\/2025\/08\/11903.jpg?resize=250%2C141&amp;ssl=1 250w\" sizes=\"(max-width: 726px) 100vw, 726px\" \/><figcaption id=\"caption-attachment-81539\" class=\"wp-caption-text\">\u00cata Mundo Melhor!: Estela perdoa Celso e eles se beijam<\/figcaption><\/figure>\n<p>Em \u00cata Mundo Melhor!: Estela (Larissa Manoela) est\u00e1 muito decepcionada com Celso (Rainer Cadete) por ele ter reagido mal ao seu segredo do passado: que ela j\u00e1 morou com outro homem. Depois dessa decep\u00e7\u00e3o, ela rompeu com o amado e n\u00e3o aceitou seu pedido de perd\u00e3o. Quem ficou arrasada com essa hist\u00f3ria foi Anabela (Isabelly Carvalho), que fugiu por que sentiu saudades do namorado da irm\u00e3.<\/p>\n<p>Celso e Estela ficar\u00e3o aliviados por causa do reencontro com Anabela. Depois do susto, a enfermeira conta para ele o que levou a menina a procur\u00e1-lo \u00e0s escondidas.<\/p>\n<p>&#8220;Anabela adora voc\u00ea. [&#8230;] A verdade \u00e9 que ela n\u00e3o se conforma com nosso rompimento.&#8221;<\/p>\n<p>&#8220;Nem eu. Eu te amo, Estela! N\u00e3o faz sentido ficarmos separados. \u00c9 loucura jogar fora um amor t\u00e3o grande por causa de um \u00fanico erro. Me perdoa e prometo que n\u00e3o vai se arrepender! S\u00f3 me d\u00e1 mais uma chance!&#8221;, pede Celso.<\/p>\n<p>Os dois embarcam no clima e trocam um beij\u00e3o de tirar o f\u00f4lego. Depois, ele tenta fazer um novo pedido para reatar:<\/p>\n<p>&#8220;S\u00f3 me de mais uma chance para eu te fazer feliz! Quero construir uma fam\u00edlia com voc\u00eas, ficar bem velhinho do seu lado! Me diga que&#8230;&#8221;<\/p>\n<p>Estela o interrompe com um novo beijo e diz:<\/p>\n<p>&#8220;Eu volto! Tudo que eu mais quero \u00e9 ser feliz e fazer Anabela feliz! Vamos ser uma fam\u00edlia!&#8221;<br \/>\n]<br \/>\n&#8220;Eu te amo tanto! Prometo que nunca mais vou te decepcionar!&#8221;, garante Celso.<br \/>\n<!--FIM--><\/p>\n<h2>Sobre a novela:<\/h2>\n<p><a href=\"https:\/\/tvnovelas.com.br\/page2\/arquivo\/eta-mundo-melhor-a-volta-de-candinho-e-policarpo\/&quot;\" target=\"_blank\" rel=\"noopener\">\u00cata Mundo Melhor!: A volta de Candinho e Policarpo<\/a> (Sinopse)<br \/>\n<a href=\"https:\/\/pt.wikipedia.org\/wiki\/%C3%8Ata_Mundo_Melhor!\" target=\"_blank\" rel=\"noopener\">Sobre \u00cata Mundo Melhor!, na Wikipedia<\/a><\/p>\n<div style=\"font-size: 120%;\"><h3>Confira tamb\u00e9m<\/h3>\r\n<a href=\"https:\/\/tvnovelas.com.br\/novelas\/\" rel=\"noopener\" target=\"_blank\"><strong>Todos os resumos de novelas<\/strong><\/a><\/br>\r\n<a href=\"https:\/\/www.tvnovelas.com.br\/tvnews\/\" rel=\"noopener\" target=\"_blank\"><strong>\u00daltimas not\u00edcias das novelas<\/strong><\/a><\/br>\r\n<a href=\"https:\/\/www.tvnovelas.com.br\/filmes\/\" target=\"_blank\" rel=\"noopener noreferrer\"><strong>Programa\u00e7\u00e3o de filmes na TV aberta<\/strong><\/a><\/br>\r\n<a href=\"https:\/\/caetenews.com.br\/semana\/filmes-da-globo-na-sessao-da-tarde-desta-semana\/\" target=\"_blank\" rel=\"noopener\"><strong>Confira os filmes da semana na Sess\u00e3o da Tarde<\/strong><\/a><\/br>\r\n<a href=\"https:\/\/classindportal.mj.gov.br\/consulta-filmes\" target=\"_blank\" rel=\"noopener\"><strong>Consulte a classifica\u00e7\u00e3o indicativa dos filmes e novelas<\/strong><\/a><\/br><\/div>\n","protected":false},"excerpt":{"rendered":"<p>\u00cata Mundo Melhor!: Estela perdoa Celso e eles se beijam&#8230;. Em \u00cata Mundo Melhor!: Estela (Larissa Manoela) est\u00e1 muito decepcionada com Celso&#8230;<\/p>\n","protected":false},"author":1,"featured_media":81539,"comment_status":"closed","ping_status":"closed","sticky":false,"template":"","format":"standard","meta":{"_uf_show_specific_survey":0,"_uf_disable_surveys":false,"_jetpack_memberships_contains_paid_content":false,"footnotes":"","_wp_rev_ctl_limit":""},"categories":[920],"tags":[921,5,64],"class_list":["post-81538","post","type-post","status-publish","format-standard","has-post-thumbnail","hentry","category-eta-mundo-melhor","tag-eta-mundo-melhor","tag-globo","tag-novelas","wpcat-920-id"],"aioseo_notices":[],"jetpack_featured_media_url":"https:\/\/i0.wp.com\/www.tvnovelas.com.br\/tvnews\/wp-content\/uploads\/2025\/08\/11903.jpg?fit=726%2C410&ssl=1","jetpack_shortlink":"https:\/\/wp.me\/pdP2BO-ld8","jetpack_sharing_enabled":true,"_links":{"self":[{"href":"https:\/\/www.tvnovelas.com.br\/tvnews\/wp-json\/wp\/v2\/posts\/81538","targetHints":{"allow":["GET"]}}],"collection":[{"href":"https:\/\/www.tvnovelas.com.br\/tvnews\/wp-json\/wp\/v2\/posts"}],"about":[{"href":"https:\/\/www.tvnovelas.com.br\/tvnews\/wp-json\/wp\/v2\/types\/post"}],"author":[{"embeddable":true,"href":"https:\/\/www.tvnovelas.com.br\/tvnews\/wp-json\/wp\/v2\/users\/1"}],"replies":[{"embeddable":true,"href":"https:\/\/www.tvnovelas.com.br\/tvnews\/wp-json\/wp\/v2\/comments?post=81538"}],"version-history":[{"count":1,"href":"https:\/\/www.tvnovelas.com.br\/tvnews\/wp-json\/wp\/v2\/posts\/81538\/revisions"}],"predecessor-version":[{"id":81540,"href":"https:\/\/www.tvnovelas.com.br\/tvnews\/wp-json\/wp\/v2\/posts\/81538\/revisions\/81540"}],"wp:featuredmedia":[{"embeddable":true,"href":"https:\/\/www.tvnovelas.com.br\/tvnews\/wp-json\/wp\/v2\/media\/81539"}],"wp:attachment":[{"href":"https:\/\/www.tvnovelas.com.br\/tvnews\/wp-json\/wp\/v2\/media?parent=81538"}],"wp:term":[{"taxonomy":"category","embeddable":true,"href":"https:\/\/www.tvnovelas.com.br\/tvnews\/wp-json\/wp\/v2\/categories?post=81538"},{"taxonomy":"post_tag","embeddable":true,"href":"https:\/\/www.tvnovelas.com.br\/tvnews\/wp-json\/wp\/v2\/tags?post=81538"}],"curies":[{"name":"wp","href":"https:\/\/api.w.org\/{rel}","templated":true}]}}