{"id":81542,"date":"2025-08-30T08:34:54","date_gmt":"2025-08-30T11:34:54","guid":{"rendered":"https:\/\/www.tvnovelas.com.br\/tvnews\/?p=81542"},"modified":"2025-08-30T08:34:54","modified_gmt":"2025-08-30T11:34:54","slug":"dona-de-mim-davi-fica-em-choque-ao-descobrir-caso-de-jaques-com-a-mae","status":"publish","type":"post","link":"https:\/\/www.tvnovelas.com.br\/tvnews\/dona-de-mim-davi-fica-em-choque-ao-descobrir-caso-de-jaques-com-a-mae\/","title":{"rendered":"Dona de Mim: Davi fica em choque ao descobrir caso de Jaques com a m\u00e3e"},"content":{"rendered":"<figure id=\"attachment_81543\" aria-describedby=\"caption-attachment-81543\" style=\"width: 727px\" class=\"wp-caption alignnone\"><img data-recalc-dims=\"1\" decoding=\"async\" class=\"wp-image-81543 size-full\" title=\"(Foto: TV Globo\/Dona de Mim)\" src=\"https:\/\/i0.wp.com\/www.tvnovelas.com.br\/tvnews\/wp-content\/uploads\/2025\/08\/11904.jpg?resize=727%2C410&#038;ssl=1\" alt=\"Foto em Dona de Mim: Davi fica em choque ao descobrir caso de Jaques com a m\u00e3e\" width=\"727\" height=\"410\" srcset=\"https:\/\/i0.wp.com\/www.tvnovelas.com.br\/tvnews\/wp-content\/uploads\/2025\/08\/11904.jpg?w=727&amp;ssl=1 727w, https:\/\/i0.wp.com\/www.tvnovelas.com.br\/tvnews\/wp-content\/uploads\/2025\/08\/11904.jpg?resize=250%2C141&amp;ssl=1 250w\" sizes=\"(max-width: 727px) 100vw, 727px\" \/><figcaption id=\"caption-attachment-81543\" class=\"wp-caption-text\">Dona de Mim: Davi fica em choque ao descobrir caso de Jaques com a m\u00e3e<\/figcaption><\/figure>\n<p>Em Dona de Mim, Davi (Rafael Vitti) e Jaques (Marcello Novaes) est\u00e3o cada vez mais pr\u00f3ximos. E o rapaz vai ficar chocado ao fazer uma descoberta. Davi vai ficar sabendo que o tio teve um caso com sua m\u00e3e, Ol\u00edvia, no passado, enquanto ela j\u00e1 namorava o pai, Abel (Tony Ramos).<\/p>\n<p>Jaques e Davi estar\u00e3o bebendo juntos na mans\u00e3o, quando v\u00e3o colocar para tocar uma fita antiga com a m\u00fasica em que Jaques fez com Ol\u00edvia. Depois da m\u00fasica cantada por Jaques jovem, ser\u00e1 ouvida a voz de Ol\u00edvia.<\/p>\n<p>\u201cFicou linda! Amei nossa m\u00fasica. A primeira parceria e nosso \u00fanico e \u00faltimo beijo\u201d, diz ela.<\/p>\n<p>Davi ficar\u00e1 chocado com a revela\u00e7\u00e3o.<\/p>\n<p>\u201cBeijo? Voc\u00ea beijou a minha m\u00e3e?!\u201d<\/p>\n<p>Jaques ser\u00e1 pego de surpresa, mas confirmar\u00e1 a informa\u00e7\u00e3o.<\/p>\n<p>\u201cBeijei! Mas foi s\u00f3 aquela vez\u201d, afirma ele.<\/p>\n<p>\u201cA minha m\u00e3e!?\u201d, reage Davi.<\/p>\n<p>\u201cTecnicamente, voc\u00ea nem existia. A Ol\u00edvia e o Abel s\u00f3 namoravam. Se voc\u00ea tivesse no meu lugar, Davi! Eu era um moleque de 20 anos, cabe\u00e7a fresca, com sonho de ser m\u00fasico! E ela era uma mulher extraordin\u00e1ria. Um pouco mais velha que eu, mais interessante tamb\u00e9m. Ela era inteligente, atirada! E apaixonada por seu pai\u201d, revela Jaques.<br \/>\nDavi seguir\u00e1 em choque.<\/p>\n<p>\u201cJ\u00e1 pensou se ela n\u00e3o tivesse ficado com meu pai? Se voc\u00ea e ela&#8230;? Eu nem teria nascido!\u201d<\/p>\n<p>Depois, Davi chegar\u00e1 a uma conclus\u00e3o, mas n\u00e3o obter\u00e1 resposta de Jaques.<\/p>\n<p>\u201cVoc\u00ea est\u00e1 a fim da Filipa. Sempre teve. Voc\u00ea sempre se interessou pelas mulheres do meu pai?\u201d<br \/>\n<!--FIM--><br \/>\n<strong>Sobre a novela<\/strong><br \/>\n<a href=\"https:\/\/wp.me\/pfspD2-UO\" target=\"_blank\" rel=\"noopener\">Dona de Mim: A trama da novela<\/a><br \/>\n<a href=\"https:\/\/wp.me\/pfspD2-UG\" target=\"_blank\" rel=\"noopener\">Dona de Mim: A fam\u00edlia Boaz e seu imp\u00e9rio de lingerie<\/a><\/p>\n<div style=\"font-size: 120%;\"><h3>Confira tamb\u00e9m<\/h3>\r\n<a href=\"https:\/\/tvnovelas.com.br\/novelas\/\" rel=\"noopener\" target=\"_blank\"><strong>Todos os resumos de novelas<\/strong><\/a><\/br>\r\n<a href=\"https:\/\/www.tvnovelas.com.br\/tvnews\/\" rel=\"noopener\" target=\"_blank\"><strong>\u00daltimas not\u00edcias das novelas<\/strong><\/a><\/br>\r\n<a href=\"https:\/\/www.tvnovelas.com.br\/filmes\/\" target=\"_blank\" rel=\"noopener noreferrer\"><strong>Programa\u00e7\u00e3o de filmes na TV aberta<\/strong><\/a><\/br>\r\n<a href=\"https:\/\/caetenews.com.br\/semana\/filmes-da-globo-na-sessao-da-tarde-desta-semana\/\" target=\"_blank\" rel=\"noopener\"><strong>Confira os filmes da semana na Sess\u00e3o da Tarde<\/strong><\/a><\/br>\r\n<a href=\"https:\/\/classindportal.mj.gov.br\/consulta-filmes\" target=\"_blank\" rel=\"noopener\"><strong>Consulte a classifica\u00e7\u00e3o indicativa dos filmes e novelas<\/strong><\/a><\/br><\/div>\n","protected":false},"excerpt":{"rendered":"<p>Dona de Mim: Davi fica em choque ao descobrir caso de Jaques com a m\u00e3e&#8230; Em Dona de Mim, Davi (Rafael Vitti) e Jaques (Marcello Novaes) est\u00e3o cada vez&#8230;<\/p>\n","protected":false},"author":1,"featured_media":81543,"comment_status":"closed","ping_status":"closed","sticky":false,"template":"","format":"standard","meta":{"_uf_show_specific_survey":0,"_uf_disable_surveys":false,"_jetpack_memberships_contains_paid_content":false,"footnotes":"","_wp_rev_ctl_limit":""},"categories":[884],"tags":[883,5,64],"class_list":["post-81542","post","type-post","status-publish","format-standard","has-post-thumbnail","hentry","category-dona-de-mim","tag-dona-de-mim","tag-globo","tag-novelas","wpcat-884-id"],"aioseo_notices":[],"jetpack_featured_media_url":"https:\/\/i0.wp.com\/www.tvnovelas.com.br\/tvnews\/wp-content\/uploads\/2025\/08\/11904.jpg?fit=727%2C410&ssl=1","jetpack_shortlink":"https:\/\/wp.me\/pdP2BO-ldc","jetpack_sharing_enabled":true,"_links":{"self":[{"href":"https:\/\/www.tvnovelas.com.br\/tvnews\/wp-json\/wp\/v2\/posts\/81542","targetHints":{"allow":["GET"]}}],"collection":[{"href":"https:\/\/www.tvnovelas.com.br\/tvnews\/wp-json\/wp\/v2\/posts"}],"about":[{"href":"https:\/\/www.tvnovelas.com.br\/tvnews\/wp-json\/wp\/v2\/types\/post"}],"author":[{"embeddable":true,"href":"https:\/\/www.tvnovelas.com.br\/tvnews\/wp-json\/wp\/v2\/users\/1"}],"replies":[{"embeddable":true,"href":"https:\/\/www.tvnovelas.com.br\/tvnews\/wp-json\/wp\/v2\/comments?post=81542"}],"version-history":[{"count":1,"href":"https:\/\/www.tvnovelas.com.br\/tvnews\/wp-json\/wp\/v2\/posts\/81542\/revisions"}],"predecessor-version":[{"id":81544,"href":"https:\/\/www.tvnovelas.com.br\/tvnews\/wp-json\/wp\/v2\/posts\/81542\/revisions\/81544"}],"wp:featuredmedia":[{"embeddable":true,"href":"https:\/\/www.tvnovelas.com.br\/tvnews\/wp-json\/wp\/v2\/media\/81543"}],"wp:attachment":[{"href":"https:\/\/www.tvnovelas.com.br\/tvnews\/wp-json\/wp\/v2\/media?parent=81542"}],"wp:term":[{"taxonomy":"category","embeddable":true,"href":"https:\/\/www.tvnovelas.com.br\/tvnews\/wp-json\/wp\/v2\/categories?post=81542"},{"taxonomy":"post_tag","embeddable":true,"href":"https:\/\/www.tvnovelas.com.br\/tvnews\/wp-json\/wp\/v2\/tags?post=81542"}],"curies":[{"name":"wp","href":"https:\/\/api.w.org\/{rel}","templated":true}]}}