{"id":81564,"date":"2025-08-31T09:36:50","date_gmt":"2025-08-31T12:36:50","guid":{"rendered":"https:\/\/www.tvnovelas.com.br\/tvnews\/?p=81564"},"modified":"2025-08-31T09:36:50","modified_gmt":"2025-08-31T12:36:50","slug":"eta-mundo-melhor-celso-assusta-zulma-com-decisao-sobre-samir","status":"publish","type":"post","link":"https:\/\/www.tvnovelas.com.br\/tvnews\/eta-mundo-melhor-celso-assusta-zulma-com-decisao-sobre-samir\/","title":{"rendered":"\u00cata Mundo Melhor!: Celso assusta Zulma com decis\u00e3o sobre Samir"},"content":{"rendered":"<figure id=\"attachment_81565\" aria-describedby=\"caption-attachment-81565\" style=\"width: 727px\" class=\"wp-caption alignnone\"><img data-recalc-dims=\"1\" decoding=\"async\" class=\"wp-image-81565 size-full\" title=\"(Foto: TV Globo\/\u00cata Mundo Melhor!)\" src=\"https:\/\/i0.wp.com\/www.tvnovelas.com.br\/tvnews\/wp-content\/uploads\/2025\/08\/11906.jpg?resize=727%2C410&#038;ssl=1\" alt=\"Foto em \u00cata Mundo Melhor!: Celso assusta Zulma com decis\u00e3o sobre Samir\" width=\"727\" height=\"410\" srcset=\"https:\/\/i0.wp.com\/www.tvnovelas.com.br\/tvnews\/wp-content\/uploads\/2025\/08\/11906.jpg?w=727&amp;ssl=1 727w, https:\/\/i0.wp.com\/www.tvnovelas.com.br\/tvnews\/wp-content\/uploads\/2025\/08\/11906.jpg?resize=250%2C141&amp;ssl=1 250w\" sizes=\"(max-width: 727px) 100vw, 727px\" \/><figcaption id=\"caption-attachment-81565\" class=\"wp-caption-text\">\u00cata Mundo Melhor!: Celso assusta Zulma com decis\u00e3o sobre Samir<\/figcaption><\/figure>\n<p>Em \u00cata Mundo Melhor!, Celso (Rainer Cadete) tem planos sobre o futuro de Samir (Davi Malizia) e chama Zulma (Heloisa P\u00e9riss\u00e9) para falar sobre o que pensou. A dona do orfanato vai ficar chocada com o que escuta.<\/p>\n<p>Quando Zulma chega at\u00e9 a mans\u00e3o de Celso, ele vai direto ao ponto:<\/p>\n<p>&#8220;Serei breve e direto. Precisa arranjar pais adotivos para Samir o quanto antes. [..] Candinho est\u00e1 a um passo de descobrir que ele e Samir s\u00e3o pai e filho. Se isso acontecer, ser\u00e1 terr\u00edvel para n\u00f3s dois.&#8221;<\/p>\n<p>Ela n\u00e3o gosta da ideia e explica seu motivo:<\/p>\n<p>&#8220;E n\u00e3o posso ficar sem minha mesada. Samir continua comigo, est\u00e1 decidido.&#8221;<\/p>\n<p>Zulma usa todos os argumentos para convencer Celso de que essa n\u00e3o \u00e9 uma boa ideia, mas ele \u00e9 firme com ela e diz que n\u00e3o vai voltar atr\u00e1s. Ela vai embora da mans\u00e3o, mas antes faz uma amea\u00e7a:<\/p>\n<p>&#8220;Sou \u00f3tima como amiga e melhor ainda como inimiga! Foi dado o recado.&#8221;<br \/>\n<!--FIM--><\/p>\n<h2>Sobre a novela:<\/h2>\n<p><a href=\"https:\/\/tvnovelas.com.br\/page2\/arquivo\/eta-mundo-melhor-a-volta-de-candinho-e-policarpo\/&quot;\" target=\"_blank\" rel=\"noopener\">\u00cata Mundo Melhor!: A volta de Candinho e Policarpo<\/a> (Sinopse)<br \/>\n<a href=\"https:\/\/pt.wikipedia.org\/wiki\/%C3%8Ata_Mundo_Melhor!\" target=\"_blank\" rel=\"noopener\">Sobre \u00cata Mundo Melhor!, na Wikipedia<\/a><\/p>\n<div style=\"font-size: 120%;\"><h3>Confira tamb\u00e9m<\/h3>\r\n<a href=\"https:\/\/tvnovelas.com.br\/novelas\/\" rel=\"noopener\" target=\"_blank\"><strong>Todos os resumos de novelas<\/strong><\/a><\/br>\r\n<a href=\"https:\/\/www.tvnovelas.com.br\/tvnews\/\" rel=\"noopener\" target=\"_blank\"><strong>\u00daltimas not\u00edcias das novelas<\/strong><\/a><\/br>\r\n<a href=\"https:\/\/www.tvnovelas.com.br\/filmes\/\" target=\"_blank\" rel=\"noopener noreferrer\"><strong>Programa\u00e7\u00e3o de filmes na TV aberta<\/strong><\/a><\/br>\r\n<a href=\"https:\/\/caetenews.com.br\/semana\/filmes-da-globo-na-sessao-da-tarde-desta-semana\/\" target=\"_blank\" rel=\"noopener\"><strong>Confira os filmes da semana na Sess\u00e3o da Tarde<\/strong><\/a><\/br>\r\n<a href=\"https:\/\/classindportal.mj.gov.br\/consulta-filmes\" target=\"_blank\" rel=\"noopener\"><strong>Consulte a classifica\u00e7\u00e3o indicativa dos filmes e novelas<\/strong><\/a><\/br><\/div>\n","protected":false},"excerpt":{"rendered":"<p>\u00cata Mundo Melhor!: Celso assusta Zulma com decis\u00e3o sobre Samir&#8230; Em \u00cata Mundo Melhor!, Celso (Rainer Cadete) tem planos sobre o futuro de Samir&#8230;<\/p>\n","protected":false},"author":1,"featured_media":81565,"comment_status":"closed","ping_status":"closed","sticky":false,"template":"","format":"standard","meta":{"_uf_show_specific_survey":0,"_uf_disable_surveys":false,"_jetpack_memberships_contains_paid_content":false,"footnotes":"","_wp_rev_ctl_limit":""},"categories":[920],"tags":[921,5,64],"class_list":["post-81564","post","type-post","status-publish","format-standard","has-post-thumbnail","hentry","category-eta-mundo-melhor","tag-eta-mundo-melhor","tag-globo","tag-novelas","wpcat-920-id"],"aioseo_notices":[],"jetpack_featured_media_url":"https:\/\/i0.wp.com\/www.tvnovelas.com.br\/tvnews\/wp-content\/uploads\/2025\/08\/11906.jpg?fit=727%2C410&ssl=1","jetpack_shortlink":"https:\/\/wp.me\/pdP2BO-ldy","jetpack_sharing_enabled":true,"_links":{"self":[{"href":"https:\/\/www.tvnovelas.com.br\/tvnews\/wp-json\/wp\/v2\/posts\/81564","targetHints":{"allow":["GET"]}}],"collection":[{"href":"https:\/\/www.tvnovelas.com.br\/tvnews\/wp-json\/wp\/v2\/posts"}],"about":[{"href":"https:\/\/www.tvnovelas.com.br\/tvnews\/wp-json\/wp\/v2\/types\/post"}],"author":[{"embeddable":true,"href":"https:\/\/www.tvnovelas.com.br\/tvnews\/wp-json\/wp\/v2\/users\/1"}],"replies":[{"embeddable":true,"href":"https:\/\/www.tvnovelas.com.br\/tvnews\/wp-json\/wp\/v2\/comments?post=81564"}],"version-history":[{"count":1,"href":"https:\/\/www.tvnovelas.com.br\/tvnews\/wp-json\/wp\/v2\/posts\/81564\/revisions"}],"predecessor-version":[{"id":81566,"href":"https:\/\/www.tvnovelas.com.br\/tvnews\/wp-json\/wp\/v2\/posts\/81564\/revisions\/81566"}],"wp:featuredmedia":[{"embeddable":true,"href":"https:\/\/www.tvnovelas.com.br\/tvnews\/wp-json\/wp\/v2\/media\/81565"}],"wp:attachment":[{"href":"https:\/\/www.tvnovelas.com.br\/tvnews\/wp-json\/wp\/v2\/media?parent=81564"}],"wp:term":[{"taxonomy":"category","embeddable":true,"href":"https:\/\/www.tvnovelas.com.br\/tvnews\/wp-json\/wp\/v2\/categories?post=81564"},{"taxonomy":"post_tag","embeddable":true,"href":"https:\/\/www.tvnovelas.com.br\/tvnews\/wp-json\/wp\/v2\/tags?post=81564"}],"curies":[{"name":"wp","href":"https:\/\/api.w.org\/{rel}","templated":true}]}}