{"id":81568,"date":"2025-08-31T09:52:37","date_gmt":"2025-08-31T12:52:37","guid":{"rendered":"https:\/\/www.tvnovelas.com.br\/tvnews\/?p=81568"},"modified":"2025-08-31T09:52:37","modified_gmt":"2025-08-31T12:52:37","slug":"dona-de-mim-jaques-contrata-uma-nova-baba-para-sofia","status":"publish","type":"post","link":"https:\/\/www.tvnovelas.com.br\/tvnews\/dona-de-mim-jaques-contrata-uma-nova-baba-para-sofia\/","title":{"rendered":"Dona de Mim: Jaques contrata uma nova bab\u00e1 para Sofia"},"content":{"rendered":"<figure id=\"attachment_81569\" aria-describedby=\"caption-attachment-81569\" style=\"width: 727px\" class=\"wp-caption alignnone\"><img data-recalc-dims=\"1\" decoding=\"async\" class=\"wp-image-81569 size-full\" title=\"(Foto: TV Globo\/Dona de Mim)\" src=\"https:\/\/i0.wp.com\/www.tvnovelas.com.br\/tvnews\/wp-content\/uploads\/2025\/08\/11907.jpg?resize=727%2C410&#038;ssl=1\" alt=\"Foto em Dona de Mim: Jaques contrata uma nova bab\u00e1 para Sofia\" width=\"727\" height=\"410\" srcset=\"https:\/\/i0.wp.com\/www.tvnovelas.com.br\/tvnews\/wp-content\/uploads\/2025\/08\/11907.jpg?w=727&amp;ssl=1 727w, https:\/\/i0.wp.com\/www.tvnovelas.com.br\/tvnews\/wp-content\/uploads\/2025\/08\/11907.jpg?resize=250%2C141&amp;ssl=1 250w\" sizes=\"(max-width: 727px) 100vw, 727px\" \/><figcaption id=\"caption-attachment-81569\" class=\"wp-caption-text\">Dona de Mim: Jaques contrata uma nova bab\u00e1 para Sofia<\/figcaption><\/figure>\n<p>Em Dona de Mim, Jaques (Marcello Novaes) mandou Leo (Clara Moneke) embora e, nos pr\u00f3ximos cap\u00edtulos de Dona de Mim vai contratar uma nova bab\u00e1 para Sofia (Elis Cabral). Na verdade, ser\u00e1 uma velha conhecida, Gerusa (Dida Camero), a Senhora Bab\u00e1, que voltar\u00e1 repaginada.<\/p>\n<p>A primeira pessoa a se assustar com a presen\u00e7a de Gerusa na mans\u00e3o ser\u00e1 Davi (Rafael Vitti), que j\u00e1 passou mal bocados nas m\u00e3os dela.<\/p>\n<p>\u201cN\u00e3o! Voc\u00ea n\u00e3o!\u201d, grita Davi.<\/p>\n<p>Mas Denise (Cris Larin) garantir\u00e1 que a Senhora bab\u00e1 est\u00e1 diferente.<\/p>\n<p>\u201cEla est\u00e1 diferente. Eu fiz minha pesquisa\u201d, diz a governanta.<\/p>\n<p>Gerusa, ent\u00e3o, se apresentar\u00e1 e contar\u00e1 o que aconteceu depois que foi processada pelos Boaz por expor Sofia nas redes sociais.<\/p>\n<p>\u201cGerusa, ao seu dispor, mas pode me chamar Kamalaturi\u201d, diz ela para continuar:<\/p>\n<p>\u201cDepois que fui processada por voc\u00eas, indiciada por maus tratos, denunciada na vara da inf\u00e2ncia, perdi todos os meus clientes, fiquei sem nenhum dinheiro, voltei a morar de favor com a minha m\u00e3e, fui humilhada pelas minhas primas que fizeram concurso p\u00fablico&#8230;\u201d<\/p>\n<p>\u201cEst\u00e1 contratada\u201d, afirma Jaques.<br \/>\n<!--FIM--><br \/>\n<strong>Sobre a novela<\/strong><br \/>\n<a href=\"https:\/\/wp.me\/pfspD2-UO\" target=\"_blank\" rel=\"noopener\">Dona de Mim: A trama da novela<\/a><br \/>\n<a href=\"https:\/\/wp.me\/pfspD2-UG\" target=\"_blank\" rel=\"noopener\">Dona de Mim: A fam\u00edlia Boaz e seu imp\u00e9rio de lingerie<\/a><\/p>\n<div style=\"font-size: 120%;\"><h3>Confira tamb\u00e9m<\/h3>\r\n<a href=\"https:\/\/tvnovelas.com.br\/novelas\/\" rel=\"noopener\" target=\"_blank\"><strong>Todos os resumos de novelas<\/strong><\/a><\/br>\r\n<a href=\"https:\/\/www.tvnovelas.com.br\/tvnews\/\" rel=\"noopener\" target=\"_blank\"><strong>\u00daltimas not\u00edcias das novelas<\/strong><\/a><\/br>\r\n<a href=\"https:\/\/www.tvnovelas.com.br\/filmes\/\" target=\"_blank\" rel=\"noopener noreferrer\"><strong>Programa\u00e7\u00e3o de filmes na TV aberta<\/strong><\/a><\/br>\r\n<a href=\"https:\/\/caetenews.com.br\/semana\/filmes-da-globo-na-sessao-da-tarde-desta-semana\/\" target=\"_blank\" rel=\"noopener\"><strong>Confira os filmes da semana na Sess\u00e3o da Tarde<\/strong><\/a><\/br>\r\n<a href=\"https:\/\/classindportal.mj.gov.br\/consulta-filmes\" target=\"_blank\" rel=\"noopener\"><strong>Consulte a classifica\u00e7\u00e3o indicativa dos filmes e novelas<\/strong><\/a><\/br><\/div>\n","protected":false},"excerpt":{"rendered":"<p>Dona de Mim: Jaques contrata uma nova bab\u00e1 para Sofia&#8230; Em Dona de Mim, Jaques (Marcello Novaes) mandou Leo (Clara Moneke) embora&#8230;<\/p>\n","protected":false},"author":1,"featured_media":81569,"comment_status":"closed","ping_status":"closed","sticky":false,"template":"","format":"standard","meta":{"_uf_show_specific_survey":0,"_uf_disable_surveys":false,"_jetpack_memberships_contains_paid_content":false,"footnotes":"","_wp_rev_ctl_limit":""},"categories":[884],"tags":[898,883,5,64],"class_list":["post-81568","post","type-post","status-publish","format-standard","has-post-thumbnail","hentry","category-dona-de-mim","tag-babas","tag-dona-de-mim","tag-globo","tag-novelas","wpcat-884-id"],"aioseo_notices":[],"jetpack_featured_media_url":"https:\/\/i0.wp.com\/www.tvnovelas.com.br\/tvnews\/wp-content\/uploads\/2025\/08\/11907.jpg?fit=727%2C410&ssl=1","jetpack_shortlink":"https:\/\/wp.me\/pdP2BO-ldC","jetpack_sharing_enabled":true,"_links":{"self":[{"href":"https:\/\/www.tvnovelas.com.br\/tvnews\/wp-json\/wp\/v2\/posts\/81568","targetHints":{"allow":["GET"]}}],"collection":[{"href":"https:\/\/www.tvnovelas.com.br\/tvnews\/wp-json\/wp\/v2\/posts"}],"about":[{"href":"https:\/\/www.tvnovelas.com.br\/tvnews\/wp-json\/wp\/v2\/types\/post"}],"author":[{"embeddable":true,"href":"https:\/\/www.tvnovelas.com.br\/tvnews\/wp-json\/wp\/v2\/users\/1"}],"replies":[{"embeddable":true,"href":"https:\/\/www.tvnovelas.com.br\/tvnews\/wp-json\/wp\/v2\/comments?post=81568"}],"version-history":[{"count":1,"href":"https:\/\/www.tvnovelas.com.br\/tvnews\/wp-json\/wp\/v2\/posts\/81568\/revisions"}],"predecessor-version":[{"id":81571,"href":"https:\/\/www.tvnovelas.com.br\/tvnews\/wp-json\/wp\/v2\/posts\/81568\/revisions\/81571"}],"wp:featuredmedia":[{"embeddable":true,"href":"https:\/\/www.tvnovelas.com.br\/tvnews\/wp-json\/wp\/v2\/media\/81569"}],"wp:attachment":[{"href":"https:\/\/www.tvnovelas.com.br\/tvnews\/wp-json\/wp\/v2\/media?parent=81568"}],"wp:term":[{"taxonomy":"category","embeddable":true,"href":"https:\/\/www.tvnovelas.com.br\/tvnews\/wp-json\/wp\/v2\/categories?post=81568"},{"taxonomy":"post_tag","embeddable":true,"href":"https:\/\/www.tvnovelas.com.br\/tvnews\/wp-json\/wp\/v2\/tags?post=81568"}],"curies":[{"name":"wp","href":"https:\/\/api.w.org\/{rel}","templated":true}]}}