{"id":81580,"date":"2025-08-31T13:30:41","date_gmt":"2025-08-31T16:30:41","guid":{"rendered":"https:\/\/www.tvnovelas.com.br\/tvnews\/?p=81580"},"modified":"2025-08-31T13:30:41","modified_gmt":"2025-08-31T16:30:41","slug":"cafe-com-aroma-de-mulher-lucia-decide-aceitar-o-divorcio","status":"publish","type":"post","link":"https:\/\/www.tvnovelas.com.br\/tvnews\/cafe-com-aroma-de-mulher-lucia-decide-aceitar-o-divorcio\/","title":{"rendered":"Caf\u00e9 Com Aroma de Mulher: L\u00facia decide aceitar o div\u00f3rcio"},"content":{"rendered":"<figure id=\"attachment_81581\" aria-describedby=\"caption-attachment-81581\" style=\"width: 728px\" class=\"wp-caption alignnone\"><img data-recalc-dims=\"1\" decoding=\"async\" class=\"wp-image-81581 size-full\" title=\"(Foto: Band\/Caf\u00e9 Com Aroma de Mulher)\" src=\"https:\/\/i0.wp.com\/www.tvnovelas.com.br\/tvnews\/wp-content\/uploads\/2025\/08\/11910.jpg?resize=728%2C409&#038;ssl=1\" alt=\"Foto em Caf\u00e9 Com Aroma de Mulher: L\u00facia decide aceitar o div\u00f3rcio\" width=\"728\" height=\"409\" srcset=\"https:\/\/i0.wp.com\/www.tvnovelas.com.br\/tvnews\/wp-content\/uploads\/2025\/08\/11910.jpg?w=728&amp;ssl=1 728w, https:\/\/i0.wp.com\/www.tvnovelas.com.br\/tvnews\/wp-content\/uploads\/2025\/08\/11910.jpg?resize=250%2C140&amp;ssl=1 250w\" sizes=\"(max-width: 728px) 100vw, 728px\" \/><figcaption id=\"caption-attachment-81581\" class=\"wp-caption-text\">Caf\u00e9 Com Aroma de Mulher: L\u00facia decide aceitar o div\u00f3rcio<\/figcaption><\/figure>\n<p>No cap\u00edtulo de Caf\u00e9 Com Aroma de Mulher desta segunda, dia 1\u00b0, Luc\u00eda vai ao necrot\u00e9rio e reconhece o corpo do pai. la se dedica aos preparativos do funeral e percebe que n\u00e3o tem dinheiro para cobrir tantas despesas. Desesperada, ela vai at\u00e9 a sede do Caf\u00e9 Elite, acompanhada de Lucrecia, e pede dinheiro emprestado a Bernardo para que ela possa enterrar seu pai adequadamente.<\/p>\n<p>Ap\u00f3s o funeral do pai, Luc\u00eda enfrenta outro epis\u00f3dio dif\u00edcil: o do div\u00f3rcio de Sebasti\u00e3o. nos pap\u00e9is da separa\u00e7\u00e3o fica estipulado que Sebasti\u00e3o ser\u00e1 respons\u00e1vel pelo sustento de Sof\u00eda, mesmo que ela n\u00e3o seja sua filha biol\u00f3gica, e que lhe fornecer\u00e1 tudo o que ela precisar at\u00e9 completar 18 anos.<\/p>\n<p>A princ\u00edpio, Luc\u00eda n\u00e3o est\u00e1 satisfeita com os termos do acordo de div\u00f3rcio mas, ap\u00f3s conversar com Lucrecia, que permanece ao seu lado apesar de tudo, ela decide se separar de Sebasti\u00e3o, para o seu pr\u00f3prio bem e tamb\u00e9m para o da filha, que ser\u00e1 a mais beneficiada com tudo isso.<\/p>\n<p>Confira o resumo do cap\u00edtulo do dia:<\/p>\n<h2 style=\"color: #b9375d;\">Resumo de segunda-feira, 1\u00b0 de setembro<\/h2>\n<p>Marcela passa por um ultrassom para verificar a sa\u00fade do beb\u00ea. Gaivota visita Sebasti\u00e3o e revela que M\u00e1rcia pode ajud\u00e1-lo. Ivan tenta ferir Fernando e \u00e9 flagrado por Julia. L\u00facia reconhece o corpo do pai. Wilson alcan\u00e7a M\u00e1rcia e a trabalhadora rural que estavam escondidas. Carlos M\u00e1rio amea\u00e7a o capataz e a lavradora implora que ele fuja com a amiga.<br \/>\n<!--FIM--><br \/>\n<strong>Sobre a novela<\/strong><br \/>\n<a href=\"https:\/\/wp.me\/pfspD2-UX\" target=\"_blank\" rel=\"noopener\">&#8216;Caf\u00e9 Com Aroma de Mulher&#8217;: Um amor proibido (Sinopse e personagens)<\/a><\/p>\n<div style=\"font-size: 120%;\"><h3>Confira tamb\u00e9m<\/h3>\r\n<a href=\"https:\/\/tvnovelas.com.br\/novelas\/\" rel=\"noopener\" target=\"_blank\"><strong>Todos os resumos de novelas<\/strong><\/a><\/br>\r\n<a href=\"https:\/\/www.tvnovelas.com.br\/tvnews\/\" rel=\"noopener\" target=\"_blank\"><strong>\u00daltimas not\u00edcias das novelas<\/strong><\/a><\/br>\r\n<a href=\"https:\/\/www.tvnovelas.com.br\/filmes\/\" target=\"_blank\" rel=\"noopener noreferrer\"><strong>Programa\u00e7\u00e3o de filmes na TV aberta<\/strong><\/a><\/br>\r\n<a href=\"https:\/\/caetenews.com.br\/semana\/filmes-da-globo-na-sessao-da-tarde-desta-semana\/\" target=\"_blank\" rel=\"noopener\"><strong>Confira os filmes da semana na Sess\u00e3o da Tarde<\/strong><\/a><\/br>\r\n<a href=\"https:\/\/classindportal.mj.gov.br\/consulta-filmes\" target=\"_blank\" rel=\"noopener\"><strong>Consulte a classifica\u00e7\u00e3o indicativa dos filmes e novelas<\/strong><\/a><\/br><\/div>\n","protected":false},"excerpt":{"rendered":"<p>Caf\u00e9 Com Aroma de Mulher: L\u00facia decide aceitar o div\u00f3rcio&#8230; No cap\u00edtulo de Caf\u00e9 Com Aroma de Mulher desta segunda, dia 1\u00b0, Luc\u00eda vai ao necrot\u00e9rio&#8230;<\/p>\n","protected":false},"author":1,"featured_media":81581,"comment_status":"closed","ping_status":"closed","sticky":false,"template":"","format":"standard","meta":{"_uf_show_specific_survey":0,"_uf_disable_surveys":false,"_jetpack_memberships_contains_paid_content":false,"footnotes":"","_wp_rev_ctl_limit":""},"categories":[918],"tags":[43,919,64],"class_list":["post-81580","post","type-post","status-publish","format-standard","has-post-thumbnail","hentry","category-cafe-com-aroma-de-mulher","tag-band","tag-cafe-com-aroma-de-mulher","tag-novelas","wpcat-918-id"],"aioseo_notices":[],"jetpack_featured_media_url":"https:\/\/i0.wp.com\/www.tvnovelas.com.br\/tvnews\/wp-content\/uploads\/2025\/08\/11910.jpg?fit=728%2C409&ssl=1","jetpack_shortlink":"https:\/\/wp.me\/pdP2BO-ldO","jetpack_sharing_enabled":true,"_links":{"self":[{"href":"https:\/\/www.tvnovelas.com.br\/tvnews\/wp-json\/wp\/v2\/posts\/81580","targetHints":{"allow":["GET"]}}],"collection":[{"href":"https:\/\/www.tvnovelas.com.br\/tvnews\/wp-json\/wp\/v2\/posts"}],"about":[{"href":"https:\/\/www.tvnovelas.com.br\/tvnews\/wp-json\/wp\/v2\/types\/post"}],"author":[{"embeddable":true,"href":"https:\/\/www.tvnovelas.com.br\/tvnews\/wp-json\/wp\/v2\/users\/1"}],"replies":[{"embeddable":true,"href":"https:\/\/www.tvnovelas.com.br\/tvnews\/wp-json\/wp\/v2\/comments?post=81580"}],"version-history":[{"count":2,"href":"https:\/\/www.tvnovelas.com.br\/tvnews\/wp-json\/wp\/v2\/posts\/81580\/revisions"}],"predecessor-version":[{"id":81583,"href":"https:\/\/www.tvnovelas.com.br\/tvnews\/wp-json\/wp\/v2\/posts\/81580\/revisions\/81583"}],"wp:featuredmedia":[{"embeddable":true,"href":"https:\/\/www.tvnovelas.com.br\/tvnews\/wp-json\/wp\/v2\/media\/81581"}],"wp:attachment":[{"href":"https:\/\/www.tvnovelas.com.br\/tvnews\/wp-json\/wp\/v2\/media?parent=81580"}],"wp:term":[{"taxonomy":"category","embeddable":true,"href":"https:\/\/www.tvnovelas.com.br\/tvnews\/wp-json\/wp\/v2\/categories?post=81580"},{"taxonomy":"post_tag","embeddable":true,"href":"https:\/\/www.tvnovelas.com.br\/tvnews\/wp-json\/wp\/v2\/tags?post=81580"}],"curies":[{"name":"wp","href":"https:\/\/api.w.org\/{rel}","templated":true}]}}