{"id":81585,"date":"2025-08-31T14:24:51","date_gmt":"2025-08-31T17:24:51","guid":{"rendered":"https:\/\/www.tvnovelas.com.br\/tvnews\/?p=81585"},"modified":"2025-08-31T17:36:56","modified_gmt":"2025-08-31T20:36:56","slug":"as-filhas-da-senhora-garcia-luis-aparece-vivo-e-quer-sua-esposa-de-volta","status":"publish","type":"post","link":"https:\/\/www.tvnovelas.com.br\/tvnews\/as-filhas-da-senhora-garcia-luis-aparece-vivo-e-quer-sua-esposa-de-volta\/","title":{"rendered":"As Filhas da Senhora Garcia: Luis aparece vivo e quer sua esposa de volta"},"content":{"rendered":"<figure id=\"attachment_81586\" aria-describedby=\"caption-attachment-81586\" style=\"width: 726px\" class=\"wp-caption alignnone\"><img data-recalc-dims=\"1\" decoding=\"async\" class=\"wp-image-81586 size-full\" title=\"(Foto: Televisa\/SBT\/As Filhas da Senhora Garcia)\" src=\"https:\/\/i0.wp.com\/www.tvnovelas.com.br\/tvnews\/wp-content\/uploads\/2025\/08\/11911.jpg?resize=726%2C410&#038;ssl=1\" alt=\"Foto em As Filhas da Senhora Garcia: Luis aparece vivo e quer sua esposa de volta\" width=\"726\" height=\"410\" srcset=\"https:\/\/i0.wp.com\/www.tvnovelas.com.br\/tvnews\/wp-content\/uploads\/2025\/08\/11911.jpg?w=726&amp;ssl=1 726w, https:\/\/i0.wp.com\/www.tvnovelas.com.br\/tvnews\/wp-content\/uploads\/2025\/08\/11911.jpg?resize=250%2C141&amp;ssl=1 250w\" sizes=\"(max-width: 726px) 100vw, 726px\" \/><figcaption id=\"caption-attachment-81586\" class=\"wp-caption-text\">As Filhas da Senhora Garcia: Luis aparece vivo e quer sua esposa de volta<\/figcaption><\/figure>\n<p>No cap\u00edtulo de As Filhas da Senhora Garcia desta segunda, dia 1\u00ba, Os irm\u00e3os Portilla, Graciela e H\u00e9ctor est\u00e3o conversando sobre contestar o testamento, particularmente na parte que toca a Mar, quando Lu\u00eds chega vivo, surpreendendo a todos.<\/p>\n<p>Ele conta \u00e0 fam\u00edlia que, na estrada, foi interceptado por alguns ladr\u00f5es, que o despojaram de seus pertences e de sua caminhonete, o agrediram e que um casal que passava o levou ao posto de sa\u00fade do povoado mais pr\u00f3ximo, onde ficou v\u00e1rios dias inconsciente. Ao acordar, emprestaram-lhe dinheiro e ele conseguiu voltar.<\/p>\n<p>Lu\u00eds pergunta por Mar. Ao saber que a expulsaram da mans\u00e3o, Lu\u00eds diz que nem morto eles respeitam sua decis\u00e3o. Lu\u00eds diz a H\u00e9ctor, a seus filhos e a Graciela que deixou instru\u00e7\u00f5es e dinheiro suficiente para cada um, mas que nada \u00e9 suficiente para eles.<\/p>\n<p>Por fim, ele diz a Graciela que vai buscar sua esposa.  <\/p>\n<p><a href=\"https:\/\/www.tvnovelas.com.br\/tvnews\/resumos-de-as-filhas-da-senhora-garcia-dos-dias-de-1-e-02-9\/\" rel=\"noopener\" target=\"_blank\">Leia tamb\u00e9m os resumos de segunda e ter\u00e7a, 1\u00ba e 02 de setembro <\/a><br \/>\n<!--FIM--><\/p>\n<div style=\"font-size: 120%;\"><h3>Confira tamb\u00e9m<\/h3>\r\n<a href=\"https:\/\/tvnovelas.com.br\/novelas\/\" rel=\"noopener\" target=\"_blank\"><strong>Todos os resumos de novelas<\/strong><\/a><\/br>\r\n<a href=\"https:\/\/www.tvnovelas.com.br\/tvnews\/\" rel=\"noopener\" target=\"_blank\"><strong>\u00daltimas not\u00edcias das novelas<\/strong><\/a><\/br>\r\n<a href=\"https:\/\/www.tvnovelas.com.br\/filmes\/\" target=\"_blank\" rel=\"noopener noreferrer\"><strong>Programa\u00e7\u00e3o de filmes na TV aberta<\/strong><\/a><\/br>\r\n<a href=\"https:\/\/caetenews.com.br\/semana\/filmes-da-globo-na-sessao-da-tarde-desta-semana\/\" target=\"_blank\" rel=\"noopener\"><strong>Confira os filmes da semana na Sess\u00e3o da Tarde<\/strong><\/a><\/br>\r\n<a href=\"https:\/\/classindportal.mj.gov.br\/consulta-filmes\" target=\"_blank\" rel=\"noopener\"><strong>Consulte a classifica\u00e7\u00e3o indicativa dos filmes e novelas<\/strong><\/a><\/br><\/div>\n","protected":false},"excerpt":{"rendered":"<p>As Filhas da Senhora Garcia: Luis aparece vivo e quer sua esposa de volta&#8230; No cap\u00edtulo de As Filhas da Senhora Garcia desta segunda, dia 1\u00ba, Os irm\u00e3os Portilla&#8230;<\/p>\n","protected":false},"author":1,"featured_media":81586,"comment_status":"closed","ping_status":"closed","sticky":false,"template":"","format":"standard","meta":{"_uf_show_specific_survey":0,"_uf_disable_surveys":false,"_jetpack_memberships_contains_paid_content":false,"footnotes":"","_wp_rev_ctl_limit":""},"categories":[930],"tags":[931,64,13],"class_list":["post-81585","post","type-post","status-publish","format-standard","has-post-thumbnail","hentry","category-as-filhas-da-senhora-garcia","tag-as-filhas-da-senhora-garcia","tag-novelas","tag-sbt","wpcat-930-id"],"aioseo_notices":[],"jetpack_featured_media_url":"https:\/\/i0.wp.com\/www.tvnovelas.com.br\/tvnews\/wp-content\/uploads\/2025\/08\/11911.jpg?fit=726%2C410&ssl=1","jetpack_shortlink":"https:\/\/wp.me\/pdP2BO-ldT","jetpack_sharing_enabled":true,"_links":{"self":[{"href":"https:\/\/www.tvnovelas.com.br\/tvnews\/wp-json\/wp\/v2\/posts\/81585","targetHints":{"allow":["GET"]}}],"collection":[{"href":"https:\/\/www.tvnovelas.com.br\/tvnews\/wp-json\/wp\/v2\/posts"}],"about":[{"href":"https:\/\/www.tvnovelas.com.br\/tvnews\/wp-json\/wp\/v2\/types\/post"}],"author":[{"embeddable":true,"href":"https:\/\/www.tvnovelas.com.br\/tvnews\/wp-json\/wp\/v2\/users\/1"}],"replies":[{"embeddable":true,"href":"https:\/\/www.tvnovelas.com.br\/tvnews\/wp-json\/wp\/v2\/comments?post=81585"}],"version-history":[{"count":5,"href":"https:\/\/www.tvnovelas.com.br\/tvnews\/wp-json\/wp\/v2\/posts\/81585\/revisions"}],"predecessor-version":[{"id":81593,"href":"https:\/\/www.tvnovelas.com.br\/tvnews\/wp-json\/wp\/v2\/posts\/81585\/revisions\/81593"}],"wp:featuredmedia":[{"embeddable":true,"href":"https:\/\/www.tvnovelas.com.br\/tvnews\/wp-json\/wp\/v2\/media\/81586"}],"wp:attachment":[{"href":"https:\/\/www.tvnovelas.com.br\/tvnews\/wp-json\/wp\/v2\/media?parent=81585"}],"wp:term":[{"taxonomy":"category","embeddable":true,"href":"https:\/\/www.tvnovelas.com.br\/tvnews\/wp-json\/wp\/v2\/categories?post=81585"},{"taxonomy":"post_tag","embeddable":true,"href":"https:\/\/www.tvnovelas.com.br\/tvnews\/wp-json\/wp\/v2\/tags?post=81585"}],"curies":[{"name":"wp","href":"https:\/\/api.w.org\/{rel}","templated":true}]}}