{"id":81603,"date":"2025-09-01T12:06:29","date_gmt":"2025-09-01T15:06:29","guid":{"rendered":"https:\/\/www.tvnovelas.com.br\/tvnews\/?p=81603"},"modified":"2025-09-01T12:06:29","modified_gmt":"2025-09-01T15:06:29","slug":"terra-nostra-esta-de-volta-na-tarde-da-globo","status":"publish","type":"post","link":"https:\/\/www.tvnovelas.com.br\/tvnews\/terra-nostra-esta-de-volta-na-tarde-da-globo\/","title":{"rendered":"Terra Nostra est\u00e1 de volta na tarde da Globo"},"content":{"rendered":"<figure id=\"attachment_81604\" aria-describedby=\"caption-attachment-81604\" style=\"width: 728px\" class=\"wp-caption alignnone\"><img data-recalc-dims=\"1\" decoding=\"async\" class=\"wp-image-81604 size-full\" title=\"(Foto: TV Globo\/Terra Nostra)\" src=\"https:\/\/i0.wp.com\/www.tvnovelas.com.br\/tvnews\/wp-content\/uploads\/2025\/09\/11913.jpg?resize=728%2C409&#038;ssl=1\" alt=\"Foto em Terra Nostra est\u00e1 de volta na tarde da Globo\" width=\"728\" height=\"409\" srcset=\"https:\/\/i0.wp.com\/www.tvnovelas.com.br\/tvnews\/wp-content\/uploads\/2025\/09\/11913.jpg?w=728&amp;ssl=1 728w, https:\/\/i0.wp.com\/www.tvnovelas.com.br\/tvnews\/wp-content\/uploads\/2025\/09\/11913.jpg?resize=250%2C140&amp;ssl=1 250w\" sizes=\"(max-width: 728px) 100vw, 728px\" \/><figcaption id=\"caption-attachment-81604\" class=\"wp-caption-text\">Terra Nostra est\u00e1 de volta na tarde da Globo<\/figcaption><\/figure>\n<p>Terra Nostra est\u00e1 de volta volta \u00e0s telas da TV Globo a partir desta segunda, 1\u00b0 de setembro, \u00e0s 14h45. Exibida originalmente em 1999, a novela de Benedito Ruy Barbosa ser\u00e1 reprisada no Edi\u00e7\u00e3o Especial.<\/p>\n<p>No centro da trama, os jovens italianos Matteo e Giuliana se apaixonam em um navio imigrante. Ao aportarem no Brasil, s\u00e3o separados e passam a lutar para permanecerem juntos.<\/p>\n<p>Tudo come\u00e7a em 1894, quando milhares de camponeses italianos fugiam da grave crise econ\u00f4mica que assolava a Europa para tentar a sorte em terras brasileiras. Entre os imigrantes est\u00e1 o casal Julio (Gianfrancesco Guarnieri) e Ana (Bete Mendes), acompanhados da filha, a rom\u00e2ntica Giuliana (Ana Paula Ar\u00f3sio). A bordo do navio em que viajam, a jovem conhece Matteo (Thiago Lacerda)<\/p>\n<p><strong>Saiba mais em <\/strong><br \/>\n<a href=\"https:\/\/wp.me\/pfspD2-Cl\" target=\"_blank\" rel=\"noopener\"><strong>&#8216;Terra Nostra&#8217;: Sotaque e sabores da It\u00e1lia<\/strong><\/a><\/p>\n","protected":false},"excerpt":{"rendered":"<p>Terra Nostra est\u00e1 de volta na tarde da Globo&#8230;<\/p>\n","protected":false},"author":1,"featured_media":0,"comment_status":"closed","ping_status":"closed","sticky":false,"template":"","format":"standard","meta":{"_uf_show_specific_survey":0,"_uf_disable_surveys":false,"_jetpack_memberships_contains_paid_content":false,"footnotes":"","_wp_rev_ctl_limit":""},"categories":[236,208],"tags":[5,64,954],"class_list":["post-81603","post","type-post","status-publish","format-standard","hentry","category-globo","category-vale-a-pena-ver-de-novo","tag-globo","tag-novelas","tag-terra-nostra","wpcat-236-id","wpcat-208-id"],"aioseo_notices":[],"jetpack_featured_media_url":"","jetpack_shortlink":"https:\/\/wp.me\/pdP2BO-leb","jetpack_sharing_enabled":true,"_links":{"self":[{"href":"https:\/\/www.tvnovelas.com.br\/tvnews\/wp-json\/wp\/v2\/posts\/81603","targetHints":{"allow":["GET"]}}],"collection":[{"href":"https:\/\/www.tvnovelas.com.br\/tvnews\/wp-json\/wp\/v2\/posts"}],"about":[{"href":"https:\/\/www.tvnovelas.com.br\/tvnews\/wp-json\/wp\/v2\/types\/post"}],"author":[{"embeddable":true,"href":"https:\/\/www.tvnovelas.com.br\/tvnews\/wp-json\/wp\/v2\/users\/1"}],"replies":[{"embeddable":true,"href":"https:\/\/www.tvnovelas.com.br\/tvnews\/wp-json\/wp\/v2\/comments?post=81603"}],"version-history":[{"count":2,"href":"https:\/\/www.tvnovelas.com.br\/tvnews\/wp-json\/wp\/v2\/posts\/81603\/revisions"}],"predecessor-version":[{"id":81606,"href":"https:\/\/www.tvnovelas.com.br\/tvnews\/wp-json\/wp\/v2\/posts\/81603\/revisions\/81606"}],"wp:attachment":[{"href":"https:\/\/www.tvnovelas.com.br\/tvnews\/wp-json\/wp\/v2\/media?parent=81603"}],"wp:term":[{"taxonomy":"category","embeddable":true,"href":"https:\/\/www.tvnovelas.com.br\/tvnews\/wp-json\/wp\/v2\/categories?post=81603"},{"taxonomy":"post_tag","embeddable":true,"href":"https:\/\/www.tvnovelas.com.br\/tvnews\/wp-json\/wp\/v2\/tags?post=81603"}],"curies":[{"name":"wp","href":"https:\/\/api.w.org\/{rel}","templated":true}]}}