{"id":81625,"date":"2025-09-02T08:38:04","date_gmt":"2025-09-02T11:38:04","guid":{"rendered":"https:\/\/www.tvnovelas.com.br\/tvnews\/?p=81625"},"modified":"2025-09-02T08:38:04","modified_gmt":"2025-09-02T11:38:04","slug":"vale-tudo-fatima-vende-caro-o-silencio-do-segredo-de-odete","status":"publish","type":"post","link":"https:\/\/www.tvnovelas.com.br\/tvnews\/vale-tudo-fatima-vende-caro-o-silencio-do-segredo-de-odete\/","title":{"rendered":"Vale Tudo: F\u00e1tima vende caro o sil\u00eancio do segredo de Odete"},"content":{"rendered":"<figure id=\"attachment_81626\" aria-describedby=\"caption-attachment-81626\" style=\"width: 728px\" class=\"wp-caption alignnone\"><img data-recalc-dims=\"1\" decoding=\"async\" class=\"wp-image-81626 size-full\" title=\"(Foto: TV Globo\/Vale Tudo)\" src=\"https:\/\/i0.wp.com\/www.tvnovelas.com.br\/tvnews\/wp-content\/uploads\/2025\/09\/11918.jpg?resize=728%2C410&#038;ssl=1\" alt=\"Foto em Vale Tudo: F\u00e1tima vende caro o sil\u00eancio do segredo de Odete\" width=\"728\" height=\"410\" srcset=\"https:\/\/i0.wp.com\/www.tvnovelas.com.br\/tvnews\/wp-content\/uploads\/2025\/09\/11918.jpg?w=728&amp;ssl=1 728w, https:\/\/i0.wp.com\/www.tvnovelas.com.br\/tvnews\/wp-content\/uploads\/2025\/09\/11918.jpg?resize=250%2C141&amp;ssl=1 250w\" sizes=\"(max-width: 728px) 100vw, 728px\" \/><figcaption id=\"caption-attachment-81626\" class=\"wp-caption-text\">Vale Tudo: F\u00e1tima vende caro o sil\u00eancio do segredo de Odete<\/figcaption><\/figure>\n<p>Em Vale Tudo, Quando F\u00e1tima (Bella Campos) foi atr\u00e1s de algum segredo de Odete Roitman (Debora Bloch), ela jamais imaginou a bomba que acabou de descobrir. Mesmo chocada, a golpista n\u00e3o vai perder a oportunidade de tirar vantagem e cobrar\u00e1 alto pelo seu sil\u00eancio.<\/p>\n<p>\u201cOlha, Odete, com esta voc\u00ea me surpreendeu. Como voc\u00ea \u00e9 capaz de deixar um filho seu naquela situa\u00e7\u00e3o?\u201d<\/p>\n<p>Nem mesmo a fato de Leonardo ser compat\u00edvel para salvar Afonso (Humberto Carr\u00e3o), que est\u00e1 com leucemia, comove F\u00e1tima.<\/p>\n<p>\u201cEstou me sentindo at\u00e9 boazinha. Voc\u00ea vai deixar o Afonso morrer para livrar a sua pele. Parab\u00e9ns, esta \u00e9 para poucos.\u201d]<\/p>\n<p>\u201cO Leonardo est\u00e1 morto h\u00e1 13 anos, meu bem. Por isso ele n\u00e3o pode salvar o Afonso. O que voc\u00ea quer, Maria de F\u00e1tima?\u201d, pergunta friamente Odete.<\/p>\n<p>A dona da TCA sabe muito bem que F\u00e1tima n\u00e3o pretende contar ao ex-marido que ele tem um doador compat\u00edvel e quer saber o pre\u00e7o de seu sil\u00eancio.<\/p>\n<p>\u201cPode come\u00e7ar fazendo um valor de R$ 300 mil na minha conta.\u201d<\/p>\n<p>Mas \u00e9 claro que n\u00e3o vai parar por a\u00ed. F\u00e1tima j\u00e1 antecipa que vai procurar um apartamento para Odete comprar para ela, al\u00e9m de uma gorda mesada.<\/p>\n<p>\u201cO importante \u00e9 voc\u00ea saber que seu segredo est\u00e1 bem guardadinho comigo, t\u00e1 bom?\u201d, diz ironicamente.<\/p>\n<p>Odete agora est\u00e1 nas m\u00e3os de F\u00e1tima e n\u00e3o ser\u00e1 nada f\u00e1cil se livrar dela.<br \/>\n<!--FIM--><br \/>\n<strong>Sobre a novela<\/strong><br \/>\n<a href=\"https:\/\/wp.me\/pfspD2-U7\" target=\"_blank\" rel=\"noopener\">Vale Tudo: Conflitos de princ\u00edpios e valores (Sinopse)<\/a><\/p>\n<p><a href=\"https:\/\/wp.me\/pfspD2-oI\" target=\"_blank\" rel=\"noopener\">Vale Tudo: Invers\u00e3o de valores no final dos anos erdade1980<\/a> (Sinopse)<\/p>\n<div style=\"font-size: 120%;\"><h3>Confira tamb\u00e9m<\/h3>\r\n<a href=\"https:\/\/tvnovelas.com.br\/novelas\/\" rel=\"noopener\" target=\"_blank\"><strong>Todos os resumos de novelas<\/strong><\/a><\/br>\r\n<a href=\"https:\/\/www.tvnovelas.com.br\/tvnews\/\" rel=\"noopener\" target=\"_blank\"><strong>\u00daltimas not\u00edcias das novelas<\/strong><\/a><\/br>\r\n<a href=\"https:\/\/www.tvnovelas.com.br\/filmes\/\" target=\"_blank\" rel=\"noopener noreferrer\"><strong>Programa\u00e7\u00e3o de filmes na TV aberta<\/strong><\/a><\/br>\r\n<a href=\"https:\/\/caetenews.com.br\/semana\/filmes-da-globo-na-sessao-da-tarde-desta-semana\/\" target=\"_blank\" rel=\"noopener\"><strong>Confira os filmes da semana na Sess\u00e3o da Tarde<\/strong><\/a><\/br>\r\n<a href=\"https:\/\/classindportal.mj.gov.br\/consulta-filmes\" target=\"_blank\" rel=\"noopener\"><strong>Consulte a classifica\u00e7\u00e3o indicativa dos filmes e novelas<\/strong><\/a><\/br><\/div>\n","protected":false},"excerpt":{"rendered":"<p>Vale Tudo: F\u00e1tima vende caro o sil\u00eancio do segredo de Odete&#8230;. Em Vale Tudo, Quando F\u00e1tima (Bella Campos) foi atr\u00e1s de algum segredo&#8230;<\/p>\n","protected":false},"author":1,"featured_media":81626,"comment_status":"closed","ping_status":"closed","sticky":false,"template":"","format":"standard","meta":{"_uf_show_specific_survey":0,"_uf_disable_surveys":false,"_jetpack_memberships_contains_paid_content":false,"footnotes":"","_wp_rev_ctl_limit":""},"categories":[871],"tags":[5,64,801],"class_list":["post-81625","post","type-post","status-publish","format-standard","has-post-thumbnail","hentry","category-vale-tudo","tag-globo","tag-novelas","tag-vale-tudo","wpcat-871-id"],"aioseo_notices":[],"jetpack_featured_media_url":"https:\/\/i0.wp.com\/www.tvnovelas.com.br\/tvnews\/wp-content\/uploads\/2025\/09\/11918.jpg?fit=728%2C410&ssl=1","jetpack_shortlink":"https:\/\/wp.me\/pdP2BO-lex","jetpack_sharing_enabled":true,"_links":{"self":[{"href":"https:\/\/www.tvnovelas.com.br\/tvnews\/wp-json\/wp\/v2\/posts\/81625","targetHints":{"allow":["GET"]}}],"collection":[{"href":"https:\/\/www.tvnovelas.com.br\/tvnews\/wp-json\/wp\/v2\/posts"}],"about":[{"href":"https:\/\/www.tvnovelas.com.br\/tvnews\/wp-json\/wp\/v2\/types\/post"}],"author":[{"embeddable":true,"href":"https:\/\/www.tvnovelas.com.br\/tvnews\/wp-json\/wp\/v2\/users\/1"}],"replies":[{"embeddable":true,"href":"https:\/\/www.tvnovelas.com.br\/tvnews\/wp-json\/wp\/v2\/comments?post=81625"}],"version-history":[{"count":1,"href":"https:\/\/www.tvnovelas.com.br\/tvnews\/wp-json\/wp\/v2\/posts\/81625\/revisions"}],"predecessor-version":[{"id":81627,"href":"https:\/\/www.tvnovelas.com.br\/tvnews\/wp-json\/wp\/v2\/posts\/81625\/revisions\/81627"}],"wp:featuredmedia":[{"embeddable":true,"href":"https:\/\/www.tvnovelas.com.br\/tvnews\/wp-json\/wp\/v2\/media\/81626"}],"wp:attachment":[{"href":"https:\/\/www.tvnovelas.com.br\/tvnews\/wp-json\/wp\/v2\/media?parent=81625"}],"wp:term":[{"taxonomy":"category","embeddable":true,"href":"https:\/\/www.tvnovelas.com.br\/tvnews\/wp-json\/wp\/v2\/categories?post=81625"},{"taxonomy":"post_tag","embeddable":true,"href":"https:\/\/www.tvnovelas.com.br\/tvnews\/wp-json\/wp\/v2\/tags?post=81625"}],"curies":[{"name":"wp","href":"https:\/\/api.w.org\/{rel}","templated":true}]}}