{"id":81629,"date":"2025-09-02T08:48:18","date_gmt":"2025-09-02T11:48:18","guid":{"rendered":"https:\/\/www.tvnovelas.com.br\/tvnews\/?p=81629"},"modified":"2025-09-02T08:48:18","modified_gmt":"2025-09-02T11:48:18","slug":"dona-de-mim-leo-se-candidata-a-uma-vaga-de-emprego-na-boaz","status":"publish","type":"post","link":"https:\/\/www.tvnovelas.com.br\/tvnews\/dona-de-mim-leo-se-candidata-a-uma-vaga-de-emprego-na-boaz\/","title":{"rendered":"Dona de Mim: Leo se candidata a uma vaga de emprego na Boaz"},"content":{"rendered":"<figure id=\"attachment_81630\" aria-describedby=\"caption-attachment-81630\" style=\"width: 728px\" class=\"wp-caption alignnone\"><img data-recalc-dims=\"1\" decoding=\"async\" class=\"wp-image-81630 size-full\" title=\"(Foto: TV Globo\/Dona de Mim)\" src=\"https:\/\/i0.wp.com\/www.tvnovelas.com.br\/tvnews\/wp-content\/uploads\/2025\/09\/11919.jpg?resize=728%2C410&#038;ssl=1\" alt=\"Foto em Dona de Mim: Leo se candidata a uma vaga de emprego na Boaz\" width=\"728\" height=\"410\" srcset=\"https:\/\/i0.wp.com\/www.tvnovelas.com.br\/tvnews\/wp-content\/uploads\/2025\/09\/11919.jpg?w=728&amp;ssl=1 728w, https:\/\/i0.wp.com\/www.tvnovelas.com.br\/tvnews\/wp-content\/uploads\/2025\/09\/11919.jpg?resize=250%2C141&amp;ssl=1 250w\" sizes=\"(max-width: 728px) 100vw, 728px\" \/><figcaption id=\"caption-attachment-81630\" class=\"wp-caption-text\">Dona de Mim: Leo se candidata a uma vaga de emprego na Boaz<\/figcaption><\/figure>\n<p>Em Dona de Mim, Leona (Clara Moneke) foi demitida por Jaques (Marcello Novaes) do cargo de bab\u00e1 de Sofia (Elis Cabral). Mas ela n\u00e3o vai ficar muito tempo parada e vai procurar emprego em outro reduto dos Boaz, a f\u00e1brica de lingerie. Leo vai entrar em uma fila de candidatas a uma vaga na Boaz.<\/p>\n<p>Leo estar\u00e1 em uma fila enorme cheia de mulheres, como ela, em busca de emprego. Primeiro, as amigas Kami (Giovanna Lancellotti) e Pam (Haon\u00ea Thinar) v\u00e3o passar por ela e lhe desejar sorte. Depois. Samuel (Juan Paiva) chegar\u00e1 para mais um dia de trabalho e se surpreender\u00e1 ao encontrar a namorada.<\/p>\n<p>\u201cN\u00e3o sabia que voc\u00ea estava interessada nessas vagas tempor\u00e1rias, voc\u00ea n\u00e3o precisa disso\u201d, diz ele.<\/p>\n<p>\u201cPreciso sim. Lembra do dia de cria? Dia de cria tamb\u00e9m \u00e9 correria, procurar emprego\u201d, responde ela.<\/p>\n<p>\u201cEra s\u00f3 voc\u00ea ter me falado que precisava de dinheiro\u201d, insiste Samuel.<\/p>\n<p>\u201cSabe orgulho de pobre? Ent\u00e3o, tenho de sobra. Estou viva, posso trabalhar e no que depender de mim uma dessas vagas \u00e9 minha\u201d, reage Leo.<\/p>\n<p>Depois, ser\u00e1 a vez de Danilo (Felipe Simas), agora funcion\u00e1rio de Jaques na Boaz, se surpreender com a presen\u00e7a de Leo ali.<\/p>\n<p>\u201cU\u00e9? Tem certeza que voc\u00ea est\u00e1 no lugar certo?\u201d, questiona ele.<\/p>\n<p>\u201cOlha s\u00f3 Danilo, preciso desse trabalho. Por favor\u201d, diz ela.<br \/>\n<!--FIM--><br \/>\n<strong>Sobre a novela<\/strong><br \/>\n<a href=\"https:\/\/wp.me\/pfspD2-UO\" target=\"_blank\" rel=\"noopener\">Dona de Mim: A trama da novela<\/a><br \/>\n<a href=\"https:\/\/wp.me\/pfspD2-UG\" target=\"_blank\" rel=\"noopener\">Dona de Mim: A fam\u00edlia Boaz e seu imp\u00e9rio de lingerie<\/a><\/p>\n<div style=\"font-size: 120%;\"><h3>Confira tamb\u00e9m<\/h3>\r\n<a href=\"https:\/\/tvnovelas.com.br\/novelas\/\" rel=\"noopener\" target=\"_blank\"><strong>Todos os resumos de novelas<\/strong><\/a><\/br>\r\n<a href=\"https:\/\/www.tvnovelas.com.br\/tvnews\/\" rel=\"noopener\" target=\"_blank\"><strong>\u00daltimas not\u00edcias das novelas<\/strong><\/a><\/br>\r\n<a href=\"https:\/\/www.tvnovelas.com.br\/filmes\/\" target=\"_blank\" rel=\"noopener noreferrer\"><strong>Programa\u00e7\u00e3o de filmes na TV aberta<\/strong><\/a><\/br>\r\n<a href=\"https:\/\/caetenews.com.br\/semana\/filmes-da-globo-na-sessao-da-tarde-desta-semana\/\" target=\"_blank\" rel=\"noopener\"><strong>Confira os filmes da semana na Sess\u00e3o da Tarde<\/strong><\/a><\/br>\r\n<a href=\"https:\/\/classindportal.mj.gov.br\/consulta-filmes\" target=\"_blank\" rel=\"noopener\"><strong>Consulte a classifica\u00e7\u00e3o indicativa dos filmes e novelas<\/strong><\/a><\/br><\/div>\n","protected":false},"excerpt":{"rendered":"<p>Dona de Mim: Leo se candidata a uma vaga de emprego na Boaz&#8230;. Em Dona de Mim, Leona (Clara Moneke) foi demitida por Jaques&#8230;<\/p>\n","protected":false},"author":1,"featured_media":81630,"comment_status":"closed","ping_status":"closed","sticky":false,"template":"","format":"standard","meta":{"_uf_show_specific_survey":0,"_uf_disable_surveys":false,"_jetpack_memberships_contains_paid_content":false,"footnotes":"","_wp_rev_ctl_limit":""},"categories":[884],"tags":[883,5,64],"class_list":["post-81629","post","type-post","status-publish","format-standard","has-post-thumbnail","hentry","category-dona-de-mim","tag-dona-de-mim","tag-globo","tag-novelas","wpcat-884-id"],"aioseo_notices":[],"jetpack_featured_media_url":"https:\/\/i0.wp.com\/www.tvnovelas.com.br\/tvnews\/wp-content\/uploads\/2025\/09\/11919.jpg?fit=728%2C410&ssl=1","jetpack_shortlink":"https:\/\/wp.me\/pdP2BO-leB","jetpack_sharing_enabled":true,"_links":{"self":[{"href":"https:\/\/www.tvnovelas.com.br\/tvnews\/wp-json\/wp\/v2\/posts\/81629","targetHints":{"allow":["GET"]}}],"collection":[{"href":"https:\/\/www.tvnovelas.com.br\/tvnews\/wp-json\/wp\/v2\/posts"}],"about":[{"href":"https:\/\/www.tvnovelas.com.br\/tvnews\/wp-json\/wp\/v2\/types\/post"}],"author":[{"embeddable":true,"href":"https:\/\/www.tvnovelas.com.br\/tvnews\/wp-json\/wp\/v2\/users\/1"}],"replies":[{"embeddable":true,"href":"https:\/\/www.tvnovelas.com.br\/tvnews\/wp-json\/wp\/v2\/comments?post=81629"}],"version-history":[{"count":1,"href":"https:\/\/www.tvnovelas.com.br\/tvnews\/wp-json\/wp\/v2\/posts\/81629\/revisions"}],"predecessor-version":[{"id":81631,"href":"https:\/\/www.tvnovelas.com.br\/tvnews\/wp-json\/wp\/v2\/posts\/81629\/revisions\/81631"}],"wp:featuredmedia":[{"embeddable":true,"href":"https:\/\/www.tvnovelas.com.br\/tvnews\/wp-json\/wp\/v2\/media\/81630"}],"wp:attachment":[{"href":"https:\/\/www.tvnovelas.com.br\/tvnews\/wp-json\/wp\/v2\/media?parent=81629"}],"wp:term":[{"taxonomy":"category","embeddable":true,"href":"https:\/\/www.tvnovelas.com.br\/tvnews\/wp-json\/wp\/v2\/categories?post=81629"},{"taxonomy":"post_tag","embeddable":true,"href":"https:\/\/www.tvnovelas.com.br\/tvnews\/wp-json\/wp\/v2\/tags?post=81629"}],"curies":[{"name":"wp","href":"https:\/\/api.w.org\/{rel}","templated":true}]}}