{"id":81636,"date":"2025-09-02T09:23:42","date_gmt":"2025-09-02T12:23:42","guid":{"rendered":"https:\/\/www.tvnovelas.com.br\/tvnews\/?p=81636"},"modified":"2025-09-02T09:23:42","modified_gmt":"2025-09-02T12:23:42","slug":"cafe-com-aroma-de-mulher-lucia-assina-o-divorcio-com-sebastiao","status":"publish","type":"post","link":"https:\/\/www.tvnovelas.com.br\/tvnews\/cafe-com-aroma-de-mulher-lucia-assina-o-divorcio-com-sebastiao\/","title":{"rendered":"Caf\u00e9 Com Aroma de Mulher: L\u00facia assina o div\u00f3rcio com Sebasti\u00e3o"},"content":{"rendered":"<figure id=\"attachment_81637\" aria-describedby=\"caption-attachment-81637\" style=\"width: 728px\" class=\"wp-caption alignnone\"><img data-recalc-dims=\"1\" decoding=\"async\" class=\"wp-image-81637 size-full\" title=\"(Foto: Band\/Caf\u00e9 Com Aroma de Mulher)\" src=\"https:\/\/i0.wp.com\/www.tvnovelas.com.br\/tvnews\/wp-content\/uploads\/2025\/09\/11920.jpg?resize=728%2C409&#038;ssl=1\" alt=\"Foto em Caf\u00e9 Com Aroma de Mulher: L\u00facia assina o div\u00f3rcio com Sebasti\u00e3o\" width=\"728\" height=\"409\" srcset=\"https:\/\/i0.wp.com\/www.tvnovelas.com.br\/tvnews\/wp-content\/uploads\/2025\/09\/11920.jpg?w=728&amp;ssl=1 728w, https:\/\/i0.wp.com\/www.tvnovelas.com.br\/tvnews\/wp-content\/uploads\/2025\/09\/11920.jpg?resize=250%2C140&amp;ssl=1 250w\" sizes=\"(max-width: 728px) 100vw, 728px\" \/><figcaption id=\"caption-attachment-81637\" class=\"wp-caption-text\">Caf\u00e9 Com Aroma de Mulher: L\u00facia assina o div\u00f3rcio com Sebasti\u00e3o<\/figcaption><\/figure>\n<p>No cap\u00edtulo de Caf\u00e9 Com Aroma de Mulher desta ter\u00e7a, dia 2, L\u00facia assina o div\u00f3rcio com Sebasti\u00e3o.<\/p>\n<p>Nos pap\u00e9is da separa\u00e7\u00e3o fica estipulado que Sebasti\u00e3o ser\u00e1 respons\u00e1vel pelo sustento de Sof\u00eda, mesmo que ela n\u00e3o seja sua filha biol\u00f3gica, e que lhe fornecer\u00e1 tudo o que ela precisar at\u00e9 completar 18 anos.<\/p>\n<p>A princ\u00edpio, Luc\u00eda n\u00e3o est\u00e1 satisfeita com os termos do acordo de div\u00f3rcio. No entanto, ap\u00f3s conversar com Lucrecia, que permanece ao seu lado apesar de tudo, ela decide se separar de Sebasti\u00e1n, para o seu pr\u00f3prio bem e tamb\u00e9m para o da filha, que ser\u00e1 a mais beneficiada com tudo isso. Enquanto isso, Lemarcus liga para Julia e pede que ela fale com Marcela.<\/p>\n<p>Resumo do cap\u00edtulo de hoje:<\/p>\n<h2 style=\"color: #b9375d;\">Resumo de ter\u00e7a-feira, 02 de setembro<\/h2>\n<p>Wilson aceita ir embora com M\u00e1rcia. L\u00facia assina o div\u00f3rcio com Sebasti\u00e3o. Lemarcus implora a matriarca dos Vallejo que conven\u00e7a Marcela a n\u00e3o abortar. A m\u00e3e de Sofia \u00e9 expulsa da Caf\u00e9 Elite por Bernardo. Gaivota mostra a Julia v\u00eddeo em que M\u00e1rcia incrimina Carlos M\u00e1rio e o ex-amante. A economista quase sofre um acidente de carro com Sofia. Ivan se op\u00f5e a que Gaivota fa\u00e7a a colheita na Casablanca, mas ela o confronta, alegando que s\u00e3o ordens de Julia.<\/p>\n<p><a href=\"https:\/\/tvnovelas.com.br\/novelas\/resumos-de-cafe-com-aroma-de-mulher\/\"> Confira os resumos dos \u00faltimos cap\u00edtulos<\/a><br \/>\n<!--FIM--><br \/>\n<strong>Sobre a novela<\/strong><br \/>\n<a href=\"https:\/\/wp.me\/pfspD2-UX\" target=\"_blank\" rel=\"noopener\">&#8216;Caf\u00e9 Com Aroma de Mulher&#8217;: Um amor proibido (Sinopse e personagens)<\/a><\/p>\n<div style=\"font-size: 120%;\"><h3>Confira tamb\u00e9m<\/h3>\r\n<a href=\"https:\/\/tvnovelas.com.br\/novelas\/\" rel=\"noopener\" target=\"_blank\"><strong>Todos os resumos de novelas<\/strong><\/a><\/br>\r\n<a href=\"https:\/\/www.tvnovelas.com.br\/tvnews\/\" rel=\"noopener\" target=\"_blank\"><strong>\u00daltimas not\u00edcias das novelas<\/strong><\/a><\/br>\r\n<a href=\"https:\/\/www.tvnovelas.com.br\/filmes\/\" target=\"_blank\" rel=\"noopener noreferrer\"><strong>Programa\u00e7\u00e3o de filmes na TV aberta<\/strong><\/a><\/br>\r\n<a href=\"https:\/\/caetenews.com.br\/semana\/filmes-da-globo-na-sessao-da-tarde-desta-semana\/\" target=\"_blank\" rel=\"noopener\"><strong>Confira os filmes da semana na Sess\u00e3o da Tarde<\/strong><\/a><\/br>\r\n<a href=\"https:\/\/classindportal.mj.gov.br\/consulta-filmes\" target=\"_blank\" rel=\"noopener\"><strong>Consulte a classifica\u00e7\u00e3o indicativa dos filmes e novelas<\/strong><\/a><\/br><\/div>\n","protected":false},"excerpt":{"rendered":"<p>Caf\u00e9 Com Aroma de Mulher: L\u00facia assina o div\u00f3rcio com Sebasti\u00e3o&#8230;<\/p>\n","protected":false},"author":1,"featured_media":81637,"comment_status":"closed","ping_status":"closed","sticky":false,"template":"","format":"standard","meta":{"_uf_show_specific_survey":0,"_uf_disable_surveys":false,"_jetpack_memberships_contains_paid_content":false,"footnotes":"","_wp_rev_ctl_limit":""},"categories":[918],"tags":[43,919,64],"class_list":["post-81636","post","type-post","status-publish","format-standard","has-post-thumbnail","hentry","category-cafe-com-aroma-de-mulher","tag-band","tag-cafe-com-aroma-de-mulher","tag-novelas","wpcat-918-id"],"aioseo_notices":[],"jetpack_featured_media_url":"https:\/\/i0.wp.com\/www.tvnovelas.com.br\/tvnews\/wp-content\/uploads\/2025\/09\/11920.jpg?fit=728%2C409&ssl=1","jetpack_shortlink":"https:\/\/wp.me\/pdP2BO-leI","jetpack_sharing_enabled":true,"_links":{"self":[{"href":"https:\/\/www.tvnovelas.com.br\/tvnews\/wp-json\/wp\/v2\/posts\/81636","targetHints":{"allow":["GET"]}}],"collection":[{"href":"https:\/\/www.tvnovelas.com.br\/tvnews\/wp-json\/wp\/v2\/posts"}],"about":[{"href":"https:\/\/www.tvnovelas.com.br\/tvnews\/wp-json\/wp\/v2\/types\/post"}],"author":[{"embeddable":true,"href":"https:\/\/www.tvnovelas.com.br\/tvnews\/wp-json\/wp\/v2\/users\/1"}],"replies":[{"embeddable":true,"href":"https:\/\/www.tvnovelas.com.br\/tvnews\/wp-json\/wp\/v2\/comments?post=81636"}],"version-history":[{"count":1,"href":"https:\/\/www.tvnovelas.com.br\/tvnews\/wp-json\/wp\/v2\/posts\/81636\/revisions"}],"predecessor-version":[{"id":81638,"href":"https:\/\/www.tvnovelas.com.br\/tvnews\/wp-json\/wp\/v2\/posts\/81636\/revisions\/81638"}],"wp:featuredmedia":[{"embeddable":true,"href":"https:\/\/www.tvnovelas.com.br\/tvnews\/wp-json\/wp\/v2\/media\/81637"}],"wp:attachment":[{"href":"https:\/\/www.tvnovelas.com.br\/tvnews\/wp-json\/wp\/v2\/media?parent=81636"}],"wp:term":[{"taxonomy":"category","embeddable":true,"href":"https:\/\/www.tvnovelas.com.br\/tvnews\/wp-json\/wp\/v2\/categories?post=81636"},{"taxonomy":"post_tag","embeddable":true,"href":"https:\/\/www.tvnovelas.com.br\/tvnews\/wp-json\/wp\/v2\/tags?post=81636"}],"curies":[{"name":"wp","href":"https:\/\/api.w.org\/{rel}","templated":true}]}}