{"id":81645,"date":"2025-09-02T10:41:46","date_gmt":"2025-09-02T13:41:46","guid":{"rendered":"https:\/\/www.tvnovelas.com.br\/tvnews\/?p=81645"},"modified":"2025-09-02T10:41:46","modified_gmt":"2025-09-02T13:41:46","slug":"a-caverna-encantada-norma-endurece-as-regras-no-colegio","status":"publish","type":"post","link":"https:\/\/www.tvnovelas.com.br\/tvnews\/a-caverna-encantada-norma-endurece-as-regras-no-colegio\/","title":{"rendered":"A Caverna Encantada: Norma endurece as regras no col\u00e9gio"},"content":{"rendered":"<figure id=\"attachment_81646\" aria-describedby=\"caption-attachment-81646\" style=\"width: 728px\" class=\"wp-caption alignnone\"><img data-recalc-dims=\"1\" decoding=\"async\" class=\"wp-image-81646 size-full\" title=\"(Foto: SBT\/A Caverna Encantada)\" src=\"https:\/\/i0.wp.com\/www.tvnovelas.com.br\/tvnews\/wp-content\/uploads\/2025\/09\/11922.jpg?resize=728%2C410&#038;ssl=1\" alt=\"Foto em A Caverna Encantada: Norma endurece as regras no col\u00e9gio\" width=\"728\" height=\"410\" srcset=\"https:\/\/i0.wp.com\/www.tvnovelas.com.br\/tvnews\/wp-content\/uploads\/2025\/09\/11922.jpg?w=728&amp;ssl=1 728w, https:\/\/i0.wp.com\/www.tvnovelas.com.br\/tvnews\/wp-content\/uploads\/2025\/09\/11922.jpg?resize=250%2C141&amp;ssl=1 250w\" sizes=\"(max-width: 728px) 100vw, 728px\" \/><figcaption id=\"caption-attachment-81646\" class=\"wp-caption-text\">A Caverna Encantada: Norma endurece as regras no col\u00e9gio<\/figcaption><\/figure>\n<p>No cap\u00edtulo de A Caverna Encantada desta ter\u00e7a, dia, 2, Norma adota medidas ainda mais r\u00edgidas, consolidando um controle autorit\u00e1rio sobre o col\u00e9gio.<\/p>\n<p>Enquanto isso, na fazenda, C\u00e9sar descobre que Elisa desapareceu. Apavorada, Isadora liga para Anna e revela o que est\u00e1 acontecendo com Norma. Enquanto isso, Moleza consegue fugir e alerta Lav\u00ednia sobre o clima de terror que tomou conta do col\u00e9gio. A liberdade das crian\u00e7as est\u00e1 em risco, e a diretora planeja controlar mentes de maneira ainda mais implac\u00e1vel.<\/p>\n<p>E mais: Em um confronto tenso, Gabriel e Pilar desafiam Norma ? e s\u00e3o imediatamente demitidos e expulsos do col\u00e9gio pela diretoria. Sentindo-se tra\u00edda, a diretora acusa Elisa e ordena que Flora a afaste dali \u00e0 for\u00e7a. Diante da situa\u00e7\u00e3o, Anna toma uma decis\u00e3o arriscada: voltar para Milagres e tentar salvar as amigas da tirania que domina o col\u00e9gio.<br \/>\n<!--FIM--><\/p>\n<div style=\"font-size: 120%;\"><h3>Confira tamb\u00e9m<\/h3>\r\n<a href=\"https:\/\/tvnovelas.com.br\/novelas\/\" rel=\"noopener\" target=\"_blank\"><strong>Todos os resumos de novelas<\/strong><\/a><\/br>\r\n<a href=\"https:\/\/www.tvnovelas.com.br\/tvnews\/\" rel=\"noopener\" target=\"_blank\"><strong>\u00daltimas not\u00edcias das novelas<\/strong><\/a><\/br>\r\n<a href=\"https:\/\/www.tvnovelas.com.br\/filmes\/\" target=\"_blank\" rel=\"noopener noreferrer\"><strong>Programa\u00e7\u00e3o de filmes na TV aberta<\/strong><\/a><\/br>\r\n<a href=\"https:\/\/caetenews.com.br\/semana\/filmes-da-globo-na-sessao-da-tarde-desta-semana\/\" target=\"_blank\" rel=\"noopener\"><strong>Confira os filmes da semana na Sess\u00e3o da Tarde<\/strong><\/a><\/br>\r\n<a href=\"https:\/\/classindportal.mj.gov.br\/consulta-filmes\" target=\"_blank\" rel=\"noopener\"><strong>Consulte a classifica\u00e7\u00e3o indicativa dos filmes e novelas<\/strong><\/a><\/br><\/div>\n","protected":false},"excerpt":{"rendered":"<p>A Caverna Encantada: Norma endurece as regras no col\u00e9gio&#8230; No cap\u00edtulo de A Caverna Encantada desta ter\u00e7a, dia, 2, Norma adota medidas ainda mais r\u00edgidas&#8230;<\/p>\n","protected":false},"author":1,"featured_media":81646,"comment_status":"closed","ping_status":"closed","sticky":false,"template":"","format":"standard","meta":{"_uf_show_specific_survey":0,"_uf_disable_surveys":false,"_jetpack_memberships_contains_paid_content":false,"footnotes":"","_wp_rev_ctl_limit":""},"categories":[766],"tags":[767,64,13],"class_list":["post-81645","post","type-post","status-publish","format-standard","has-post-thumbnail","hentry","category-a-caverna-encantada","tag-a-caverna-encantada","tag-novelas","tag-sbt","wpcat-766-id"],"aioseo_notices":[],"jetpack_featured_media_url":"https:\/\/i0.wp.com\/www.tvnovelas.com.br\/tvnews\/wp-content\/uploads\/2025\/09\/11922.jpg?fit=728%2C410&ssl=1","jetpack_shortlink":"https:\/\/wp.me\/pdP2BO-leR","jetpack_sharing_enabled":true,"_links":{"self":[{"href":"https:\/\/www.tvnovelas.com.br\/tvnews\/wp-json\/wp\/v2\/posts\/81645","targetHints":{"allow":["GET"]}}],"collection":[{"href":"https:\/\/www.tvnovelas.com.br\/tvnews\/wp-json\/wp\/v2\/posts"}],"about":[{"href":"https:\/\/www.tvnovelas.com.br\/tvnews\/wp-json\/wp\/v2\/types\/post"}],"author":[{"embeddable":true,"href":"https:\/\/www.tvnovelas.com.br\/tvnews\/wp-json\/wp\/v2\/users\/1"}],"replies":[{"embeddable":true,"href":"https:\/\/www.tvnovelas.com.br\/tvnews\/wp-json\/wp\/v2\/comments?post=81645"}],"version-history":[{"count":1,"href":"https:\/\/www.tvnovelas.com.br\/tvnews\/wp-json\/wp\/v2\/posts\/81645\/revisions"}],"predecessor-version":[{"id":81647,"href":"https:\/\/www.tvnovelas.com.br\/tvnews\/wp-json\/wp\/v2\/posts\/81645\/revisions\/81647"}],"wp:featuredmedia":[{"embeddable":true,"href":"https:\/\/www.tvnovelas.com.br\/tvnews\/wp-json\/wp\/v2\/media\/81646"}],"wp:attachment":[{"href":"https:\/\/www.tvnovelas.com.br\/tvnews\/wp-json\/wp\/v2\/media?parent=81645"}],"wp:term":[{"taxonomy":"category","embeddable":true,"href":"https:\/\/www.tvnovelas.com.br\/tvnews\/wp-json\/wp\/v2\/categories?post=81645"},{"taxonomy":"post_tag","embeddable":true,"href":"https:\/\/www.tvnovelas.com.br\/tvnews\/wp-json\/wp\/v2\/tags?post=81645"}],"curies":[{"name":"wp","href":"https:\/\/api.w.org\/{rel}","templated":true}]}}