{"id":81678,"date":"2025-09-03T08:36:17","date_gmt":"2025-09-03T11:36:17","guid":{"rendered":"https:\/\/www.tvnovelas.com.br\/tvnews\/?p=81678"},"modified":"2025-09-03T08:40:02","modified_gmt":"2025-09-03T11:40:02","slug":"eta-mundo-melhor-candinho-coroa-dita-como-rainha-da-radio","status":"publish","type":"post","link":"https:\/\/www.tvnovelas.com.br\/tvnews\/eta-mundo-melhor-candinho-coroa-dita-como-rainha-da-radio\/","title":{"rendered":"\u00cata Mundo Melhor!: Candinho coroa Dita como rainha da r\u00e1dio"},"content":{"rendered":"<figure id=\"attachment_81679\" aria-describedby=\"caption-attachment-81679\" style=\"width: 727px\" class=\"wp-caption alignnone\"><img data-recalc-dims=\"1\" decoding=\"async\" class=\"wp-image-81679 size-full\" title=\"(Foto: TV Globo\/\u00cata Mundo Melhor!)\" src=\"https:\/\/i0.wp.com\/www.tvnovelas.com.br\/tvnews\/wp-content\/uploads\/2025\/09\/11929.jpg?resize=727%2C410&#038;ssl=1\" alt=\"Foto em \u00cata Mundo Melhor!: Candinho coroa Dita como rainha da r\u00e1dio\" width=\"727\" height=\"410\" srcset=\"https:\/\/i0.wp.com\/www.tvnovelas.com.br\/tvnews\/wp-content\/uploads\/2025\/09\/11929.jpg?w=727&amp;ssl=1 727w, https:\/\/i0.wp.com\/www.tvnovelas.com.br\/tvnews\/wp-content\/uploads\/2025\/09\/11929.jpg?resize=250%2C141&amp;ssl=1 250w\" sizes=\"(max-width: 727px) 100vw, 727px\" \/><figcaption id=\"caption-attachment-81679\" class=\"wp-caption-text\">\u00cata Mundo Melhor!: Candinho coroa Dita como rainha da r\u00e1dio<\/figcaption><\/figure>\n<p>Em \u00cata Mundo Melhor!, Depois de uma disputa acirrada, Dita Ribeiro (Jeniffer Nascimento) \u00e9 eleita a Rainha da R\u00e1dio. Candinho (Sergio Guiz\u00e9) cumpre a promessa e coroa a artista como grande vencedora. Mas isso ser\u00e1 surpresa.<\/p>\n<p>L\u00facio (Tony Tornado) anuncia para o p\u00fablico que a r\u00e1dio Para\u00edzo vai transmitir a coroa\u00e7\u00e3o da rainha Dita e que quem vai entregar a coroa \u00e9 Asdr\u00fabal (Lu\u00eds Miranda).<\/p>\n<p>Quando o professor est\u00e1 prestes a entrar no palco, Candinho chega e avisa:<\/p>\n<p>&#8220;Com a sua licen\u00e7a, prefess\u00f4, m\u00e1 eu \u00e9 qui v\u00f4 entreg\u00e1 a coroa pra Dita.&#8221;<\/p>\n<p>Dita fica surpresa ao ver Candinho e n\u00e3o consegue esconder a carinha de felicidade.<\/p>\n<p>&#8220;Sou eu mermo, Dita. Num vai fic\u00e1 chateada comigo?&#8221;, pergunta Candinho.<\/p>\n<p>&#8220;Claro qui n\u00e3o, Candinho. Era o meu sonho oc\u00ea entregar a coroa pra mim&#8221;, confessa a cantora.<br \/>\n<!--FIM--><\/p>\n<h2>Sobre a novela:<\/h2>\n<p><a href=\"https:\/\/tvnovelas.com.br\/page2\/arquivo\/eta-mundo-melhor-a-volta-de-candinho-e-policarpo\/&quot;\" target=\"_blank\" rel=\"noopener\">\u00cata Mundo Melhor!: A volta de Candinho e Policarpo<\/a> (Sinopse)<br \/>\n<a href=\"https:\/\/pt.wikipedia.org\/wiki\/%C3%8Ata_Mundo_Melhor!\" target=\"_blank\" rel=\"noopener\">Sobre \u00cata Mundo Melhor!, na Wikipedia<\/a><\/p>\n<div style=\"font-size: 120%;\"><h3>Confira tamb\u00e9m<\/h3>\r\n<a href=\"https:\/\/tvnovelas.com.br\/novelas\/\" rel=\"noopener\" target=\"_blank\"><strong>Todos os resumos de novelas<\/strong><\/a><\/br>\r\n<a href=\"https:\/\/www.tvnovelas.com.br\/tvnews\/\" rel=\"noopener\" target=\"_blank\"><strong>\u00daltimas not\u00edcias das novelas<\/strong><\/a><\/br>\r\n<a href=\"https:\/\/www.tvnovelas.com.br\/filmes\/\" target=\"_blank\" rel=\"noopener noreferrer\"><strong>Programa\u00e7\u00e3o de filmes na TV aberta<\/strong><\/a><\/br>\r\n<a href=\"https:\/\/caetenews.com.br\/semana\/filmes-da-globo-na-sessao-da-tarde-desta-semana\/\" target=\"_blank\" rel=\"noopener\"><strong>Confira os filmes da semana na Sess\u00e3o da Tarde<\/strong><\/a><\/br>\r\n<a href=\"https:\/\/classindportal.mj.gov.br\/consulta-filmes\" target=\"_blank\" rel=\"noopener\"><strong>Consulte a classifica\u00e7\u00e3o indicativa dos filmes e novelas<\/strong><\/a><\/br><\/div>\n","protected":false},"excerpt":{"rendered":"<p>\u00cata Mundo Melhor!: Candinho coroa Dita como rainha da r\u00e1dio&#8230; Em \u00cata Mundo Melhor!, Depois de uma disputa acirrada, Dita Ribeiro<\/p>\n","protected":false},"author":1,"featured_media":81679,"comment_status":"closed","ping_status":"closed","sticky":false,"template":"","format":"standard","meta":{"_uf_show_specific_survey":0,"_uf_disable_surveys":false,"_jetpack_memberships_contains_paid_content":false,"footnotes":"","_wp_rev_ctl_limit":""},"categories":[920],"tags":[921,5,64],"class_list":["post-81678","post","type-post","status-publish","format-standard","has-post-thumbnail","hentry","category-eta-mundo-melhor","tag-eta-mundo-melhor","tag-globo","tag-novelas","wpcat-920-id"],"aioseo_notices":[],"jetpack_featured_media_url":"https:\/\/i0.wp.com\/www.tvnovelas.com.br\/tvnews\/wp-content\/uploads\/2025\/09\/11929.jpg?fit=727%2C410&ssl=1","jetpack_shortlink":"https:\/\/wp.me\/pdP2BO-lfo","jetpack_sharing_enabled":true,"_links":{"self":[{"href":"https:\/\/www.tvnovelas.com.br\/tvnews\/wp-json\/wp\/v2\/posts\/81678","targetHints":{"allow":["GET"]}}],"collection":[{"href":"https:\/\/www.tvnovelas.com.br\/tvnews\/wp-json\/wp\/v2\/posts"}],"about":[{"href":"https:\/\/www.tvnovelas.com.br\/tvnews\/wp-json\/wp\/v2\/types\/post"}],"author":[{"embeddable":true,"href":"https:\/\/www.tvnovelas.com.br\/tvnews\/wp-json\/wp\/v2\/users\/1"}],"replies":[{"embeddable":true,"href":"https:\/\/www.tvnovelas.com.br\/tvnews\/wp-json\/wp\/v2\/comments?post=81678"}],"version-history":[{"count":3,"href":"https:\/\/www.tvnovelas.com.br\/tvnews\/wp-json\/wp\/v2\/posts\/81678\/revisions"}],"predecessor-version":[{"id":81682,"href":"https:\/\/www.tvnovelas.com.br\/tvnews\/wp-json\/wp\/v2\/posts\/81678\/revisions\/81682"}],"wp:featuredmedia":[{"embeddable":true,"href":"https:\/\/www.tvnovelas.com.br\/tvnews\/wp-json\/wp\/v2\/media\/81679"}],"wp:attachment":[{"href":"https:\/\/www.tvnovelas.com.br\/tvnews\/wp-json\/wp\/v2\/media?parent=81678"}],"wp:term":[{"taxonomy":"category","embeddable":true,"href":"https:\/\/www.tvnovelas.com.br\/tvnews\/wp-json\/wp\/v2\/categories?post=81678"},{"taxonomy":"post_tag","embeddable":true,"href":"https:\/\/www.tvnovelas.com.br\/tvnews\/wp-json\/wp\/v2\/tags?post=81678"}],"curies":[{"name":"wp","href":"https:\/\/api.w.org\/{rel}","templated":true}]}}