{"id":81684,"date":"2025-09-03T08:46:43","date_gmt":"2025-09-03T11:46:43","guid":{"rendered":"https:\/\/www.tvnovelas.com.br\/tvnews\/?p=81684"},"modified":"2025-09-03T08:52:49","modified_gmt":"2025-09-03T11:52:49","slug":"dona-de-mim-filipa-pede-jaques-contrata-leo","status":"publish","type":"post","link":"https:\/\/www.tvnovelas.com.br\/tvnews\/dona-de-mim-filipa-pede-jaques-contrata-leo\/","title":{"rendered":"Dona de Mim: Filipa pede e Jaques contrata Leo"},"content":{"rendered":"<figure id=\"attachment_81685\" aria-describedby=\"caption-attachment-81685\" style=\"width: 727px\" class=\"wp-caption alignnone\"><img data-recalc-dims=\"1\" decoding=\"async\" class=\"wp-image-81685 size-full\" title=\"(Foto: TV Globo\/Dona de Mim)\" src=\"https:\/\/i0.wp.com\/www.tvnovelas.com.br\/tvnews\/wp-content\/uploads\/2025\/09\/11930.jpg?resize=727%2C410&#038;ssl=1\" alt=\"Foto em Dona de Mim: Filipa pede Jaques e contrata Leo\" width=\"727\" height=\"410\" srcset=\"https:\/\/i0.wp.com\/www.tvnovelas.com.br\/tvnews\/wp-content\/uploads\/2025\/09\/11930.jpg?w=727&amp;ssl=1 727w, https:\/\/i0.wp.com\/www.tvnovelas.com.br\/tvnews\/wp-content\/uploads\/2025\/09\/11930.jpg?resize=250%2C141&amp;ssl=1 250w\" sizes=\"(max-width: 727px) 100vw, 727px\" \/><figcaption id=\"caption-attachment-81685\" class=\"wp-caption-text\">Dona de Mim: Filipa pede e Jaques contrata Leo<\/figcaption><\/figure>\n<p>Em Dona de Mim, Jaques (Marcello Novaes) armou para cima de Leo (Clara Moneke) e tratou de demitir a bab\u00e1 da mans\u00e3o. Desde ent\u00e3o, a jovem est\u00e1 \u00e0 procura de um novo emprego. E n\u00e3o vai pensar duas vezes em se candidatar para fazer umas horinhas extras na Boaz, surpreendendo at\u00e9 mesmo Samuel (Juan Paiva).<\/p>\n<p>Jaques promete esbarrar com a garota pela f\u00e1brica e arma o maior clim\u00e3o! &#8220;Sai da minha f\u00e1brica agora&#8221;, ordena o vil\u00e3o.<\/p>\n<p>&#8220;Tamb\u00e9m n\u00e3o fa\u00e7o a menor quest\u00e3o de olhar pra tua cara! Mas voc\u00eas t\u00e3o precisando de funcion\u00e1ria! E segundo o exame admissional, eu t\u00f4 apta a trabalhar&#8221;, rebate ela.<\/p>\n<p>Quem fica surpresa ao saber que Leo foi recusada no processo seletivo \u00e9 Filipa (Claudia Abreu), que pede uma segunda chance \u00e0 menina: &#8220;A Leo precisa trabalhar pra viver. Faz isso por ela? Se n\u00e3o por ela, por mim?&#8221;.<\/p>\n<p>Vencido, Jaques dispara:<\/p>\n<p>&#8220;Danilo, se a Leona preenche todos os requisitos para a fun\u00e7\u00e3o, contrata&#8221;.<br \/>\n<!--FIM--><br \/>\n<strong>Sobre a novela<\/strong><br \/>\n<a href=\"https:\/\/wp.me\/pfspD2-UO\" target=\"_blank\" rel=\"noopener\">Dona de Mim: A trama da novela<\/a><br \/>\n<a href=\"https:\/\/wp.me\/pfspD2-UG\" target=\"_blank\" rel=\"noopener\">Dona de Mim: A fam\u00edlia Boaz e seu imp\u00e9rio de lingerie<\/a><\/p>\n<div style=\"font-size: 120%;\"><h3>Confira tamb\u00e9m<\/h3>\r\n<a href=\"https:\/\/tvnovelas.com.br\/novelas\/\" rel=\"noopener\" target=\"_blank\"><strong>Todos os resumos de novelas<\/strong><\/a><\/br>\r\n<a href=\"https:\/\/www.tvnovelas.com.br\/tvnews\/\" rel=\"noopener\" target=\"_blank\"><strong>\u00daltimas not\u00edcias das novelas<\/strong><\/a><\/br>\r\n<a href=\"https:\/\/www.tvnovelas.com.br\/filmes\/\" target=\"_blank\" rel=\"noopener noreferrer\"><strong>Programa\u00e7\u00e3o de filmes na TV aberta<\/strong><\/a><\/br>\r\n<a href=\"https:\/\/caetenews.com.br\/semana\/filmes-da-globo-na-sessao-da-tarde-desta-semana\/\" target=\"_blank\" rel=\"noopener\"><strong>Confira os filmes da semana na Sess\u00e3o da Tarde<\/strong><\/a><\/br>\r\n<a href=\"https:\/\/classindportal.mj.gov.br\/consulta-filmes\" target=\"_blank\" rel=\"noopener\"><strong>Consulte a classifica\u00e7\u00e3o indicativa dos filmes e novelas<\/strong><\/a><\/br><\/div>\n","protected":false},"excerpt":{"rendered":"<p>Dona de Mim: Filipa pede e Jaques contrata Leo&#8230; Em Dona de Mim, Jaques (Marcello Novaes) armou para cima de Leo (Clara Moneke) e tratou de demitir&#8230;<\/p>\n","protected":false},"author":1,"featured_media":81685,"comment_status":"closed","ping_status":"closed","sticky":false,"template":"","format":"standard","meta":{"_uf_show_specific_survey":0,"_uf_disable_surveys":false,"_jetpack_memberships_contains_paid_content":false,"footnotes":"","_wp_rev_ctl_limit":""},"categories":[884],"tags":[883,5,64],"class_list":["post-81684","post","type-post","status-publish","format-standard","has-post-thumbnail","hentry","category-dona-de-mim","tag-dona-de-mim","tag-globo","tag-novelas","wpcat-884-id"],"aioseo_notices":[],"jetpack_featured_media_url":"https:\/\/i0.wp.com\/www.tvnovelas.com.br\/tvnews\/wp-content\/uploads\/2025\/09\/11930.jpg?fit=727%2C410&ssl=1","jetpack_shortlink":"https:\/\/wp.me\/pdP2BO-lfu","jetpack_sharing_enabled":true,"_links":{"self":[{"href":"https:\/\/www.tvnovelas.com.br\/tvnews\/wp-json\/wp\/v2\/posts\/81684","targetHints":{"allow":["GET"]}}],"collection":[{"href":"https:\/\/www.tvnovelas.com.br\/tvnews\/wp-json\/wp\/v2\/posts"}],"about":[{"href":"https:\/\/www.tvnovelas.com.br\/tvnews\/wp-json\/wp\/v2\/types\/post"}],"author":[{"embeddable":true,"href":"https:\/\/www.tvnovelas.com.br\/tvnews\/wp-json\/wp\/v2\/users\/1"}],"replies":[{"embeddable":true,"href":"https:\/\/www.tvnovelas.com.br\/tvnews\/wp-json\/wp\/v2\/comments?post=81684"}],"version-history":[{"count":3,"href":"https:\/\/www.tvnovelas.com.br\/tvnews\/wp-json\/wp\/v2\/posts\/81684\/revisions"}],"predecessor-version":[{"id":81690,"href":"https:\/\/www.tvnovelas.com.br\/tvnews\/wp-json\/wp\/v2\/posts\/81684\/revisions\/81690"}],"wp:featuredmedia":[{"embeddable":true,"href":"https:\/\/www.tvnovelas.com.br\/tvnews\/wp-json\/wp\/v2\/media\/81685"}],"wp:attachment":[{"href":"https:\/\/www.tvnovelas.com.br\/tvnews\/wp-json\/wp\/v2\/media?parent=81684"}],"wp:term":[{"taxonomy":"category","embeddable":true,"href":"https:\/\/www.tvnovelas.com.br\/tvnews\/wp-json\/wp\/v2\/categories?post=81684"},{"taxonomy":"post_tag","embeddable":true,"href":"https:\/\/www.tvnovelas.com.br\/tvnews\/wp-json\/wp\/v2\/tags?post=81684"}],"curies":[{"name":"wp","href":"https:\/\/api.w.org\/{rel}","templated":true}]}}