{"id":81701,"date":"2025-09-03T09:37:09","date_gmt":"2025-09-03T12:37:09","guid":{"rendered":"https:\/\/www.tvnovelas.com.br\/tvnews\/?p=81701"},"modified":"2025-09-03T09:37:09","modified_gmt":"2025-09-03T12:37:09","slug":"cafe-com-aroma-de-mulher-marcela-decide-manter-a-gravidez","status":"publish","type":"post","link":"https:\/\/www.tvnovelas.com.br\/tvnews\/cafe-com-aroma-de-mulher-marcela-decide-manter-a-gravidez\/","title":{"rendered":"Caf\u00e9 Com Aroma de Mulher: Marcela decide manter a gravidez"},"content":{"rendered":"<figure id=\"attachment_81702\" aria-describedby=\"caption-attachment-81702\" style=\"width: 728px\" class=\"wp-caption alignnone\"><img data-recalc-dims=\"1\" decoding=\"async\" class=\"wp-image-81702 size-full\" title=\"(Foto: Band\/Caf\u00e9 Com Aroma de Mulher)\" src=\"https:\/\/i0.wp.com\/www.tvnovelas.com.br\/tvnews\/wp-content\/uploads\/2025\/09\/11932.jpg?resize=728%2C410&#038;ssl=1\" alt=\"Foto em Caf\u00e9 Com Aroma de Mulher: Marcela decide manter a gravidez\" width=\"728\" height=\"410\" srcset=\"https:\/\/i0.wp.com\/www.tvnovelas.com.br\/tvnews\/wp-content\/uploads\/2025\/09\/11932.jpg?w=728&amp;ssl=1 728w, https:\/\/i0.wp.com\/www.tvnovelas.com.br\/tvnews\/wp-content\/uploads\/2025\/09\/11932.jpg?resize=250%2C141&amp;ssl=1 250w\" sizes=\"(max-width: 728px) 100vw, 728px\" \/><figcaption id=\"caption-attachment-81702\" class=\"wp-caption-text\">Caf\u00e9 Com Aroma de Mulher: Marcela decide manter a gravidez<\/figcaption><\/figure>\n<p>Em Caf\u00e9 Com Aroma de Mulher desta quarta, dia 03, J\u00falia pede desculpas n\u00e3o s\u00f3 a Marcela, mas tamb\u00e9m a Lemarcus, que, desde o in\u00edcio, s\u00f3 queria conquistar seu amor e carinho. Sentir o apoio da m\u00e3e faz com que a chef decida ter o filho que espera com seu amado. O casal est\u00e1 prestes a formar a fam\u00edlia com a qual sempre sonharam.<\/p>\n<p>Por outro lado, num ato de coragem, M\u00e1rcia atende aos apelos de Gaviota e ousa testemunhar contra Carlos Mario e Iv\u00e1n no julgamento em que Sebasti\u00e1n colocar\u00e1 sua liberdade em risco. A mulher quer ver o marido trancado entre quatro paredes e, para isso, possui as provas necess\u00e1rias.<\/p>\n<p>Resumo do cap\u00edtulo de hoje:<\/p>\n<h2 style=\"color: #b9375d;\">Resumo de quarta-feira, 03 de setembro<\/h2>\n<p>L\u00facia quer se redimir com Sebasti\u00e3o e Lucr\u00e9cia sugere que ela desista da acusa\u00e7\u00e3o que pesa sobre o ex-marido. Ivan procura escapar, entretanto, \u00e9 convocado pela promotoria a prestar depoimento. Marcela decide ter a crian\u00e7a e se reconcilia com Lemarcus. Julia se desculpa com a fam\u00edlia por atitudes equivocadas. M\u00e1rcia desiste de desaparecer. Ivan \u00e9 for\u00e7ado a assistir \u00e0 audi\u00eancia que evidencia suas fraudes. A esposa de Carlos M\u00e1rio concorda em testemunhar contra ele, por\u00e9m falta prova formal.<\/p>\n<p><a href=\"https:\/\/tvnovelas.com.br\/novelas\/resumos-de-cafe-com-aroma-de-mulher\/\"> Confira os resumos dos \u00faltimos cap\u00edtulos<\/a><br \/>\n<!--FIM--><br \/>\n<strong>Sobre a novela<\/strong><br \/>\n<a href=\"https:\/\/wp.me\/pfspD2-UX\" target=\"_blank\" rel=\"noopener\">&#8216;Caf\u00e9 Com Aroma de Mulher&#8217;: Um amor proibido (Sinopse e personagens)<\/a><\/p>\n<div style=\"font-size: 120%;\"><h3>Confira tamb\u00e9m<\/h3>\r\n<a href=\"https:\/\/tvnovelas.com.br\/novelas\/\" rel=\"noopener\" target=\"_blank\"><strong>Todos os resumos de novelas<\/strong><\/a><\/br>\r\n<a href=\"https:\/\/www.tvnovelas.com.br\/tvnews\/\" rel=\"noopener\" target=\"_blank\"><strong>\u00daltimas not\u00edcias das novelas<\/strong><\/a><\/br>\r\n<a href=\"https:\/\/www.tvnovelas.com.br\/filmes\/\" target=\"_blank\" rel=\"noopener noreferrer\"><strong>Programa\u00e7\u00e3o de filmes na TV aberta<\/strong><\/a><\/br>\r\n<a href=\"https:\/\/caetenews.com.br\/semana\/filmes-da-globo-na-sessao-da-tarde-desta-semana\/\" target=\"_blank\" rel=\"noopener\"><strong>Confira os filmes da semana na Sess\u00e3o da Tarde<\/strong><\/a><\/br>\r\n<a href=\"https:\/\/classindportal.mj.gov.br\/consulta-filmes\" target=\"_blank\" rel=\"noopener\"><strong>Consulte a classifica\u00e7\u00e3o indicativa dos filmes e novelas<\/strong><\/a><\/br><\/div>\n","protected":false},"excerpt":{"rendered":"<p>Caf\u00e9 Com Aroma de Mulher: Marcela decide manter a gravidez&#8230;. Em Caf\u00e9 Com Aroma de Mulher desta quarta, dia 03, J\u00falia pede desculpas n\u00e3o s\u00f3 a Marcela&#8230;<\/p>\n","protected":false},"author":1,"featured_media":81702,"comment_status":"closed","ping_status":"closed","sticky":false,"template":"","format":"standard","meta":{"_uf_show_specific_survey":0,"_uf_disable_surveys":false,"_jetpack_memberships_contains_paid_content":false,"footnotes":"","_wp_rev_ctl_limit":""},"categories":[353],"tags":[919,64,13],"class_list":["post-81701","post","type-post","status-publish","format-standard","has-post-thumbnail","hentry","category-resumos-de-novelas","tag-cafe-com-aroma-de-mulher","tag-novelas","tag-sbt","wpcat-353-id"],"aioseo_notices":[],"jetpack_featured_media_url":"https:\/\/i0.wp.com\/www.tvnovelas.com.br\/tvnews\/wp-content\/uploads\/2025\/09\/11932.jpg?fit=728%2C410&ssl=1","jetpack_shortlink":"https:\/\/wp.me\/pdP2BO-lfL","jetpack_sharing_enabled":true,"_links":{"self":[{"href":"https:\/\/www.tvnovelas.com.br\/tvnews\/wp-json\/wp\/v2\/posts\/81701","targetHints":{"allow":["GET"]}}],"collection":[{"href":"https:\/\/www.tvnovelas.com.br\/tvnews\/wp-json\/wp\/v2\/posts"}],"about":[{"href":"https:\/\/www.tvnovelas.com.br\/tvnews\/wp-json\/wp\/v2\/types\/post"}],"author":[{"embeddable":true,"href":"https:\/\/www.tvnovelas.com.br\/tvnews\/wp-json\/wp\/v2\/users\/1"}],"replies":[{"embeddable":true,"href":"https:\/\/www.tvnovelas.com.br\/tvnews\/wp-json\/wp\/v2\/comments?post=81701"}],"version-history":[{"count":1,"href":"https:\/\/www.tvnovelas.com.br\/tvnews\/wp-json\/wp\/v2\/posts\/81701\/revisions"}],"predecessor-version":[{"id":81703,"href":"https:\/\/www.tvnovelas.com.br\/tvnews\/wp-json\/wp\/v2\/posts\/81701\/revisions\/81703"}],"wp:featuredmedia":[{"embeddable":true,"href":"https:\/\/www.tvnovelas.com.br\/tvnews\/wp-json\/wp\/v2\/media\/81702"}],"wp:attachment":[{"href":"https:\/\/www.tvnovelas.com.br\/tvnews\/wp-json\/wp\/v2\/media?parent=81701"}],"wp:term":[{"taxonomy":"category","embeddable":true,"href":"https:\/\/www.tvnovelas.com.br\/tvnews\/wp-json\/wp\/v2\/categories?post=81701"},{"taxonomy":"post_tag","embeddable":true,"href":"https:\/\/www.tvnovelas.com.br\/tvnews\/wp-json\/wp\/v2\/tags?post=81701"}],"curies":[{"name":"wp","href":"https:\/\/api.w.org\/{rel}","templated":true}]}}