{"id":81715,"date":"2025-09-03T11:56:48","date_gmt":"2025-09-03T14:56:48","guid":{"rendered":"https:\/\/www.tvnovelas.com.br\/tvnews\/?p=81715"},"modified":"2025-09-03T11:56:48","modified_gmt":"2025-09-03T14:56:48","slug":"a-caverna-encantada-norma-diz-que-gabriel-e-pilar-agem-por-vinganca","status":"publish","type":"post","link":"https:\/\/www.tvnovelas.com.br\/tvnews\/a-caverna-encantada-norma-diz-que-gabriel-e-pilar-agem-por-vinganca\/","title":{"rendered":"A Caverna Encantada: Norma diz que Gabriel e Pilar agem por vingan\u00e7a"},"content":{"rendered":"<figure id=\"attachment_81716\" aria-describedby=\"caption-attachment-81716\" style=\"width: 728px\" class=\"wp-caption alignnone\"><img data-recalc-dims=\"1\" decoding=\"async\" class=\"wp-image-81716 size-full\" title=\"(Foto: SBT\/A Caverna Encantada)\" src=\"https:\/\/i0.wp.com\/www.tvnovelas.com.br\/tvnews\/wp-content\/uploads\/2025\/09\/11934.jpg?resize=728%2C410&#038;ssl=1\" alt=\"Foto em A Caverna Encantada: Norma diz que Gabriel e Pilar agem por vingan\u00e7a\" width=\"728\" height=\"410\" srcset=\"https:\/\/i0.wp.com\/www.tvnovelas.com.br\/tvnews\/wp-content\/uploads\/2025\/09\/11934.jpg?w=728&amp;ssl=1 728w, https:\/\/i0.wp.com\/www.tvnovelas.com.br\/tvnews\/wp-content\/uploads\/2025\/09\/11934.jpg?resize=250%2C141&amp;ssl=1 250w\" sizes=\"(max-width: 728px) 100vw, 728px\" \/><figcaption id=\"caption-attachment-81716\" class=\"wp-caption-text\">A Caverna Encantada: Norma diz que Gabriel e Pilar agem por vingan\u00e7a<\/figcaption><\/figure>\n<p>No cap\u00edtulo de A Caverna Encantada desta quarta, dia 03, Gabriel e Pilar acionam a pol\u00edcia, mas Norma manipula a situa\u00e7\u00e3o: convence os agentes de que os dois foram demitidos e agora agem por vingan\u00e7a, negando qualquer tipo de maus-tratos aos alunos.<\/p>\n<p>Nesse momento, Flora entra em cena e, de forma mentirosa, a elogia como uma diretora carinhosa o suficiente para se tornar testemunha contra o casal, que acaba sendo conduzido \u00e0 delegacia.<\/p>\n<p>Enquanto isso, Lav\u00ednia chega em Belo Horizonte de helic\u00f3ptero, determinada a convencer Anna a retornar \u00e0 Milagres. Unindo for\u00e7as, os grupos Lu\u00edses e L\u00facias se preparam para combater a diretora. C\u00e9sar retorna a Milagres decidido a resgatar Elisa, mas, ao encontr\u00e1-la, \u00e9 surpreendido e amarrado por Flora.<\/p>\n<p>E mais: Isadora e Manu percebem que a \u00fanica forma de salvar o col\u00e9gio \u00e9 quebrar a conex\u00e3o mental sombria que une Norma a Safira.<br \/>\n<!--FIM--><\/p>\n<div style=\"font-size: 120%;\"><h3>Confira tamb\u00e9m<\/h3>\r\n<a href=\"https:\/\/tvnovelas.com.br\/novelas\/\" rel=\"noopener\" target=\"_blank\"><strong>Todos os resumos de novelas<\/strong><\/a><\/br>\r\n<a href=\"https:\/\/www.tvnovelas.com.br\/tvnews\/\" rel=\"noopener\" target=\"_blank\"><strong>\u00daltimas not\u00edcias das novelas<\/strong><\/a><\/br>\r\n<a href=\"https:\/\/www.tvnovelas.com.br\/filmes\/\" target=\"_blank\" rel=\"noopener noreferrer\"><strong>Programa\u00e7\u00e3o de filmes na TV aberta<\/strong><\/a><\/br>\r\n<a href=\"https:\/\/caetenews.com.br\/semana\/filmes-da-globo-na-sessao-da-tarde-desta-semana\/\" target=\"_blank\" rel=\"noopener\"><strong>Confira os filmes da semana na Sess\u00e3o da Tarde<\/strong><\/a><\/br>\r\n<a href=\"https:\/\/classindportal.mj.gov.br\/consulta-filmes\" target=\"_blank\" rel=\"noopener\"><strong>Consulte a classifica\u00e7\u00e3o indicativa dos filmes e novelas<\/strong><\/a><\/br><\/div>\n","protected":false},"excerpt":{"rendered":"<p>A Caverna Encantada: Norma diz que Gabriel e Pilar agem por vingan\u00e7a&#8230;. No cap\u00edtulo de A Caverna Encantada desta quarta, dia 03, Gabriel e Pilar acionam a pol\u00edcia&#8230;<\/p>\n","protected":false},"author":1,"featured_media":81716,"comment_status":"closed","ping_status":"closed","sticky":false,"template":"","format":"standard","meta":{"_uf_show_specific_survey":0,"_uf_disable_surveys":false,"_jetpack_memberships_contains_paid_content":false,"footnotes":"","_wp_rev_ctl_limit":""},"categories":[766],"tags":[767,64,13],"class_list":["post-81715","post","type-post","status-publish","format-standard","has-post-thumbnail","hentry","category-a-caverna-encantada","tag-a-caverna-encantada","tag-novelas","tag-sbt","wpcat-766-id"],"aioseo_notices":[],"jetpack_featured_media_url":"https:\/\/i0.wp.com\/www.tvnovelas.com.br\/tvnews\/wp-content\/uploads\/2025\/09\/11934.jpg?fit=728%2C410&ssl=1","jetpack_shortlink":"https:\/\/wp.me\/pdP2BO-lfZ","jetpack_sharing_enabled":true,"_links":{"self":[{"href":"https:\/\/www.tvnovelas.com.br\/tvnews\/wp-json\/wp\/v2\/posts\/81715","targetHints":{"allow":["GET"]}}],"collection":[{"href":"https:\/\/www.tvnovelas.com.br\/tvnews\/wp-json\/wp\/v2\/posts"}],"about":[{"href":"https:\/\/www.tvnovelas.com.br\/tvnews\/wp-json\/wp\/v2\/types\/post"}],"author":[{"embeddable":true,"href":"https:\/\/www.tvnovelas.com.br\/tvnews\/wp-json\/wp\/v2\/users\/1"}],"replies":[{"embeddable":true,"href":"https:\/\/www.tvnovelas.com.br\/tvnews\/wp-json\/wp\/v2\/comments?post=81715"}],"version-history":[{"count":1,"href":"https:\/\/www.tvnovelas.com.br\/tvnews\/wp-json\/wp\/v2\/posts\/81715\/revisions"}],"predecessor-version":[{"id":81717,"href":"https:\/\/www.tvnovelas.com.br\/tvnews\/wp-json\/wp\/v2\/posts\/81715\/revisions\/81717"}],"wp:featuredmedia":[{"embeddable":true,"href":"https:\/\/www.tvnovelas.com.br\/tvnews\/wp-json\/wp\/v2\/media\/81716"}],"wp:attachment":[{"href":"https:\/\/www.tvnovelas.com.br\/tvnews\/wp-json\/wp\/v2\/media?parent=81715"}],"wp:term":[{"taxonomy":"category","embeddable":true,"href":"https:\/\/www.tvnovelas.com.br\/tvnews\/wp-json\/wp\/v2\/categories?post=81715"},{"taxonomy":"post_tag","embeddable":true,"href":"https:\/\/www.tvnovelas.com.br\/tvnews\/wp-json\/wp\/v2\/tags?post=81715"}],"curies":[{"name":"wp","href":"https:\/\/api.w.org\/{rel}","templated":true}]}}