{"id":81740,"date":"2025-09-04T08:50:25","date_gmt":"2025-09-04T11:50:25","guid":{"rendered":"https:\/\/www.tvnovelas.com.br\/tvnews\/?p=81740"},"modified":"2025-09-04T08:52:56","modified_gmt":"2025-09-04T11:52:56","slug":"vale-tudo-odete-no-limite-enquadra-ana-clara","status":"publish","type":"post","link":"https:\/\/www.tvnovelas.com.br\/tvnews\/vale-tudo-odete-no-limite-enquadra-ana-clara\/","title":{"rendered":"Vale Tudo: Odete no limite enquadra Ana Clara"},"content":{"rendered":"<figure id=\"attachment_81742\" aria-describedby=\"caption-attachment-81742\" style=\"width: 728px\" class=\"wp-caption alignnone\"><img data-recalc-dims=\"1\" decoding=\"async\" class=\"wp-image-81742 size-full\" title=\"(Foto: TV Globo\/Vale Tudo)\" src=\"https:\/\/i0.wp.com\/www.tvnovelas.com.br\/tvnews\/wp-content\/uploads\/2025\/09\/11938.jpg?resize=728%2C410&#038;ssl=1\" alt=\"Foto em Vale Tudo: Odete no limite enquadra Ana Clara\" width=\"728\" height=\"410\" srcset=\"https:\/\/i0.wp.com\/www.tvnovelas.com.br\/tvnews\/wp-content\/uploads\/2025\/09\/11938.jpg?w=728&amp;ssl=1 728w, https:\/\/i0.wp.com\/www.tvnovelas.com.br\/tvnews\/wp-content\/uploads\/2025\/09\/11938.jpg?resize=250%2C141&amp;ssl=1 250w\" sizes=\"(max-width: 728px) 100vw, 728px\" \/><figcaption id=\"caption-attachment-81742\" class=\"wp-caption-text\">Vale Tudo: Odete no limite enquadra Ana Clara<\/figcaption><\/figure>\n<p>Em Vale Tudo, Ana Clara (Samatha Jones) est\u00e1 focada em tirar alguns bilh\u00f5es de Odete Roitman (Debora Bloch). A jovem tem cercado a empres\u00e1ria por todos os lados; al\u00e9m de se casar com Leonardo (Guilherme Magon), for\u00e7ou uma aproxima\u00e7\u00e3o de Heleninha (Paolla Oliveira), aparecendo nas reuni\u00f5es do AA. Acontece que Odete chegar\u00e1 ao seu limite e tomar\u00e1 uma atitude.<\/p>\n<p>A empres\u00e1ria aparecer\u00e1 de surpresa no casebre, acompanhada de enfermeiros.<\/p>\n<p>\u201cO que \u00e9 isso?\u201d, vai perguntar Ana Clara, no susto.<\/p>\n<p>\u201cChega, meu bem. Voc\u00ea abusou da minha paci\u00eancia e ela acabou\u201d, dir\u00e1 ela. \u201cAcabou a palha\u00e7ada. Eu vim tirar o Leonardo daqui. Ele vai ser transferido.\u201d<\/p>\n<p>Odete dir\u00e1 que Ana Clara desperdi\u00e7ou a chance da vida dela e que ir\u00e1 transferir Leonardo para uma cl\u00ednica no Sul. Neste momento, a jovem come\u00e7ar\u00e1 a implorar para que a vil\u00e3 mude de ideia.<\/p>\n<p>\u201cN\u00e3o, dona Odete. Por favor! N\u00e3o faz isso. N\u00e3o vai acontecer de novo. Eu prometo. Eu n\u00e3o vou mais procurar a Heleninha\u201d, dir\u00e1 ela. \u201cEu s\u00f3 t\u00f4 pedindo uma chance. Me d\u00e1 s\u00f3 mais uma chance.\u201d<\/p>\n<p>A cena bolada por Odete surtir\u00e1 efeito e ele colocar\u00e1 suas condi\u00e7\u00f5es na mesa para Ana Clara.<\/p>\n<p>\u201cEscuta bem, que eu s\u00f3 vou falar uma vez: eu n\u00e3o quero mais voc\u00ea me ligando. N\u00e3o quero mais voc\u00ea rondando a Heleninha no AA. T\u00e1 me escutando? E se a maluca da minha filha te ligar, \u00e9 pra voc\u00ea ignorar. Est\u00e1 me entendendo?\u201d<br \/>\n<!--FIM--><br \/>\n<strong>Sobre a novela<\/strong><br \/>\n<a href=\"https:\/\/wp.me\/pfspD2-U7\" target=\"_blank\" rel=\"noopener\">Vale Tudo: Conflitos de princ\u00edpios e valores (Sinopse)<\/a><\/p>\n<p><a href=\"https:\/\/wp.me\/pfspD2-oI\" target=\"_blank\" rel=\"noopener\">Vale Tudo: Invers\u00e3o de valores no final dos anos erdade1980<\/a> (Sinopse)<\/p>\n<div style=\"font-size: 120%;\"><h3>Confira tamb\u00e9m<\/h3>\r\n<a href=\"https:\/\/tvnovelas.com.br\/novelas\/\" rel=\"noopener\" target=\"_blank\"><strong>Todos os resumos de novelas<\/strong><\/a><\/br>\r\n<a href=\"https:\/\/www.tvnovelas.com.br\/tvnews\/\" rel=\"noopener\" target=\"_blank\"><strong>\u00daltimas not\u00edcias das novelas<\/strong><\/a><\/br>\r\n<a href=\"https:\/\/www.tvnovelas.com.br\/filmes\/\" target=\"_blank\" rel=\"noopener noreferrer\"><strong>Programa\u00e7\u00e3o de filmes na TV aberta<\/strong><\/a><\/br>\r\n<a href=\"https:\/\/caetenews.com.br\/semana\/filmes-da-globo-na-sessao-da-tarde-desta-semana\/\" target=\"_blank\" rel=\"noopener\"><strong>Confira os filmes da semana na Sess\u00e3o da Tarde<\/strong><\/a><\/br>\r\n<a href=\"https:\/\/classindportal.mj.gov.br\/consulta-filmes\" target=\"_blank\" rel=\"noopener\"><strong>Consulte a classifica\u00e7\u00e3o indicativa dos filmes e novelas<\/strong><\/a><\/br><\/div>\n","protected":false},"excerpt":{"rendered":"<p>Vale Tudo: Odete no limite enquadra Ana Clara&#8230; Em Vale Tudo, Ana Clara (Samatha Jones) est\u00e1 focada em tirar alguns bilh\u00f5es de Odete Roitman (Debora Bloch)&#8230;.<\/p>\n","protected":false},"author":1,"featured_media":81742,"comment_status":"closed","ping_status":"closed","sticky":false,"template":"","format":"standard","meta":{"_uf_show_specific_survey":0,"_uf_disable_surveys":false,"_jetpack_memberships_contains_paid_content":false,"footnotes":"","_wp_rev_ctl_limit":""},"categories":[353,871],"tags":[5,64,801],"class_list":["post-81740","post","type-post","status-publish","format-standard","has-post-thumbnail","hentry","category-resumos-de-novelas","category-vale-tudo","tag-globo","tag-novelas","tag-vale-tudo","wpcat-353-id","wpcat-871-id"],"aioseo_notices":[],"jetpack_featured_media_url":"https:\/\/i0.wp.com\/www.tvnovelas.com.br\/tvnews\/wp-content\/uploads\/2025\/09\/11938.jpg?fit=728%2C410&ssl=1","jetpack_shortlink":"https:\/\/wp.me\/pdP2BO-lgo","jetpack_sharing_enabled":true,"_links":{"self":[{"href":"https:\/\/www.tvnovelas.com.br\/tvnews\/wp-json\/wp\/v2\/posts\/81740","targetHints":{"allow":["GET"]}}],"collection":[{"href":"https:\/\/www.tvnovelas.com.br\/tvnews\/wp-json\/wp\/v2\/posts"}],"about":[{"href":"https:\/\/www.tvnovelas.com.br\/tvnews\/wp-json\/wp\/v2\/types\/post"}],"author":[{"embeddable":true,"href":"https:\/\/www.tvnovelas.com.br\/tvnews\/wp-json\/wp\/v2\/users\/1"}],"replies":[{"embeddable":true,"href":"https:\/\/www.tvnovelas.com.br\/tvnews\/wp-json\/wp\/v2\/comments?post=81740"}],"version-history":[{"count":3,"href":"https:\/\/www.tvnovelas.com.br\/tvnews\/wp-json\/wp\/v2\/posts\/81740\/revisions"}],"predecessor-version":[{"id":81746,"href":"https:\/\/www.tvnovelas.com.br\/tvnews\/wp-json\/wp\/v2\/posts\/81740\/revisions\/81746"}],"wp:featuredmedia":[{"embeddable":true,"href":"https:\/\/www.tvnovelas.com.br\/tvnews\/wp-json\/wp\/v2\/media\/81742"}],"wp:attachment":[{"href":"https:\/\/www.tvnovelas.com.br\/tvnews\/wp-json\/wp\/v2\/media?parent=81740"}],"wp:term":[{"taxonomy":"category","embeddable":true,"href":"https:\/\/www.tvnovelas.com.br\/tvnews\/wp-json\/wp\/v2\/categories?post=81740"},{"taxonomy":"post_tag","embeddable":true,"href":"https:\/\/www.tvnovelas.com.br\/tvnews\/wp-json\/wp\/v2\/tags?post=81740"}],"curies":[{"name":"wp","href":"https:\/\/api.w.org\/{rel}","templated":true}]}}