{"id":81752,"date":"2025-09-04T09:36:40","date_gmt":"2025-09-04T12:36:40","guid":{"rendered":"https:\/\/www.tvnovelas.com.br\/tvnews\/?p=81752"},"modified":"2025-09-04T09:36:40","modified_gmt":"2025-09-04T12:36:40","slug":"as-filhas-da-senhora-garcia-paula-quer-ofelia-e-mar-longe-da-mansao","status":"publish","type":"post","link":"https:\/\/www.tvnovelas.com.br\/tvnews\/as-filhas-da-senhora-garcia-paula-quer-ofelia-e-mar-longe-da-mansao\/","title":{"rendered":"As Filhas da Senhora Garcia: Paula quer Of\u00e9lia e Mar longe da mans\u00e3o"},"content":{"rendered":"<figure id=\"attachment_81753\" aria-describedby=\"caption-attachment-81753\" style=\"width: 728px\" class=\"wp-caption alignnone\"><img data-recalc-dims=\"1\" decoding=\"async\" class=\"wp-image-81753 size-full\" title=\"(Foto: Televisa\/SBT\/As Filhas da Senhora Garcia)\" src=\"https:\/\/i0.wp.com\/www.tvnovelas.com.br\/tvnews\/wp-content\/uploads\/2025\/09\/11940.jpg?resize=728%2C410&#038;ssl=1\" alt=\"Foto em As Filhas da Senhora Garcia: Paula quer Of\u00e9lia e Mar longe da mans\u00e3o\" width=\"728\" height=\"410\" srcset=\"https:\/\/i0.wp.com\/www.tvnovelas.com.br\/tvnews\/wp-content\/uploads\/2025\/09\/11940.jpg?w=728&amp;ssl=1 728w, https:\/\/i0.wp.com\/www.tvnovelas.com.br\/tvnews\/wp-content\/uploads\/2025\/09\/11940.jpg?resize=250%2C141&amp;ssl=1 250w\" sizes=\"(max-width: 728px) 100vw, 728px\" \/><figcaption id=\"caption-attachment-81753\" class=\"wp-caption-text\">As Filhas da Senhora Garcia: Paula quer Of\u00e9lia e Mar longe da mans\u00e3o<\/figcaption><\/figure>\n<p>No cap\u00edtulo de As Filhas da Senhora Garcia desta quinta, dia 4, Rocio e Graciela discutem, e Rocio a empurra justamente quando um \u00f4nibus est\u00e1 passando. Graciela cai, \u00e9 atropelada pelo \u00f4nibus e morre.<\/p>\n<p>Paula diz a Leonardo que com a morte de Graciela, Of\u00e9lia ter\u00e1 mais liberdade e certamente expulsar\u00e1 todos da mans\u00e3o, e que far\u00e1 o que for para que Of\u00e9lia e Mar saiam.<\/p>\n<h2 style=\"color: #b9375d;\">Resumo de quinta-feira, 04 de setembro<\/h2>\n<p>Valeria pede a Amparo que lhe conte como foi a vida de sua m\u00e3e. Amparo diz que Of\u00e9lia sofreu muito, mas que n\u00e3o lhe cabe falar sobre isso. Mar diz a Camila que parece que ela gosta de ficar com o que ela descarta. Rocio e Graciela discutem, e Rocio a empurra justamente quando um \u00f4nibus est\u00e1 passando. Graciela cai, \u00e9 atropelada pelo \u00f4nibus e morre. Mar joga as coisas dela para Camila dentro de uma sacola. Camila, furiosa, a insulta e avisa que ela vai se arrepender. Of\u00e9lia diz que para fazer algo contra Mar teria que passar sobre o corpo dela. Camila responde que assim ser\u00e1. Nicol\u00e1s diz a Arturo que n\u00e3o devem cometer mais erros. Arturo responde que o pai quer que eles usem o pr\u00f3prio dinheiro. Of\u00e9lia diz a Mar que se alegra que ela finalmente assuma o lugar de senhora da casa. Paula faz Mar acreditar que nada teve a ver com ela ser expulsa da mans\u00e3o. Camila diz a Susana que Mar lhe tirou o pai e Juan. Susana responde que Juan se aproximou de Mar porque pensou que o beb\u00ea que ela espera era dele e sugere que ela engravide. Valeria tenta convencer Juan de que Mar \u00e9 boa. Juan responde que a primeira a o trair foi Mar, que o enganava com Lu\u00eds e ficou gr\u00e1vida, por isso n\u00e3o quer saber nada dela. Of\u00e9lia tenta convencer Mar de que n\u00e3o deve confiar em Paula. Mar responde que n\u00e3o quer viver desconfiando de todo mundo. Paula diz a Leonardo que com a morte de Graciela, Of\u00e9lia ter\u00e1 mais liberdade e certamente expulsar\u00e1 todos da mans\u00e3o, e que far\u00e1 o que for para que Of\u00e9lia e Mar saiam.<br \/>\n<!--FIM--><\/p>\n<div style=\"font-size: 120%;\"><h3>Confira tamb\u00e9m<\/h3>\r\n<a href=\"https:\/\/tvnovelas.com.br\/novelas\/\" rel=\"noopener\" target=\"_blank\"><strong>Todos os resumos de novelas<\/strong><\/a><\/br>\r\n<a href=\"https:\/\/www.tvnovelas.com.br\/tvnews\/\" rel=\"noopener\" target=\"_blank\"><strong>\u00daltimas not\u00edcias das novelas<\/strong><\/a><\/br>\r\n<a href=\"https:\/\/www.tvnovelas.com.br\/filmes\/\" target=\"_blank\" rel=\"noopener noreferrer\"><strong>Programa\u00e7\u00e3o de filmes na TV aberta<\/strong><\/a><\/br>\r\n<a href=\"https:\/\/caetenews.com.br\/semana\/filmes-da-globo-na-sessao-da-tarde-desta-semana\/\" target=\"_blank\" rel=\"noopener\"><strong>Confira os filmes da semana na Sess\u00e3o da Tarde<\/strong><\/a><\/br>\r\n<a href=\"https:\/\/classindportal.mj.gov.br\/consulta-filmes\" target=\"_blank\" rel=\"noopener\"><strong>Consulte a classifica\u00e7\u00e3o indicativa dos filmes e novelas<\/strong><\/a><\/br><\/div>\n","protected":false},"excerpt":{"rendered":"<p>As Filhas da Senhora Garcia: Paula quer Of\u00e9lia e Mar longe da mans\u00e3o&#8230; No cap\u00edtulo de As Filhas da Senhora Garcia desta quinta, dia 4, Rocio e Graciela discutem&#8230;<\/p>\n","protected":false},"author":1,"featured_media":81753,"comment_status":"closed","ping_status":"closed","sticky":false,"template":"","format":"standard","meta":{"_uf_show_specific_survey":0,"_uf_disable_surveys":false,"_jetpack_memberships_contains_paid_content":false,"footnotes":"","_wp_rev_ctl_limit":""},"categories":[930],"tags":[931,64,13],"class_list":["post-81752","post","type-post","status-publish","format-standard","has-post-thumbnail","hentry","category-as-filhas-da-senhora-garcia","tag-as-filhas-da-senhora-garcia","tag-novelas","tag-sbt","wpcat-930-id"],"aioseo_notices":[],"jetpack_featured_media_url":"https:\/\/i0.wp.com\/www.tvnovelas.com.br\/tvnews\/wp-content\/uploads\/2025\/09\/11940.jpg?fit=728%2C410&ssl=1","jetpack_shortlink":"https:\/\/wp.me\/pdP2BO-lgA","jetpack_sharing_enabled":true,"_links":{"self":[{"href":"https:\/\/www.tvnovelas.com.br\/tvnews\/wp-json\/wp\/v2\/posts\/81752","targetHints":{"allow":["GET"]}}],"collection":[{"href":"https:\/\/www.tvnovelas.com.br\/tvnews\/wp-json\/wp\/v2\/posts"}],"about":[{"href":"https:\/\/www.tvnovelas.com.br\/tvnews\/wp-json\/wp\/v2\/types\/post"}],"author":[{"embeddable":true,"href":"https:\/\/www.tvnovelas.com.br\/tvnews\/wp-json\/wp\/v2\/users\/1"}],"replies":[{"embeddable":true,"href":"https:\/\/www.tvnovelas.com.br\/tvnews\/wp-json\/wp\/v2\/comments?post=81752"}],"version-history":[{"count":1,"href":"https:\/\/www.tvnovelas.com.br\/tvnews\/wp-json\/wp\/v2\/posts\/81752\/revisions"}],"predecessor-version":[{"id":81754,"href":"https:\/\/www.tvnovelas.com.br\/tvnews\/wp-json\/wp\/v2\/posts\/81752\/revisions\/81754"}],"wp:featuredmedia":[{"embeddable":true,"href":"https:\/\/www.tvnovelas.com.br\/tvnews\/wp-json\/wp\/v2\/media\/81753"}],"wp:attachment":[{"href":"https:\/\/www.tvnovelas.com.br\/tvnews\/wp-json\/wp\/v2\/media?parent=81752"}],"wp:term":[{"taxonomy":"category","embeddable":true,"href":"https:\/\/www.tvnovelas.com.br\/tvnews\/wp-json\/wp\/v2\/categories?post=81752"},{"taxonomy":"post_tag","embeddable":true,"href":"https:\/\/www.tvnovelas.com.br\/tvnews\/wp-json\/wp\/v2\/tags?post=81752"}],"curies":[{"name":"wp","href":"https:\/\/api.w.org\/{rel}","templated":true}]}}