{"id":81777,"date":"2025-09-05T08:19:06","date_gmt":"2025-09-05T11:19:06","guid":{"rendered":"https:\/\/www.tvnovelas.com.br\/tvnews\/?p=81777"},"modified":"2025-09-05T08:19:06","modified_gmt":"2025-09-05T11:19:06","slug":"eta-mundo-melhor-estela-confessa-que-esconde-mais-segredos-de-celso","status":"publish","type":"post","link":"https:\/\/www.tvnovelas.com.br\/tvnews\/eta-mundo-melhor-estela-confessa-que-esconde-mais-segredos-de-celso\/","title":{"rendered":"Eta Mundo Melhor: Estela confessa que esconde mais segredos de Celso"},"content":{"rendered":"<figure id=\"attachment_81778\" aria-describedby=\"caption-attachment-81778\" style=\"width: 728px\" class=\"wp-caption alignnone\"><img data-recalc-dims=\"1\" decoding=\"async\" class=\"wp-image-81778 size-full\" title=\"(Foto: TV Globo\/\u00cata Mundo Melhor!)\" src=\"https:\/\/i0.wp.com\/www.tvnovelas.com.br\/tvnews\/wp-content\/uploads\/2025\/09\/11944.jpg?resize=728%2C410&#038;ssl=1\" alt=\"Foto em Eta Mundo Melhor: Estela confessa que esconde mais segredos de Celso\" width=\"728\" height=\"410\" srcset=\"https:\/\/i0.wp.com\/www.tvnovelas.com.br\/tvnews\/wp-content\/uploads\/2025\/09\/11944.jpg?w=728&amp;ssl=1 728w, https:\/\/i0.wp.com\/www.tvnovelas.com.br\/tvnews\/wp-content\/uploads\/2025\/09\/11944.jpg?resize=250%2C141&amp;ssl=1 250w\" sizes=\"(max-width: 728px) 100vw, 728px\" \/><figcaption id=\"caption-attachment-81778\" class=\"wp-caption-text\">Eta Mundo Melhor: Estela confessa que esconde mais segredos de Celso<\/figcaption><\/figure>\n<p>Em \u00cata Mundo Melhor!, Estela (Larissa Manoela) abriu o cora\u00e7\u00e3o a Celso (Rainer Cadete) e revelou que, h\u00e1 muitos anos, morou junto com um homem mais velho por quem se apaixonou. O primo de Candinho (Sergio Guiz\u00e9) n\u00e3o agiu bem quando soube da not\u00edcia, mas depois se declarou para o seu grande amor. A enfermeira,k no entanto, vai revelar que o mist\u00e9rio continua.<\/p>\n<p>Dita (Jeniffer Nascimento) conversa com Estela e pergunta se ela se entendeu com Celso no dia da revela\u00e7\u00e3o sobre o seu passado.<\/p>\n<p>&#8220;\u00c9 uma longa hist\u00f3ria: Anabela fugiu do hospital, Celso me ajudou a encontr\u00e1-la e acabamos nos entendendo&#8221;, conta a enfermeira.<\/p>\n<p>A cantora expressa sua felicidade pelo desfecho feliz da hist\u00f3ria. Estela tamb\u00e9m revela que Celso a pediu em casamento, e Dita pergunta se ela vai aceitar o pedido.<\/p>\n<p>&#8220;Quero muito me casar com Celso. Estou nas nuvens, minha amiga. E ao mesmo tempo no inferno. [&#8230;] Tenho segredos que n\u00e3o tive coragem de contar para ningu\u00e9m, Dita. Muito menos para o Celso.&#8221;<\/p>\n<p>&#8220;Ara, Estela, mas que diacho de segredos s\u00e3o esse?&#8221;, pergunta Dita, preocupada.<\/p>\n<p>Estela respira fundo e promete contar tudo:<\/p>\n<p>&#8220;Eu vou te contar. S\u00f3 espero que me entenda.&#8221;<br \/>\n<!--FIM--><\/p>\n<h2>Sobre a novela:<\/h2>\n<p><a href=\"https:\/\/tvnovelas.com.br\/page2\/arquivo\/eta-mundo-melhor-a-volta-de-candinho-e-policarpo\/&quot;\" target=\"_blank\" rel=\"noopener\">\u00cata Mundo Melhor!: A volta de Candinho e Policarpo<\/a> (Sinopse)<br \/>\n<a href=\"https:\/\/pt.wikipedia.org\/wiki\/%C3%8Ata_Mundo_Melhor!\" target=\"_blank\" rel=\"noopener\">Sobre \u00cata Mundo Melhor!, na Wikipedia<\/a><\/p>\n<div style=\"font-size: 120%;\"><h3>Confira tamb\u00e9m<\/h3>\r\n<a href=\"https:\/\/tvnovelas.com.br\/novelas\/\" rel=\"noopener\" target=\"_blank\"><strong>Todos os resumos de novelas<\/strong><\/a><\/br>\r\n<a href=\"https:\/\/www.tvnovelas.com.br\/tvnews\/\" rel=\"noopener\" target=\"_blank\"><strong>\u00daltimas not\u00edcias das novelas<\/strong><\/a><\/br>\r\n<a href=\"https:\/\/www.tvnovelas.com.br\/filmes\/\" target=\"_blank\" rel=\"noopener noreferrer\"><strong>Programa\u00e7\u00e3o de filmes na TV aberta<\/strong><\/a><\/br>\r\n<a href=\"https:\/\/caetenews.com.br\/semana\/filmes-da-globo-na-sessao-da-tarde-desta-semana\/\" target=\"_blank\" rel=\"noopener\"><strong>Confira os filmes da semana na Sess\u00e3o da Tarde<\/strong><\/a><\/br>\r\n<a href=\"https:\/\/classindportal.mj.gov.br\/consulta-filmes\" target=\"_blank\" rel=\"noopener\"><strong>Consulte a classifica\u00e7\u00e3o indicativa dos filmes e novelas<\/strong><\/a><\/br><\/div>\n","protected":false},"excerpt":{"rendered":"<p>Eta Mundo Melhor: Estela confessa que esconde mais segredos de Celso&#8230;  Em \u00cata Mundo Melhor!, Estela (Larissa Manoela) abriu o cora\u00e7\u00e3o&#8230;<\/p>\n","protected":false},"author":1,"featured_media":81778,"comment_status":"closed","ping_status":"closed","sticky":false,"template":"","format":"standard","meta":{"_uf_show_specific_survey":0,"_uf_disable_surveys":false,"_jetpack_memberships_contains_paid_content":false,"footnotes":"","_wp_rev_ctl_limit":""},"categories":[920,353],"tags":[921,5,64],"class_list":["post-81777","post","type-post","status-publish","format-standard","has-post-thumbnail","hentry","category-eta-mundo-melhor","category-resumos-de-novelas","tag-eta-mundo-melhor","tag-globo","tag-novelas","wpcat-920-id","wpcat-353-id"],"aioseo_notices":[],"jetpack_featured_media_url":"https:\/\/i0.wp.com\/www.tvnovelas.com.br\/tvnews\/wp-content\/uploads\/2025\/09\/11944.jpg?fit=728%2C410&ssl=1","jetpack_shortlink":"https:\/\/wp.me\/pdP2BO-lgZ","jetpack_sharing_enabled":true,"_links":{"self":[{"href":"https:\/\/www.tvnovelas.com.br\/tvnews\/wp-json\/wp\/v2\/posts\/81777","targetHints":{"allow":["GET"]}}],"collection":[{"href":"https:\/\/www.tvnovelas.com.br\/tvnews\/wp-json\/wp\/v2\/posts"}],"about":[{"href":"https:\/\/www.tvnovelas.com.br\/tvnews\/wp-json\/wp\/v2\/types\/post"}],"author":[{"embeddable":true,"href":"https:\/\/www.tvnovelas.com.br\/tvnews\/wp-json\/wp\/v2\/users\/1"}],"replies":[{"embeddable":true,"href":"https:\/\/www.tvnovelas.com.br\/tvnews\/wp-json\/wp\/v2\/comments?post=81777"}],"version-history":[{"count":1,"href":"https:\/\/www.tvnovelas.com.br\/tvnews\/wp-json\/wp\/v2\/posts\/81777\/revisions"}],"predecessor-version":[{"id":81784,"href":"https:\/\/www.tvnovelas.com.br\/tvnews\/wp-json\/wp\/v2\/posts\/81777\/revisions\/81784"}],"wp:featuredmedia":[{"embeddable":true,"href":"https:\/\/www.tvnovelas.com.br\/tvnews\/wp-json\/wp\/v2\/media\/81778"}],"wp:attachment":[{"href":"https:\/\/www.tvnovelas.com.br\/tvnews\/wp-json\/wp\/v2\/media?parent=81777"}],"wp:term":[{"taxonomy":"category","embeddable":true,"href":"https:\/\/www.tvnovelas.com.br\/tvnews\/wp-json\/wp\/v2\/categories?post=81777"},{"taxonomy":"post_tag","embeddable":true,"href":"https:\/\/www.tvnovelas.com.br\/tvnews\/wp-json\/wp\/v2\/tags?post=81777"}],"curies":[{"name":"wp","href":"https:\/\/api.w.org\/{rel}","templated":true}]}}