{"id":81835,"date":"2025-09-05T16:22:30","date_gmt":"2025-09-05T19:22:30","guid":{"rendered":"https:\/\/www.tvnovelas.com.br\/tvnews\/?p=81835"},"modified":"2025-09-05T16:23:07","modified_gmt":"2025-09-05T19:23:07","slug":"the-voice-brasil-2025-da-largada-para-estreia-em-outubro-no-disney-e-sbt","status":"publish","type":"post","link":"https:\/\/www.tvnovelas.com.br\/tvnews\/the-voice-brasil-2025-da-largada-para-estreia-em-outubro-no-disney-e-sbt\/","title":{"rendered":"The Voice Brasil 2025 d\u00e1 largada para estreia em outubro no Disney+ e SBT"},"content":{"rendered":"<figure id=\"attachment_81838\" aria-describedby=\"caption-attachment-81838\" style=\"width: 728px\" class=\"wp-caption alignnone\"><img data-recalc-dims=\"1\" decoding=\"async\" class=\"wp-image-81838 size-full\" title=\"(Fotos: Brunini e Jean Gomes\/ Divulga\u00e7\u00e3o Disney+)\" src=\"https:\/\/i0.wp.com\/www.tvnovelas.com.br\/tvnews\/wp-content\/uploads\/2025\/09\/11952.jpg?resize=728%2C410&#038;ssl=1\" alt=\"Foto em The Voice Brasil 2025 d\u00e1 largada para estreia em outubro no Disney+ e SBT\" width=\"728\" height=\"410\" srcset=\"https:\/\/i0.wp.com\/www.tvnovelas.com.br\/tvnews\/wp-content\/uploads\/2025\/09\/11952.jpg?w=728&amp;ssl=1 728w, https:\/\/i0.wp.com\/www.tvnovelas.com.br\/tvnews\/wp-content\/uploads\/2025\/09\/11952.jpg?resize=250%2C141&amp;ssl=1 250w\" sizes=\"(max-width: 728px) 100vw, 728px\" \/><figcaption id=\"caption-attachment-81838\" class=\"wp-caption-text\">The Voice Brasil 2025 d\u00e1 largada para estreia em outubro no Disney+ e SBT<\/figcaption><\/figure>\n<p>As grava\u00e7\u00f5es do The Voice Brasil 2025 come\u00e7aram nesta semana, marcando o in\u00edcio da nova temporada do reality musical que estreia em outubro no Disney+ e no SBT.<\/p>\n<p>O programa ser\u00e1 apresentado por Tiago Leifert.<\/p>\n<p>O The Voice Brasil ser\u00e1 exibido simultaneamente no Disney+ e no SBT. Ap\u00f3s cada epis\u00f3dio semanal, o p\u00fablico ter\u00e1 acesso a conte\u00fados na plataforma de streaming, incluindo a \u00edntegra dos programas, dispon\u00edveis para assinantes.<\/p>\n<div style=\"font-size: 120%;\">\n<h3>Confira tamb\u00e9m<\/h3>\r\n<a href=\"https:\/\/tvnovelas.com.br\/novelas\/\" rel=\"noopener\" target=\"_blank\"><strong>Todos os resumos de novelas<\/strong><\/a><\/br>\r\n<a href=\"https:\/\/www.tvnovelas.com.br\/tvnews\/\" rel=\"noopener\" target=\"_blank\"><strong>\u00daltimas not\u00edcias das novelas<\/strong><\/a><\/br>\r\n<a href=\"https:\/\/www.tvnovelas.com.br\/filmes\/\" target=\"_blank\" rel=\"noopener noreferrer\"><strong>Programa\u00e7\u00e3o de filmes na TV aberta<\/strong><\/a><\/br>\r\n<a href=\"https:\/\/caetenews.com.br\/semana\/filmes-da-globo-na-sessao-da-tarde-desta-semana\/\" target=\"_blank\" rel=\"noopener\"><strong>Confira os filmes da semana na Sess\u00e3o da Tarde<\/strong><\/a><\/br>\r\n<a href=\"https:\/\/classindportal.mj.gov.br\/consulta-filmes\" target=\"_blank\" rel=\"noopener\"><strong>Consulte a classifica\u00e7\u00e3o indicativa dos filmes e novelas<\/strong><\/a><\/br>\n<\/div>\n","protected":false},"excerpt":{"rendered":"<p>The Voice Brasil 2025 d\u00e1 largada para estreia em outubro no Disney+ e SBT&#8230;. As grava\u00e7\u00f5es do The Voice Brasil 2025 come\u00e7aram nesta semana, marcando&#8230;<\/p>\n","protected":false},"author":1,"featured_media":81838,"comment_status":"closed","ping_status":"closed","sticky":false,"template":"","format":"standard","meta":{"_uf_show_specific_survey":0,"_uf_disable_surveys":false,"_jetpack_memberships_contains_paid_content":false,"footnotes":"","_wp_rev_ctl_limit":""},"categories":[353,232,539],"tags":[987,13,986],"class_list":["post-81835","post","type-post","status-publish","format-standard","has-post-thumbnail","hentry","category-resumos-de-novelas","category-sbt","category-televisao","tag-disney","tag-sbt","tag-the-voice-brasil","wpcat-353-id","wpcat-232-id","wpcat-539-id"],"aioseo_notices":[],"jetpack_featured_media_url":"https:\/\/i0.wp.com\/www.tvnovelas.com.br\/tvnews\/wp-content\/uploads\/2025\/09\/11952.jpg?fit=728%2C410&ssl=1","jetpack_shortlink":"https:\/\/wp.me\/pdP2BO-lhV","jetpack_sharing_enabled":true,"_links":{"self":[{"href":"https:\/\/www.tvnovelas.com.br\/tvnews\/wp-json\/wp\/v2\/posts\/81835","targetHints":{"allow":["GET"]}}],"collection":[{"href":"https:\/\/www.tvnovelas.com.br\/tvnews\/wp-json\/wp\/v2\/posts"}],"about":[{"href":"https:\/\/www.tvnovelas.com.br\/tvnews\/wp-json\/wp\/v2\/types\/post"}],"author":[{"embeddable":true,"href":"https:\/\/www.tvnovelas.com.br\/tvnews\/wp-json\/wp\/v2\/users\/1"}],"replies":[{"embeddable":true,"href":"https:\/\/www.tvnovelas.com.br\/tvnews\/wp-json\/wp\/v2\/comments?post=81835"}],"version-history":[{"count":3,"href":"https:\/\/www.tvnovelas.com.br\/tvnews\/wp-json\/wp\/v2\/posts\/81835\/revisions"}],"predecessor-version":[{"id":81841,"href":"https:\/\/www.tvnovelas.com.br\/tvnews\/wp-json\/wp\/v2\/posts\/81835\/revisions\/81841"}],"wp:featuredmedia":[{"embeddable":true,"href":"https:\/\/www.tvnovelas.com.br\/tvnews\/wp-json\/wp\/v2\/media\/81838"}],"wp:attachment":[{"href":"https:\/\/www.tvnovelas.com.br\/tvnews\/wp-json\/wp\/v2\/media?parent=81835"}],"wp:term":[{"taxonomy":"category","embeddable":true,"href":"https:\/\/www.tvnovelas.com.br\/tvnews\/wp-json\/wp\/v2\/categories?post=81835"},{"taxonomy":"post_tag","embeddable":true,"href":"https:\/\/www.tvnovelas.com.br\/tvnews\/wp-json\/wp\/v2\/tags?post=81835"}],"curies":[{"name":"wp","href":"https:\/\/api.w.org\/{rel}","templated":true}]}}