{"id":81860,"date":"2025-09-06T08:27:43","date_gmt":"2025-09-06T11:27:43","guid":{"rendered":"https:\/\/www.tvnovelas.com.br\/tvnews\/?p=81860"},"modified":"2025-09-06T08:29:54","modified_gmt":"2025-09-06T11:29:54","slug":"eta-mundo-melhor-candinho-s-anima-com-novo-plano-para-encontrar-samir","status":"publish","type":"post","link":"https:\/\/www.tvnovelas.com.br\/tvnews\/eta-mundo-melhor-candinho-s-anima-com-novo-plano-para-encontrar-samir\/","title":{"rendered":"Eta Mundo Melhor!: Candinho se anima com novo plano para encontrar Samir"},"content":{"rendered":"<figure id=\"attachment_81861\" aria-describedby=\"caption-attachment-81861\" style=\"width: 727px\" class=\"wp-caption alignnone\"><img data-recalc-dims=\"1\" decoding=\"async\" class=\"wp-image-81861 size-full\" title=\"(Foto: TV Globo\/\u00cata Mundo Melhor!)\" src=\"https:\/\/i0.wp.com\/www.tvnovelas.com.br\/tvnews\/wp-content\/uploads\/2025\/09\/11953.jpg?resize=727%2C410&#038;ssl=1\" alt=\"Foto em Eta Mundo Melhor!: Candinho s anima com novo plano para encontrar Samir\" width=\"727\" height=\"410\" srcset=\"https:\/\/i0.wp.com\/www.tvnovelas.com.br\/tvnews\/wp-content\/uploads\/2025\/09\/11953.jpg?w=727&amp;ssl=1 727w, https:\/\/i0.wp.com\/www.tvnovelas.com.br\/tvnews\/wp-content\/uploads\/2025\/09\/11953.jpg?resize=250%2C141&amp;ssl=1 250w\" sizes=\"(max-width: 727px) 100vw, 727px\" \/><figcaption id=\"caption-attachment-81861\" class=\"wp-caption-text\">Eta Mundo Melhor!: Candinho s anima com novo plano para encontrar Samir<\/figcaption><\/figure>\n<p>Em \u00cata Mundo Melhor!, Candinho (Sergio Guiz\u00e9) est\u00e1 inconformado porque n\u00e3o consegue encontrar o seu filho, sequestrado ainda beb\u00ea, que ele sequer imagina que se trata de Samir (Davi Malizia). Ele ter\u00e1 uma ideia vinda de Picol\u00e9 (Isaac Amendoim) para facilitar a busca pelo menino.<\/p>\n<p>Picol\u00e9 fala para Candinho que seria bom ter uma foto do J\u00fanior. O caipira diz que n\u00e3o tem, mas lembra de algo importante:<\/p>\n<p>&#8220;Meu minino tinha uma marca na perna. Duas asas de anjo.&#8221;<\/p>\n<p>Asdr\u00fabal (Lu\u00eds Miranda) pergunta a Sabi\u00e1 (F\u00e1bio de Luca) se um desenho feito por Candinho da tal marca de nascen\u00e7a poderia contribuir nas buscas.<\/p>\n<p>&#8220;\u00c9 poss\u00edvel. E quanto antes melhor. \u00c9 muito prov\u00e1vel que essa marca desapare\u00e7a conforme o garoto for crescendo&#8221;, diz o detetive.<\/p>\n<p>Candinho fica animado com a ideia e se compromete a desenhar a marquinha do seu filho.<\/p>\n<p>&#8220;E podemos fazer v\u00e1rias c\u00f3pias do desenho na gr\u00e1fica da f\u00e1brica. E distribuir pela cidade. Algu\u00e9m pode reconhecer a marca&#8221;, opina Asdr\u00fabal.<br \/>\n<!--FIM--><\/p>\n<h2>Sobre a novela:<\/h2>\n<p><a href=\"https:\/\/tvnovelas.com.br\/page2\/arquivo\/eta-mundo-melhor-a-volta-de-candinho-e-policarpo\/&quot;\" target=\"_blank\" rel=\"noopener\">\u00cata Mundo Melhor!: A volta de Candinho e Policarpo<\/a> (Sinopse)<br \/>\n<a href=\"https:\/\/pt.wikipedia.org\/wiki\/%C3%8Ata_Mundo_Melhor!\" target=\"_blank\" rel=\"noopener\">Sobre \u00cata Mundo Melhor!, na Wikipedia<\/a><\/p>\n<div style=\"font-size: 120%;\"><h3>Confira tamb\u00e9m<\/h3>\r\n<a href=\"https:\/\/tvnovelas.com.br\/novelas\/\" rel=\"noopener\" target=\"_blank\"><strong>Todos os resumos de novelas<\/strong><\/a><\/br>\r\n<a href=\"https:\/\/www.tvnovelas.com.br\/tvnews\/\" rel=\"noopener\" target=\"_blank\"><strong>\u00daltimas not\u00edcias das novelas<\/strong><\/a><\/br>\r\n<a href=\"https:\/\/www.tvnovelas.com.br\/filmes\/\" target=\"_blank\" rel=\"noopener noreferrer\"><strong>Programa\u00e7\u00e3o de filmes na TV aberta<\/strong><\/a><\/br>\r\n<a href=\"https:\/\/caetenews.com.br\/semana\/filmes-da-globo-na-sessao-da-tarde-desta-semana\/\" target=\"_blank\" rel=\"noopener\"><strong>Confira os filmes da semana na Sess\u00e3o da Tarde<\/strong><\/a><\/br>\r\n<a href=\"https:\/\/classindportal.mj.gov.br\/consulta-filmes\" target=\"_blank\" rel=\"noopener\"><strong>Consulte a classifica\u00e7\u00e3o indicativa dos filmes e novelas<\/strong><\/a><\/br><\/div>\n","protected":false},"excerpt":{"rendered":"<p>Eta Mundo Melhor!: Candinho s anima com novo plano para encontrar Samir&#8230;  Em \u00cata Mundo Melhor!, Candinho (Sergio Guiz\u00e9) est\u00e1 inconformado&#8230;<\/p>\n","protected":false},"author":1,"featured_media":81861,"comment_status":"closed","ping_status":"closed","sticky":false,"template":"","format":"standard","meta":{"_uf_show_specific_survey":0,"_uf_disable_surveys":false,"_jetpack_memberships_contains_paid_content":false,"footnotes":"","_wp_rev_ctl_limit":""},"categories":[920],"tags":[921,5,64],"class_list":["post-81860","post","type-post","status-publish","format-standard","has-post-thumbnail","hentry","category-eta-mundo-melhor","tag-eta-mundo-melhor","tag-globo","tag-novelas","wpcat-920-id"],"aioseo_notices":[],"jetpack_featured_media_url":"https:\/\/i0.wp.com\/www.tvnovelas.com.br\/tvnews\/wp-content\/uploads\/2025\/09\/11953.jpg?fit=727%2C410&ssl=1","jetpack_shortlink":"https:\/\/wp.me\/pdP2BO-lik","jetpack_sharing_enabled":true,"_links":{"self":[{"href":"https:\/\/www.tvnovelas.com.br\/tvnews\/wp-json\/wp\/v2\/posts\/81860","targetHints":{"allow":["GET"]}}],"collection":[{"href":"https:\/\/www.tvnovelas.com.br\/tvnews\/wp-json\/wp\/v2\/posts"}],"about":[{"href":"https:\/\/www.tvnovelas.com.br\/tvnews\/wp-json\/wp\/v2\/types\/post"}],"author":[{"embeddable":true,"href":"https:\/\/www.tvnovelas.com.br\/tvnews\/wp-json\/wp\/v2\/users\/1"}],"replies":[{"embeddable":true,"href":"https:\/\/www.tvnovelas.com.br\/tvnews\/wp-json\/wp\/v2\/comments?post=81860"}],"version-history":[{"count":3,"href":"https:\/\/www.tvnovelas.com.br\/tvnews\/wp-json\/wp\/v2\/posts\/81860\/revisions"}],"predecessor-version":[{"id":81864,"href":"https:\/\/www.tvnovelas.com.br\/tvnews\/wp-json\/wp\/v2\/posts\/81860\/revisions\/81864"}],"wp:featuredmedia":[{"embeddable":true,"href":"https:\/\/www.tvnovelas.com.br\/tvnews\/wp-json\/wp\/v2\/media\/81861"}],"wp:attachment":[{"href":"https:\/\/www.tvnovelas.com.br\/tvnews\/wp-json\/wp\/v2\/media?parent=81860"}],"wp:term":[{"taxonomy":"category","embeddable":true,"href":"https:\/\/www.tvnovelas.com.br\/tvnews\/wp-json\/wp\/v2\/categories?post=81860"},{"taxonomy":"post_tag","embeddable":true,"href":"https:\/\/www.tvnovelas.com.br\/tvnews\/wp-json\/wp\/v2\/tags?post=81860"}],"curies":[{"name":"wp","href":"https:\/\/api.w.org\/{rel}","templated":true}]}}