{"id":81880,"date":"2025-09-06T17:43:11","date_gmt":"2025-09-06T20:43:11","guid":{"rendered":"https:\/\/www.tvnovelas.com.br\/tvnews\/?p=81880"},"modified":"2025-09-06T17:43:11","modified_gmt":"2025-09-06T20:43:11","slug":"record-estreia-17a-edicao-de-a-fazenda-no-dia-15-9","status":"publish","type":"post","link":"https:\/\/www.tvnovelas.com.br\/tvnews\/record-estreia-17a-edicao-de-a-fazenda-no-dia-15-9\/","title":{"rendered":"Record estreia 17\u00aa edi\u00e7\u00e3o de A Fazenda no dia 15\/9"},"content":{"rendered":"<figure id=\"attachment_81883\" aria-describedby=\"caption-attachment-81883\" style=\"width: 728px\" class=\"wp-caption alignnone\"><img data-recalc-dims=\"1\" decoding=\"async\" class=\"wp-image-81883 size-full\" title=\"(Foto: Bruno Carvalho\/Record)\" src=\"https:\/\/i0.wp.com\/www.tvnovelas.com.br\/tvnews\/wp-content\/uploads\/2025\/09\/11957a.jpg?resize=728%2C410&#038;ssl=1\" alt=\"Foto em Record estreia 17\u00aa edi\u00e7\u00e3o de A Fazenda no dia 15\/9\" width=\"728\" height=\"410\" srcset=\"https:\/\/i0.wp.com\/www.tvnovelas.com.br\/tvnews\/wp-content\/uploads\/2025\/09\/11957a.jpg?w=728&amp;ssl=1 728w, https:\/\/i0.wp.com\/www.tvnovelas.com.br\/tvnews\/wp-content\/uploads\/2025\/09\/11957a.jpg?resize=250%2C141&amp;ssl=1 250w\" sizes=\"(max-width: 728px) 100vw, 728px\" \/><figcaption id=\"caption-attachment-81883\" class=\"wp-caption-text\">Record estreia 17\u00aa edi\u00e7\u00e3o de A Fazenda no dia 15\/9<\/figcaption><\/figure>\n<p>A Record confirmou a estreia da 17\u00aa edi\u00e7\u00e3o de A Fazenda no dia 15 de setembro, segunda-feira, a partir das 22h30. A nova temporada ter\u00e1 24 pe\u00f5es confinados na sede de Itapecerica da Serra (SP).<\/p>\n<p>Diferente das \u00faltimas edi\u00e7\u00f5es, n\u00e3o haver\u00e1 Paiol, e todos os participantes j\u00e1 entram direto na disputa pelo pr\u00eamio milion\u00e1rio. A apresenta\u00e7\u00e3o continua com Adriane Galisteu.<\/p>\n<div style=\"font-size: 120%;\">\n<h3>Confira tamb\u00e9m<\/h3>\r\n<a href=\"https:\/\/tvnovelas.com.br\/novelas\/\" rel=\"noopener\" target=\"_blank\"><strong>Todos os resumos de novelas<\/strong><\/a><\/br>\r\n<a href=\"https:\/\/www.tvnovelas.com.br\/tvnews\/\" rel=\"noopener\" target=\"_blank\"><strong>\u00daltimas not\u00edcias das novelas<\/strong><\/a><\/br>\r\n<a href=\"https:\/\/www.tvnovelas.com.br\/filmes\/\" target=\"_blank\" rel=\"noopener noreferrer\"><strong>Programa\u00e7\u00e3o de filmes na TV aberta<\/strong><\/a><\/br>\r\n<a href=\"https:\/\/caetenews.com.br\/semana\/filmes-da-globo-na-sessao-da-tarde-desta-semana\/\" target=\"_blank\" rel=\"noopener\"><strong>Confira os filmes da semana na Sess\u00e3o da Tarde<\/strong><\/a><\/br>\r\n<a href=\"https:\/\/classindportal.mj.gov.br\/consulta-filmes\" target=\"_blank\" rel=\"noopener\"><strong>Consulte a classifica\u00e7\u00e3o indicativa dos filmes e novelas<\/strong><\/a><\/br>\n<\/div>\n","protected":false},"excerpt":{"rendered":"<p>Record estreia 17\u00aa edi\u00e7\u00e3o de A Fazenda no dia 15\/9&#8230;. A Record confirmou a estreia da 17\u00aa edi\u00e7\u00e3o de A Fazenda no dia 15 de setembro&#8230;<\/p>\n","protected":false},"author":1,"featured_media":81882,"comment_status":"closed","ping_status":"closed","sticky":false,"template":"","format":"standard","meta":{"_uf_show_specific_survey":0,"_uf_disable_surveys":false,"_jetpack_memberships_contains_paid_content":false,"footnotes":"","_wp_rev_ctl_limit":""},"categories":[309,353,539],"tags":[988,961,14],"class_list":["post-81880","post","type-post","status-publish","format-standard","has-post-thumbnail","hentry","category-record","category-resumos-de-novelas","category-televisao","tag-a-fazenda","tag-reality","tag-record","wpcat-309-id","wpcat-353-id","wpcat-539-id"],"aioseo_notices":[],"jetpack_featured_media_url":"https:\/\/i0.wp.com\/www.tvnovelas.com.br\/tvnews\/wp-content\/uploads\/2025\/09\/11957.jpg?fit=728%2C410&ssl=1","jetpack_shortlink":"https:\/\/wp.me\/pdP2BO-liE","jetpack_sharing_enabled":true,"_links":{"self":[{"href":"https:\/\/www.tvnovelas.com.br\/tvnews\/wp-json\/wp\/v2\/posts\/81880","targetHints":{"allow":["GET"]}}],"collection":[{"href":"https:\/\/www.tvnovelas.com.br\/tvnews\/wp-json\/wp\/v2\/posts"}],"about":[{"href":"https:\/\/www.tvnovelas.com.br\/tvnews\/wp-json\/wp\/v2\/types\/post"}],"author":[{"embeddable":true,"href":"https:\/\/www.tvnovelas.com.br\/tvnews\/wp-json\/wp\/v2\/users\/1"}],"replies":[{"embeddable":true,"href":"https:\/\/www.tvnovelas.com.br\/tvnews\/wp-json\/wp\/v2\/comments?post=81880"}],"version-history":[{"count":3,"href":"https:\/\/www.tvnovelas.com.br\/tvnews\/wp-json\/wp\/v2\/posts\/81880\/revisions"}],"predecessor-version":[{"id":81885,"href":"https:\/\/www.tvnovelas.com.br\/tvnews\/wp-json\/wp\/v2\/posts\/81880\/revisions\/81885"}],"wp:featuredmedia":[{"embeddable":true,"href":"https:\/\/www.tvnovelas.com.br\/tvnews\/wp-json\/wp\/v2\/media\/81882"}],"wp:attachment":[{"href":"https:\/\/www.tvnovelas.com.br\/tvnews\/wp-json\/wp\/v2\/media?parent=81880"}],"wp:term":[{"taxonomy":"category","embeddable":true,"href":"https:\/\/www.tvnovelas.com.br\/tvnews\/wp-json\/wp\/v2\/categories?post=81880"},{"taxonomy":"post_tag","embeddable":true,"href":"https:\/\/www.tvnovelas.com.br\/tvnews\/wp-json\/wp\/v2\/tags?post=81880"}],"curies":[{"name":"wp","href":"https:\/\/api.w.org\/{rel}","templated":true}]}}