{"id":81888,"date":"2025-09-07T09:22:17","date_gmt":"2025-09-07T12:22:17","guid":{"rendered":"https:\/\/www.tvnovelas.com.br\/tvnews\/?p=81888"},"modified":"2025-09-07T09:22:17","modified_gmt":"2025-09-07T12:22:17","slug":"eta-mundo-melhor-samir-implora-ajuda-de-candinho-contra-adocao","status":"publish","type":"post","link":"https:\/\/www.tvnovelas.com.br\/tvnews\/eta-mundo-melhor-samir-implora-ajuda-de-candinho-contra-adocao\/","title":{"rendered":"\u00cata Mundo Melhor!: Samir implora ajuda de Candinho contra ado\u00e7\u00e3o"},"content":{"rendered":"<figure id=\"attachment_81889\" aria-describedby=\"caption-attachment-81889\" style=\"width: 726px\" class=\"wp-caption alignnone\"><img data-recalc-dims=\"1\" decoding=\"async\" class=\"wp-image-81889 size-full\" title=\"(Foto: TV Globo\/\u00cata Mundo Melhor!)\" src=\"https:\/\/i0.wp.com\/www.tvnovelas.com.br\/tvnews\/wp-content\/uploads\/2025\/09\/11958.jpg?resize=726%2C410&#038;ssl=1\" alt=\"Foto em \u00cata Mundo Melhor!: Samir implora ajuda de Candinho contra ado\u00e7\u00e3o\" width=\"726\" height=\"410\" srcset=\"https:\/\/i0.wp.com\/www.tvnovelas.com.br\/tvnews\/wp-content\/uploads\/2025\/09\/11958.jpg?w=726&amp;ssl=1 726w, https:\/\/i0.wp.com\/www.tvnovelas.com.br\/tvnews\/wp-content\/uploads\/2025\/09\/11958.jpg?resize=250%2C141&amp;ssl=1 250w\" sizes=\"(max-width: 726px) 100vw, 726px\" \/><figcaption id=\"caption-attachment-81889\" class=\"wp-caption-text\">\u00cata Mundo Melhor!: Samir implora ajuda de Candinho contra ado\u00e7\u00e3o<\/figcaption><\/figure>\n<p>Em \u00cata Mundo Melhor!, Celso (Rainer Cadete) conseguiu o que tanto queria: pais adotivos para Samir (Davi Malizia). Depois de conhecer Aderbal (Cl\u00e1udio Gabriel) e Marilda (Dani Barros), ele mandou Zulma (Heloisa P\u00e9riss\u00e9) arrumar o menino para ser levado pelo casal. A crian\u00e7a ter\u00e1 uma rea\u00e7\u00e3o comovente ao conhecer a dupla.<\/p>\n<p>Candinho (Sergio Guiz\u00e9) acompanha Celso ao encontro entre Samir e os novos pais. Chegando l\u00e1, o caipira conhece o casal, que quer saber mais sobre o garoto.<\/p>\n<p>O dono da f\u00e1brica de biscoitos se emociona a cada fala sobre Samir:<\/p>\n<p>&#8220;Samir \u00e9 um minino de oro. Carinhoso, amigo, esperto&#8230; Mais inteligente do que eu. Adora o Policarpo e o Policarpo adora ele.&#8221;<\/p>\n<p>&#8220;Samir \u00e9 um garoto encantador. Voc\u00eas v\u00e3o ver&#8230;&#8221;, complementa Celso, doido pra se livrar do menino.<\/p>\n<p>De repente, Zulma e Samir chegam, e a dona do orfanato, que n\u00e3o est\u00e1 gostando nada dessa hist\u00f3ria, fala:<\/p>\n<p>&#8220;Chegamos, Doutor Celso. Espero que saiba o que est\u00e1 fazendo.&#8221;<\/p>\n<p>Celso finge que est\u00e1 cheio de boas inten\u00e7\u00f5es e diz, na frente de todos, que est\u00e1 fazendo o melhor para Samir.<\/p>\n<p>Ao inv\u00e9s de cumprimentar os novos pais, o menino sai correndo em dire\u00e7\u00e3o a Candinho e o abra\u00e7a:<\/p>\n<p>&#8220;Sei que um dia o meu pai vai aparecer para me buscar! N\u00e3o deixa eu ser adotado, Candinho!&#8221;<br \/>\n<!--FIM--><\/p>\n<h2>Sobre a novela:<\/h2>\n<p><a href=\"https:\/\/tvnovelas.com.br\/page2\/arquivo\/eta-mundo-melhor-a-volta-de-candinho-e-policarpo\/&quot;\" target=\"_blank\" rel=\"noopener\">\u00cata Mundo Melhor!: A volta de Candinho e Policarpo<\/a> (Sinopse)<br \/>\n<a href=\"https:\/\/pt.wikipedia.org\/wiki\/%C3%8Ata_Mundo_Melhor!\" target=\"_blank\" rel=\"noopener\">Sobre \u00cata Mundo Melhor!, na Wikipedia<\/a><\/p>\n<div style=\"font-size: 120%;\"><h3>Confira tamb\u00e9m<\/h3>\r\n<a href=\"https:\/\/tvnovelas.com.br\/novelas\/\" rel=\"noopener\" target=\"_blank\"><strong>Todos os resumos de novelas<\/strong><\/a><\/br>\r\n<a href=\"https:\/\/www.tvnovelas.com.br\/tvnews\/\" rel=\"noopener\" target=\"_blank\"><strong>\u00daltimas not\u00edcias das novelas<\/strong><\/a><\/br>\r\n<a href=\"https:\/\/www.tvnovelas.com.br\/filmes\/\" target=\"_blank\" rel=\"noopener noreferrer\"><strong>Programa\u00e7\u00e3o de filmes na TV aberta<\/strong><\/a><\/br>\r\n<a href=\"https:\/\/caetenews.com.br\/semana\/filmes-da-globo-na-sessao-da-tarde-desta-semana\/\" target=\"_blank\" rel=\"noopener\"><strong>Confira os filmes da semana na Sess\u00e3o da Tarde<\/strong><\/a><\/br>\r\n<a href=\"https:\/\/classindportal.mj.gov.br\/consulta-filmes\" target=\"_blank\" rel=\"noopener\"><strong>Consulte a classifica\u00e7\u00e3o indicativa dos filmes e novelas<\/strong><\/a><\/br><\/div>\n","protected":false},"excerpt":{"rendered":"<p>\u00cata Mundo Melhor!: Samir implora ajuda de Candinho contra ado\u00e7\u00e3o&#8230; Em \u00cata Mundo Melhor!, Celso (Rainer Cadete) conseguiu o que tanto queria&#8230;<\/p>\n","protected":false},"author":1,"featured_media":81889,"comment_status":"closed","ping_status":"closed","sticky":false,"template":"","format":"standard","meta":{"_uf_show_specific_survey":0,"_uf_disable_surveys":false,"_jetpack_memberships_contains_paid_content":false,"footnotes":"","_wp_rev_ctl_limit":""},"categories":[920],"tags":[921,5,64],"class_list":["post-81888","post","type-post","status-publish","format-standard","has-post-thumbnail","hentry","category-eta-mundo-melhor","tag-eta-mundo-melhor","tag-globo","tag-novelas","wpcat-920-id"],"aioseo_notices":[],"jetpack_featured_media_url":"https:\/\/i0.wp.com\/www.tvnovelas.com.br\/tvnews\/wp-content\/uploads\/2025\/09\/11958.jpg?fit=726%2C410&ssl=1","jetpack_shortlink":"https:\/\/wp.me\/pdP2BO-liM","jetpack_sharing_enabled":true,"_links":{"self":[{"href":"https:\/\/www.tvnovelas.com.br\/tvnews\/wp-json\/wp\/v2\/posts\/81888","targetHints":{"allow":["GET"]}}],"collection":[{"href":"https:\/\/www.tvnovelas.com.br\/tvnews\/wp-json\/wp\/v2\/posts"}],"about":[{"href":"https:\/\/www.tvnovelas.com.br\/tvnews\/wp-json\/wp\/v2\/types\/post"}],"author":[{"embeddable":true,"href":"https:\/\/www.tvnovelas.com.br\/tvnews\/wp-json\/wp\/v2\/users\/1"}],"replies":[{"embeddable":true,"href":"https:\/\/www.tvnovelas.com.br\/tvnews\/wp-json\/wp\/v2\/comments?post=81888"}],"version-history":[{"count":1,"href":"https:\/\/www.tvnovelas.com.br\/tvnews\/wp-json\/wp\/v2\/posts\/81888\/revisions"}],"predecessor-version":[{"id":81890,"href":"https:\/\/www.tvnovelas.com.br\/tvnews\/wp-json\/wp\/v2\/posts\/81888\/revisions\/81890"}],"wp:featuredmedia":[{"embeddable":true,"href":"https:\/\/www.tvnovelas.com.br\/tvnews\/wp-json\/wp\/v2\/media\/81889"}],"wp:attachment":[{"href":"https:\/\/www.tvnovelas.com.br\/tvnews\/wp-json\/wp\/v2\/media?parent=81888"}],"wp:term":[{"taxonomy":"category","embeddable":true,"href":"https:\/\/www.tvnovelas.com.br\/tvnews\/wp-json\/wp\/v2\/categories?post=81888"},{"taxonomy":"post_tag","embeddable":true,"href":"https:\/\/www.tvnovelas.com.br\/tvnews\/wp-json\/wp\/v2\/tags?post=81888"}],"curies":[{"name":"wp","href":"https:\/\/api.w.org\/{rel}","templated":true}]}}