{"id":81892,"date":"2025-09-07T09:38:10","date_gmt":"2025-09-07T12:38:10","guid":{"rendered":"https:\/\/www.tvnovelas.com.br\/tvnews\/?p=81892"},"modified":"2025-09-07T09:39:43","modified_gmt":"2025-09-07T12:39:43","slug":"dona-de-mim-jaques-e-ameacado-por-tania-apos-escandalo-das-calcinhas","status":"publish","type":"post","link":"https:\/\/www.tvnovelas.com.br\/tvnews\/dona-de-mim-jaques-e-ameacado-por-tania-apos-escandalo-das-calcinhas\/","title":{"rendered":"Dona de Mim: Jaques \u00e9 amea\u00e7ado por T\u00e2nia ap\u00f3s esc\u00e2ndalo das calcinhas"},"content":{"rendered":"<figure id=\"attachment_81893\" aria-describedby=\"caption-attachment-81893\" style=\"width: 728px\" class=\"wp-caption alignnone\"><img data-recalc-dims=\"1\" decoding=\"async\" class=\"wp-image-81893 size-full\" title=\"(Foto: TV Globo\/Dona de Mim)\" src=\"https:\/\/i0.wp.com\/www.tvnovelas.com.br\/tvnews\/wp-content\/uploads\/2025\/09\/11959.jpg?resize=728%2C409&#038;ssl=1\" alt=\"Foto em Dona de Mim: Jaques \u00e9 amea\u00e7ado por T\u00e2nia ap\u00f3s esc\u00e2ndalo das calcinhas\" width=\"728\" height=\"409\" srcset=\"https:\/\/i0.wp.com\/www.tvnovelas.com.br\/tvnews\/wp-content\/uploads\/2025\/09\/11959.jpg?w=728&amp;ssl=1 728w, https:\/\/i0.wp.com\/www.tvnovelas.com.br\/tvnews\/wp-content\/uploads\/2025\/09\/11959.jpg?resize=250%2C140&amp;ssl=1 250w\" sizes=\"(max-width: 728px) 100vw, 728px\" \/><figcaption id=\"caption-attachment-81893\" class=\"wp-caption-text\">Dona de Mim: Jaques \u00e9 amea\u00e7ado por T\u00e2nia ap\u00f3s esc\u00e2ndalo das calcinhas<\/figcaption><\/figure>\n<p>Em Dona de Mim, Desde que flagrou T\u00e2nia (Aline Borges) aos beijos com Ricardo (Marcos Pasquim) na f\u00e1brica, Jaques (Marcello Novaes) vive em p\u00e9 de guerra com a ex. A assistente social aproveitou o esc\u00e2ndalo das minicalcinhas para se vingar do vil\u00e3o.<\/p>\n<p>&#8220;Voc\u00ea fez de prop\u00f3sito, sua vigarista. Eu mandei voc\u00ea se livrar daquelas pe\u00e7as&#8221;, dispara Jaques.<\/p>\n<p>&#8220;Foi o que eu fiz&#8221;, diz T\u00e2nia sem temer o tom do ex-marido.<\/p>\n<p>Se fazendo de desentendida, a assistente social mant\u00e9m a postura e aproveita o momento para amea\u00e7ar Jaques com o v\u00eddeo que comprova que ele sabotou o carro do irm\u00e3o, Abel (Tony Ramos).<\/p>\n<p>&#8220;Imagina se eles te vissem entrando debaixo do carro que seu irm\u00e3o dirigiu pela \u00faltima vez?&#8221;, provoca T\u00e2nia.<\/p>\n<p>&#8220;T\u00e1 me amea\u00e7ando? Voc\u00ea nem se atreva!&#8221;, Jaques se imp\u00f5e.<\/p>\n<p>&#8220;Se Ricardo mandasse aquele v\u00eddeo pra pol\u00edcia&#8230;&#8221;, sugere a ex-esposa<\/p>\n<p>Em meio a conversa acalorada dos dois, Ricardo tenta acalmar os \u00e2nimos, deixando claro que n\u00e3o vai acatar o pedido da namorada.<br \/>\n<!--FIM--><br \/>\n<strong>Sobre a novela<\/strong><br \/>\n<a href=\"https:\/\/wp.me\/pfspD2-UO\" target=\"_blank\" rel=\"noopener\">Dona de Mim: A trama da novela<\/a><br \/>\n<a href=\"https:\/\/wp.me\/pfspD2-UG\" target=\"_blank\" rel=\"noopener\">Dona de Mim: A fam\u00edlia Boaz e seu imp\u00e9rio de lingerie<\/a><\/p>\n<div style=\"font-size: 120%;\"><h3>Confira tamb\u00e9m<\/h3>\r\n<a href=\"https:\/\/tvnovelas.com.br\/novelas\/\" rel=\"noopener\" target=\"_blank\"><strong>Todos os resumos de novelas<\/strong><\/a><\/br>\r\n<a href=\"https:\/\/www.tvnovelas.com.br\/tvnews\/\" rel=\"noopener\" target=\"_blank\"><strong>\u00daltimas not\u00edcias das novelas<\/strong><\/a><\/br>\r\n<a href=\"https:\/\/www.tvnovelas.com.br\/filmes\/\" target=\"_blank\" rel=\"noopener noreferrer\"><strong>Programa\u00e7\u00e3o de filmes na TV aberta<\/strong><\/a><\/br>\r\n<a href=\"https:\/\/caetenews.com.br\/semana\/filmes-da-globo-na-sessao-da-tarde-desta-semana\/\" target=\"_blank\" rel=\"noopener\"><strong>Confira os filmes da semana na Sess\u00e3o da Tarde<\/strong><\/a><\/br>\r\n<a href=\"https:\/\/classindportal.mj.gov.br\/consulta-filmes\" target=\"_blank\" rel=\"noopener\"><strong>Consulte a classifica\u00e7\u00e3o indicativa dos filmes e novelas<\/strong><\/a><\/br><\/div>\n","protected":false},"excerpt":{"rendered":"<p>Dona de Mim: Jaques \u00e9 amea\u00e7ado por T\u00e2nia ap\u00f3s esc\u00e2ndalo das calcinhas&#8230;. Em Dona de Mim, Desde que flagrou T\u00e2nia (Aline Borges) aos beijos&#8230;<\/p>\n","protected":false},"author":1,"featured_media":81893,"comment_status":"closed","ping_status":"closed","sticky":false,"template":"","format":"standard","meta":{"_uf_show_specific_survey":0,"_uf_disable_surveys":false,"_jetpack_memberships_contains_paid_content":false,"footnotes":"","_wp_rev_ctl_limit":""},"categories":[884],"tags":[989,883,5,64],"class_list":["post-81892","post","type-post","status-publish","format-standard","has-post-thumbnail","hentry","category-dona-de-mim","tag-calcinhas","tag-dona-de-mim","tag-globo","tag-novelas","wpcat-884-id"],"aioseo_notices":[],"jetpack_featured_media_url":"https:\/\/i0.wp.com\/www.tvnovelas.com.br\/tvnews\/wp-content\/uploads\/2025\/09\/11959.jpg?fit=728%2C409&ssl=1","jetpack_shortlink":"https:\/\/wp.me\/pdP2BO-liQ","jetpack_sharing_enabled":true,"_links":{"self":[{"href":"https:\/\/www.tvnovelas.com.br\/tvnews\/wp-json\/wp\/v2\/posts\/81892","targetHints":{"allow":["GET"]}}],"collection":[{"href":"https:\/\/www.tvnovelas.com.br\/tvnews\/wp-json\/wp\/v2\/posts"}],"about":[{"href":"https:\/\/www.tvnovelas.com.br\/tvnews\/wp-json\/wp\/v2\/types\/post"}],"author":[{"embeddable":true,"href":"https:\/\/www.tvnovelas.com.br\/tvnews\/wp-json\/wp\/v2\/users\/1"}],"replies":[{"embeddable":true,"href":"https:\/\/www.tvnovelas.com.br\/tvnews\/wp-json\/wp\/v2\/comments?post=81892"}],"version-history":[{"count":1,"href":"https:\/\/www.tvnovelas.com.br\/tvnews\/wp-json\/wp\/v2\/posts\/81892\/revisions"}],"predecessor-version":[{"id":81894,"href":"https:\/\/www.tvnovelas.com.br\/tvnews\/wp-json\/wp\/v2\/posts\/81892\/revisions\/81894"}],"wp:featuredmedia":[{"embeddable":true,"href":"https:\/\/www.tvnovelas.com.br\/tvnews\/wp-json\/wp\/v2\/media\/81893"}],"wp:attachment":[{"href":"https:\/\/www.tvnovelas.com.br\/tvnews\/wp-json\/wp\/v2\/media?parent=81892"}],"wp:term":[{"taxonomy":"category","embeddable":true,"href":"https:\/\/www.tvnovelas.com.br\/tvnews\/wp-json\/wp\/v2\/categories?post=81892"},{"taxonomy":"post_tag","embeddable":true,"href":"https:\/\/www.tvnovelas.com.br\/tvnews\/wp-json\/wp\/v2\/tags?post=81892"}],"curies":[{"name":"wp","href":"https:\/\/api.w.org\/{rel}","templated":true}]}}