{"id":81896,"date":"2025-09-07T09:54:50","date_gmt":"2025-09-07T12:54:50","guid":{"rendered":"https:\/\/www.tvnovelas.com.br\/tvnews\/?p=81896"},"modified":"2025-09-07T09:54:50","modified_gmt":"2025-09-07T12:54:50","slug":"vale-tudo-odete-manda-marco-aurelio-adiar-seu-casamento","status":"publish","type":"post","link":"https:\/\/www.tvnovelas.com.br\/tvnews\/vale-tudo-odete-manda-marco-aurelio-adiar-seu-casamento\/","title":{"rendered":"Vale Tudo: Odete manda Marco Aur\u00e9lio adiar seu casamento"},"content":{"rendered":"<figure id=\"attachment_81897\" aria-describedby=\"caption-attachment-81897\" style=\"width: 728px\" class=\"wp-caption alignnone\"><img data-recalc-dims=\"1\" decoding=\"async\" class=\"wp-image-81897 size-full\" title=\"(Foto: TV Globo\/Vale Tudo)\" src=\"https:\/\/i0.wp.com\/www.tvnovelas.com.br\/tvnews\/wp-content\/uploads\/2025\/09\/11960.jpg?resize=728%2C410&#038;ssl=1\" alt=\"Foto em Vale Tudo: Odete manda Marco Aur\u00e9lio adiar seu casamento\" width=\"728\" height=\"410\" srcset=\"https:\/\/i0.wp.com\/www.tvnovelas.com.br\/tvnews\/wp-content\/uploads\/2025\/09\/11960.jpg?w=728&amp;ssl=1 728w, https:\/\/i0.wp.com\/www.tvnovelas.com.br\/tvnews\/wp-content\/uploads\/2025\/09\/11960.jpg?resize=250%2C141&amp;ssl=1 250w\" sizes=\"(max-width: 728px) 100vw, 728px\" \/><figcaption id=\"caption-attachment-81897\" class=\"wp-caption-text\">Vale Tudo: Odete manda Marco Aur\u00e9lio adiar seu casamento<\/figcaption><\/figure>\n<p>Em Vale Tudo, por mais poderosa que Odete Roitman (Debora Bloch), ela sabe que continua v\u00edtima de machismo. E o casamento da vil\u00e3 com C\u00e9sar (Cau\u00e3 Reymond) atrair\u00e1, al\u00e9m de coment\u00e1rios desagrad\u00e1veis, receios por parte dos executivos da TCA.<\/p>\n<p>Quem vai atualizar a bilion\u00e1ria ser\u00e1 Marco Aur\u00e9lio (Alexandre Nero), que, por sua vez, tamb\u00e9m est\u00e1 de casamento marcado com Leila (Carolina Dieckmann).<\/p>\n<p>\u201cEu me sinto na obriga\u00e7\u00e3o de dizer que o board de diretores ficou muito receoso com o an\u00fancio da formaliza\u00e7\u00e3o da sua rela\u00e7\u00e3o com o C\u00e9sar Ribeiro\u201d, dir\u00e1 ele.<\/p>\n<p>\u201cMas h\u00e1 ind\u00edcios de que&#8230; eventualmente o seu noivo pode ter, como \u00e9 que eu posso dizer? Adquirido privil\u00e9gios em decorr\u00eancia de rela\u00e7\u00f5es anteriores&#8230; E tamb\u00e9m tem a quest\u00e3o da idade. Isso&#8230; chamou a aten\u00e7\u00e3o de alguns diretores\u201d, continuar\u00e1 o Marco Aur\u00e9lio.<\/p>\n<p>\u201cA diferen\u00e7a de idade chamou a aten\u00e7\u00e3o?\u201d, questionar\u00e1 ela.<\/p>\n<p>Odete lembrar\u00e1 a Marco Aur\u00e9lio que ele tamb\u00e9m est\u00e1 para se casar com uma mulher mais nova. E para provocar ainda mais o vice-presidente da empresa, ela dar\u00e1 uma ordem quando ele mencionar a data do cas\u00f3rio.<\/p>\n<p>\u201cN\u00e3o, eu quero que voc\u00ea remarque porque eu vou me casar esse final de semana. E o seu casamento precisa ser depois do meu\u201d, dir\u00e1 Odete.<\/p>\n<p>\u201cVoc\u00ea quer que eu remarque o meu casamento?\u201d, questionar\u00e1 Marco Aur\u00e9lio, embasbacado.<\/p>\n<p>\u201cBasta adiar uns dias. Eu tenho certeza que voc\u00ea entende\u201d, completar\u00e1 Odete.<br \/>\n<!--FIM--><br \/>\n<strong>Sobre a novela<\/strong><br \/>\n<a href=\"https:\/\/wp.me\/pfspD2-U7\" target=\"_blank\" rel=\"noopener\">Vale Tudo: Conflitos de princ\u00edpios e valores (Sinopse)<\/a><\/p>\n<p><a href=\"https:\/\/wp.me\/pfspD2-oI\" target=\"_blank\" rel=\"noopener\">Vale Tudo: Invers\u00e3o de valores no final dos anos erdade1980<\/a> (Sinopse)<\/p>\n<div style=\"font-size: 120%;\"><h3>Confira tamb\u00e9m<\/h3>\r\n<a href=\"https:\/\/tvnovelas.com.br\/novelas\/\" rel=\"noopener\" target=\"_blank\"><strong>Todos os resumos de novelas<\/strong><\/a><\/br>\r\n<a href=\"https:\/\/www.tvnovelas.com.br\/tvnews\/\" rel=\"noopener\" target=\"_blank\"><strong>\u00daltimas not\u00edcias das novelas<\/strong><\/a><\/br>\r\n<a href=\"https:\/\/www.tvnovelas.com.br\/filmes\/\" target=\"_blank\" rel=\"noopener noreferrer\"><strong>Programa\u00e7\u00e3o de filmes na TV aberta<\/strong><\/a><\/br>\r\n<a href=\"https:\/\/caetenews.com.br\/semana\/filmes-da-globo-na-sessao-da-tarde-desta-semana\/\" target=\"_blank\" rel=\"noopener\"><strong>Confira os filmes da semana na Sess\u00e3o da Tarde<\/strong><\/a><\/br>\r\n<a href=\"https:\/\/classindportal.mj.gov.br\/consulta-filmes\" target=\"_blank\" rel=\"noopener\"><strong>Consulte a classifica\u00e7\u00e3o indicativa dos filmes e novelas<\/strong><\/a><\/br><\/div>\n","protected":false},"excerpt":{"rendered":"<p>Vale Tudo: Odete manda Marco Aur\u00e9lio adiar seu casamento&#8230; Em Vale Tudo, por mais poderosa que Odete Roitman (Debora Bloch), ela sabe&#8230;<\/p>\n","protected":false},"author":1,"featured_media":0,"comment_status":"closed","ping_status":"closed","sticky":false,"template":"","format":"standard","meta":{"_uf_show_specific_survey":0,"_uf_disable_surveys":false,"_jetpack_memberships_contains_paid_content":false,"footnotes":"","_wp_rev_ctl_limit":""},"categories":[871],"tags":[466,5,64,801],"class_list":["post-81896","post","type-post","status-publish","format-standard","hentry","category-vale-tudo","tag-casamento","tag-globo","tag-novelas","tag-vale-tudo","wpcat-871-id"],"aioseo_notices":[],"jetpack_featured_media_url":"","jetpack_shortlink":"https:\/\/wp.me\/pdP2BO-liU","jetpack_sharing_enabled":true,"_links":{"self":[{"href":"https:\/\/www.tvnovelas.com.br\/tvnews\/wp-json\/wp\/v2\/posts\/81896","targetHints":{"allow":["GET"]}}],"collection":[{"href":"https:\/\/www.tvnovelas.com.br\/tvnews\/wp-json\/wp\/v2\/posts"}],"about":[{"href":"https:\/\/www.tvnovelas.com.br\/tvnews\/wp-json\/wp\/v2\/types\/post"}],"author":[{"embeddable":true,"href":"https:\/\/www.tvnovelas.com.br\/tvnews\/wp-json\/wp\/v2\/users\/1"}],"replies":[{"embeddable":true,"href":"https:\/\/www.tvnovelas.com.br\/tvnews\/wp-json\/wp\/v2\/comments?post=81896"}],"version-history":[{"count":1,"href":"https:\/\/www.tvnovelas.com.br\/tvnews\/wp-json\/wp\/v2\/posts\/81896\/revisions"}],"predecessor-version":[{"id":81898,"href":"https:\/\/www.tvnovelas.com.br\/tvnews\/wp-json\/wp\/v2\/posts\/81896\/revisions\/81898"}],"wp:attachment":[{"href":"https:\/\/www.tvnovelas.com.br\/tvnews\/wp-json\/wp\/v2\/media?parent=81896"}],"wp:term":[{"taxonomy":"category","embeddable":true,"href":"https:\/\/www.tvnovelas.com.br\/tvnews\/wp-json\/wp\/v2\/categories?post=81896"},{"taxonomy":"post_tag","embeddable":true,"href":"https:\/\/www.tvnovelas.com.br\/tvnews\/wp-json\/wp\/v2\/tags?post=81896"}],"curies":[{"name":"wp","href":"https:\/\/api.w.org\/{rel}","templated":true}]}}