{"id":81904,"date":"2025-09-07T12:49:08","date_gmt":"2025-09-07T15:49:08","guid":{"rendered":"https:\/\/www.tvnovelas.com.br\/tvnews\/?p=81904"},"modified":"2025-09-08T11:01:35","modified_gmt":"2025-09-08T14:01:35","slug":"novela-turca-cruel-istambul-estreia-na-band-nesta-segunda-dia-8-9","status":"publish","type":"post","link":"https:\/\/www.tvnovelas.com.br\/tvnews\/novela-turca-cruel-istambul-estreia-na-band-nesta-segunda-dia-8-9\/","title":{"rendered":"Novela turca Cruel Istambul estreia na Band nesta segunda, dia 8\/9"},"content":{"rendered":"<figure id=\"attachment_81905\" aria-describedby=\"caption-attachment-81905\" style=\"width: 728px\" class=\"wp-caption alignnone\"><img data-recalc-dims=\"1\" decoding=\"async\" class=\"wp-image-81905 size-full\" title=\"(Foto: Cruel Istambul\/Divulga\u00e7\u00e3o)\" src=\"https:\/\/i0.wp.com\/www.tvnovelas.com.br\/tvnews\/wp-content\/uploads\/2025\/09\/11962.jpg?resize=728%2C410&#038;ssl=1\" alt=\"Foto em Novela turca 'Cruel Istambul' estreia na Band nesta segunda, dia 8\/9\" width=\"728\" height=\"410\" srcset=\"https:\/\/i0.wp.com\/www.tvnovelas.com.br\/tvnews\/wp-content\/uploads\/2025\/09\/11962.jpg?w=728&amp;ssl=1 728w, https:\/\/i0.wp.com\/www.tvnovelas.com.br\/tvnews\/wp-content\/uploads\/2025\/09\/11962.jpg?resize=250%2C141&amp;ssl=1 250w\" sizes=\"(max-width: 728px) 100vw, 728px\" \/><figcaption id=\"caption-attachment-81905\" class=\"wp-caption-text\">Novela turca Cruel Istambul estreia na Band nesta segunda, dia 8\/9<\/figcaption><\/figure>\n<p>A Band estreia nesta segunda-feira, dia 08, \u00e0s 20h30, a novela turca Cruel Istambul, cujo fio condutor da trama re\u00fane drama, ambi\u00e7\u00e3o e conflitos capazes de transformar para sempre o destino de duas fam\u00edlias.<\/p>\n<p>O enredo acompanha Seher Y\u0131lmaz (Deniz U\u011fur), uma m\u00e3e orgulhosa e conservadora que vive em uma pequena cidade de Ant\u00e1quia, no sudeste da Turquia, com os filhos Cemre (Sera Kutlubey), Ceren (Bahar Sahin) e Civan (\u0130dris Nebi Ta\u015fkan), al\u00e9m da sogra, Neriman (Aysen Sezerel). Considerando os herdeiros a raz\u00e3o de sua exist\u00eancia, ela faz de tudo para mant\u00ea-los unidos depois da morte do marido, sem imaginar que cada um guarda desejos e ambi\u00e7\u00f5es ocultas. Aos poucos, segredos perigosos v\u00eam \u00e0 tona e alteram a vida de todos.<\/p>\n<p>Tudo ganha um novo rumo quando a genitora de seu c\u00f4njuge, movida pela vontade de alcan\u00e7ar um status social elevado, firma um acordo com Agah Kara\u00e7ay (Fikret Ku\u015fkan), um respeitado empres\u00e1rio, prometendo a m\u00e3o da neta Ceren em casamento.<\/p>\n<p>Convencida de que encontrar\u00e1 novas oportunidades, Seher aceita se mudar para Istambul, acreditando na promessa de trabalho na mans\u00e3o dos Kara\u00e7ay. Por\u00e9m, logo se depara com situa\u00e7\u00f5es que desafiam seus princ\u00edpios, sobretudo ao perceber a gan\u00e2ncia da ca\u00e7ula, disposta a tudo para fisgar um marido rico.<\/p>\n<p>Na capital, os Y\u0131lmaz se estabelecem perto da casa de Agah, que vive com a esposa, \u015eeniz (Mine Tugay), uma mulher calculista que valoriza as apar\u00eancias; os filhos Cenk (Ozan Dolunay), um rapaz irrespons\u00e1vel e facilmente manipulado pela m\u00e3e, e Damla (Simay Barlas), que ser\u00e1 obrigada a encarar as contradi\u00e7\u00f5es dos pr\u00f3prios parentes. A resid\u00eancia tamb\u00e9m \u00e9 ocupada pelo sobrinho, Nedim (Berker G\u00fcven), criado pelo magnata ap\u00f3s o falecimento prematuro do pai. Preso a uma cadeira de rodas, ele \u00e9 constantemente hostilizado pela tia, j\u00e1 que sabe de uma informa\u00e7\u00e3o que ela tenta esconder a qualquer custo.<\/p>\n<p>Desejando assegurar o futuro do jovem, o homem de neg\u00f3cios sela o trato com Neriman. O que ningu\u00e9m poderia imaginar era que essa aproxima\u00e7\u00e3o provocaria diversos conflitos, colocando em jogo lealdade, valores e la\u00e7os de sangue. O confronto entre os dois n\u00facleos revela que a crueldade pode estar mais pr\u00f3xima do que se imagina e que ningu\u00e9m \u00e9 inocente antes de ser colocado \u00e0 prova por seus pr\u00f3prios pecados.<\/p>\n<h2>Cruel Istambul estreia na Band<\/h2>\n<p>Cruel Istambul, produzida pela Av\u015far Film e distribu\u00edda pelo Kanal D, com dire\u00e7\u00e3o de Cevdet Mercan e colabora\u00e7\u00e3o de G\u00f6k\u00e7en Usta e \u015eenol S\u00f6nmez, vai ao ar de segunda a sexta-feira, \u00e0s 20h30, na tela da Band, com transmiss\u00e3o simult\u00e2nea no site Band.com.br e no aplicativo Bandplay.<br \/>\n<!--FIM--><a href=\"https:\/\/wp.me\/p8dmjy-cmp\" rel=\"noopener\" target=\"_blank\"> Confira os resumos dos cap\u00edtulos da semana<\/a><\/p>\n<div style=\"font-size: 120%;\">\n<h3>Confira tamb\u00e9m<\/h3>\r\n<a href=\"https:\/\/tvnovelas.com.br\/novelas\/\" rel=\"noopener\" target=\"_blank\"><strong>Todos os resumos de novelas<\/strong><\/a><\/br>\r\n<a href=\"https:\/\/www.tvnovelas.com.br\/tvnews\/\" rel=\"noopener\" target=\"_blank\"><strong>\u00daltimas not\u00edcias das novelas<\/strong><\/a><\/br>\r\n<a href=\"https:\/\/www.tvnovelas.com.br\/filmes\/\" target=\"_blank\" rel=\"noopener noreferrer\"><strong>Programa\u00e7\u00e3o de filmes na TV aberta<\/strong><\/a><\/br>\r\n<a href=\"https:\/\/caetenews.com.br\/semana\/filmes-da-globo-na-sessao-da-tarde-desta-semana\/\" target=\"_blank\" rel=\"noopener\"><strong>Confira os filmes da semana na Sess\u00e3o da Tarde<\/strong><\/a><\/br>\r\n<a href=\"https:\/\/classindportal.mj.gov.br\/consulta-filmes\" target=\"_blank\" rel=\"noopener\"><strong>Consulte a classifica\u00e7\u00e3o indicativa dos filmes e novelas<\/strong><\/a><\/br>\n<\/div>\n","protected":false},"excerpt":{"rendered":"<p>Novela turca Cruel Istambul estreia na Band nesta segunda, dia 8\/9&#8230; A Band estreia nesta segunda-feira, dia 08, \u00e0s 20h30,  a novela turca Cruel Istambul&#8230;<\/p>\n","protected":false},"author":1,"featured_media":81905,"comment_status":"closed","ping_status":"closed","sticky":false,"template":"","format":"standard","meta":{"_uf_show_specific_survey":0,"_uf_disable_surveys":false,"_jetpack_memberships_contains_paid_content":false,"footnotes":"","_wp_rev_ctl_limit":""},"categories":[990],"tags":[43,991,992,64,993,994],"class_list":["post-81904","post","type-post","status-publish","format-standard","has-post-thumbnail","hentry","category-cruel-istambul","tag-band","tag-cruel-istambul","tag-mine-tugay","tag-novelas","tag-ozan-dolunay","tag-simay-barlas","wpcat-990-id"],"aioseo_notices":[],"jetpack_featured_media_url":"https:\/\/i0.wp.com\/www.tvnovelas.com.br\/tvnews\/wp-content\/uploads\/2025\/09\/11962.jpg?fit=728%2C410&ssl=1","jetpack_shortlink":"https:\/\/wp.me\/pdP2BO-lj2","jetpack_sharing_enabled":true,"_links":{"self":[{"href":"https:\/\/www.tvnovelas.com.br\/tvnews\/wp-json\/wp\/v2\/posts\/81904","targetHints":{"allow":["GET"]}}],"collection":[{"href":"https:\/\/www.tvnovelas.com.br\/tvnews\/wp-json\/wp\/v2\/posts"}],"about":[{"href":"https:\/\/www.tvnovelas.com.br\/tvnews\/wp-json\/wp\/v2\/types\/post"}],"author":[{"embeddable":true,"href":"https:\/\/www.tvnovelas.com.br\/tvnews\/wp-json\/wp\/v2\/users\/1"}],"replies":[{"embeddable":true,"href":"https:\/\/www.tvnovelas.com.br\/tvnews\/wp-json\/wp\/v2\/comments?post=81904"}],"version-history":[{"count":5,"href":"https:\/\/www.tvnovelas.com.br\/tvnews\/wp-json\/wp\/v2\/posts\/81904\/revisions"}],"predecessor-version":[{"id":81939,"href":"https:\/\/www.tvnovelas.com.br\/tvnews\/wp-json\/wp\/v2\/posts\/81904\/revisions\/81939"}],"wp:featuredmedia":[{"embeddable":true,"href":"https:\/\/www.tvnovelas.com.br\/tvnews\/wp-json\/wp\/v2\/media\/81905"}],"wp:attachment":[{"href":"https:\/\/www.tvnovelas.com.br\/tvnews\/wp-json\/wp\/v2\/media?parent=81904"}],"wp:term":[{"taxonomy":"category","embeddable":true,"href":"https:\/\/www.tvnovelas.com.br\/tvnews\/wp-json\/wp\/v2\/categories?post=81904"},{"taxonomy":"post_tag","embeddable":true,"href":"https:\/\/www.tvnovelas.com.br\/tvnews\/wp-json\/wp\/v2\/tags?post=81904"}],"curies":[{"name":"wp","href":"https:\/\/api.w.org\/{rel}","templated":true}]}}