{"id":81928,"date":"2025-09-08T09:11:36","date_gmt":"2025-09-08T12:11:36","guid":{"rendered":"https:\/\/www.tvnovelas.com.br\/tvnews\/?p=81928"},"modified":"2025-09-08T09:11:36","modified_gmt":"2025-09-08T12:11:36","slug":"vale-tudo-crime-de-cesar-e-divulgado-na-hora-do-casamento","status":"publish","type":"post","link":"https:\/\/www.tvnovelas.com.br\/tvnews\/vale-tudo-crime-de-cesar-e-divulgado-na-hora-do-casamento\/","title":{"rendered":"Vale Tudo: Crime de C\u00e9sar \u00e9 divulgado na hora do casamento"},"content":{"rendered":"<figure id=\"attachment_81929\" aria-describedby=\"caption-attachment-81929\" style=\"width: 728px\" class=\"wp-caption alignnone\"><img data-recalc-dims=\"1\" decoding=\"async\" class=\"wp-image-81929 size-full\" title=\"(Foto: TV Globo\/Vale Tudo)\" src=\"https:\/\/i0.wp.com\/www.tvnovelas.com.br\/tvnews\/wp-content\/uploads\/2025\/09\/11966.jpg?resize=728%2C410&#038;ssl=1\" alt=\"Foto em Vale Tudo: Crime de C\u00e9sar \u00e9 divulgado na hora do casamento\" width=\"728\" height=\"410\" srcset=\"https:\/\/i0.wp.com\/www.tvnovelas.com.br\/tvnews\/wp-content\/uploads\/2025\/09\/11966.jpg?w=728&amp;ssl=1 728w, https:\/\/i0.wp.com\/www.tvnovelas.com.br\/tvnews\/wp-content\/uploads\/2025\/09\/11966.jpg?resize=250%2C141&amp;ssl=1 250w\" sizes=\"(max-width: 728px) 100vw, 728px\" \/><figcaption id=\"caption-attachment-81929\" class=\"wp-caption-text\">Vale Tudo: Crime de C\u00e9sar \u00e9 divulgado na hora do casamento<\/figcaption><\/figure>\n<p>Em Vale Tudo, Maria de F\u00e1tima (Bella Campos) est\u00e1 focada em uma miss\u00e3o: fazer um inferno no casamento de Odete (Debora Bloch) e C\u00e9sar (Cau\u00e3 Reymond). A alpinista social n\u00e3o foi convidada para a cerim\u00f4nia, logicamente. Mas, mesmo de longe, ela deixar\u00e1 sua marca no evento, que ir\u00e1 ocorrer na mans\u00e3o de Celina (Malu Galli).<\/p>\n<p>Junto de M\u00e1rio S\u00e9rgio (Thomas de Aquino), ela ir\u00e1 bolar uma forma de atrapalhar o cas\u00f3rio.<\/p>\n<p>\u201cE quanto mais fuma\u00e7a melhor. A gente vai contar tudo&#8230; eu tenho uma lista de podres do C\u00e9sar. Uma mat\u00e9ria sobre quem \u00e9 o noivo de Odete Roitman, vai ser a cereja do bolo desse casamento\u201d, dir\u00e1 F\u00e1tima.<\/p>\n<p>\u201cT\u00e1 pensando que vai me deixar pra tr\u00e1s? Que vai ser bilion\u00e1rio, enquanto eu engordo aqui sozinha com esse beb\u00ea? Deixa voc\u00ea estar bem feliz, C\u00e9sar, bem achando que ganhou.., Porque se n\u00e3o for comigo, voc\u00ea n\u00e3o vai pra lugar nenhum!\u201d, continuar\u00e1 ela.<\/p>\n<p>F\u00e1tima, ent\u00e3o, ir\u00e1 divulgar uma mat\u00e9ria revelando que C\u00e9sar e Olavo (Ricardo Teodoro) foram os respons\u00e1veis por roubar o quadro de Heleninha (Paolla Oliveira).<\/p>\n<p>\u201cPronto! A mat\u00e9ria entrou no ar. Volta pra sombra, beb\u00ea\u201d, comemorar\u00e1 a mo\u00e7a.<\/p>\n<p>Enquanto isso, na mans\u00e3o de Celina, uma notifica\u00e7\u00e3o ir\u00e1 chegar no celular de Olavo e na hora o malandro come\u00e7ar\u00e1 a se movimentar.<\/p>\n<p>\u201cIrm\u00e3o, fedeu. Vamos vazar daqui agora\u201d, dir\u00e1 ele para C\u00e9sar. \u201cOlha o que saiu aqui, C\u00e9sar. Uma mat\u00e9ria com teu hist\u00f3rico, irm\u00e3o. Est\u00e3o entregando que foi a gente que roubou o quadro da Heleninha.\u201d<br \/>\n]<br \/>\n\u201c\u2018Ladr\u00e3o de quadro se casa com Odete Roitman\u2019. Ferrou, Olavo, perdi. Bora correr daqui, antes que chegue a pol\u00edcia!\u201d, responder\u00e1 o noivo da ocasi\u00e3o.<br \/>\n<!--FIM--><br \/>\n<strong>Sobre a novela<\/strong><br \/>\n<a href=\"https:\/\/wp.me\/pfspD2-U7\" target=\"_blank\" rel=\"noopener\">Vale Tudo: Conflitos de princ\u00edpios e valores (Sinopse)<\/a><\/p>\n<p><a href=\"https:\/\/wp.me\/pfspD2-oI\" target=\"_blank\" rel=\"noopener\">Vale Tudo: Invers\u00e3o de valores no final dos anos erdade1980<\/a> (Sinopse)<\/p>\n<div style=\"font-size: 120%;\"><h3>Confira tamb\u00e9m<\/h3>\r\n<a href=\"https:\/\/tvnovelas.com.br\/novelas\/\" rel=\"noopener\" target=\"_blank\"><strong>Todos os resumos de novelas<\/strong><\/a><\/br>\r\n<a href=\"https:\/\/www.tvnovelas.com.br\/tvnews\/\" rel=\"noopener\" target=\"_blank\"><strong>\u00daltimas not\u00edcias das novelas<\/strong><\/a><\/br>\r\n<a href=\"https:\/\/www.tvnovelas.com.br\/filmes\/\" target=\"_blank\" rel=\"noopener noreferrer\"><strong>Programa\u00e7\u00e3o de filmes na TV aberta<\/strong><\/a><\/br>\r\n<a href=\"https:\/\/caetenews.com.br\/semana\/filmes-da-globo-na-sessao-da-tarde-desta-semana\/\" target=\"_blank\" rel=\"noopener\"><strong>Confira os filmes da semana na Sess\u00e3o da Tarde<\/strong><\/a><\/br>\r\n<a href=\"https:\/\/classindportal.mj.gov.br\/consulta-filmes\" target=\"_blank\" rel=\"noopener\"><strong>Consulte a classifica\u00e7\u00e3o indicativa dos filmes e novelas<\/strong><\/a><\/br><\/div>\n","protected":false},"excerpt":{"rendered":"<p>Vale Tudo: Crime de C\u00e9sar \u00e9 divulgado na hora do casamento&#8230; Em Vale Tudo, Maria de F\u00e1tima (Bella Campos) est\u00e1 focada em uma miss\u00e3o: fazer um inferno&#8230;<\/p>\n","protected":false},"author":1,"featured_media":81929,"comment_status":"closed","ping_status":"closed","sticky":false,"template":"","format":"standard","meta":{"_uf_show_specific_survey":0,"_uf_disable_surveys":false,"_jetpack_memberships_contains_paid_content":false,"footnotes":"","_wp_rev_ctl_limit":""},"categories":[871],"tags":[5,64,801],"class_list":["post-81928","post","type-post","status-publish","format-standard","has-post-thumbnail","hentry","category-vale-tudo","tag-globo","tag-novelas","tag-vale-tudo","wpcat-871-id"],"aioseo_notices":[],"jetpack_featured_media_url":"https:\/\/i0.wp.com\/www.tvnovelas.com.br\/tvnews\/wp-content\/uploads\/2025\/09\/11966.jpg?fit=728%2C410&ssl=1","jetpack_shortlink":"https:\/\/wp.me\/pdP2BO-ljq","jetpack_sharing_enabled":true,"_links":{"self":[{"href":"https:\/\/www.tvnovelas.com.br\/tvnews\/wp-json\/wp\/v2\/posts\/81928","targetHints":{"allow":["GET"]}}],"collection":[{"href":"https:\/\/www.tvnovelas.com.br\/tvnews\/wp-json\/wp\/v2\/posts"}],"about":[{"href":"https:\/\/www.tvnovelas.com.br\/tvnews\/wp-json\/wp\/v2\/types\/post"}],"author":[{"embeddable":true,"href":"https:\/\/www.tvnovelas.com.br\/tvnews\/wp-json\/wp\/v2\/users\/1"}],"replies":[{"embeddable":true,"href":"https:\/\/www.tvnovelas.com.br\/tvnews\/wp-json\/wp\/v2\/comments?post=81928"}],"version-history":[{"count":1,"href":"https:\/\/www.tvnovelas.com.br\/tvnews\/wp-json\/wp\/v2\/posts\/81928\/revisions"}],"predecessor-version":[{"id":81930,"href":"https:\/\/www.tvnovelas.com.br\/tvnews\/wp-json\/wp\/v2\/posts\/81928\/revisions\/81930"}],"wp:featuredmedia":[{"embeddable":true,"href":"https:\/\/www.tvnovelas.com.br\/tvnews\/wp-json\/wp\/v2\/media\/81929"}],"wp:attachment":[{"href":"https:\/\/www.tvnovelas.com.br\/tvnews\/wp-json\/wp\/v2\/media?parent=81928"}],"wp:term":[{"taxonomy":"category","embeddable":true,"href":"https:\/\/www.tvnovelas.com.br\/tvnews\/wp-json\/wp\/v2\/categories?post=81928"},{"taxonomy":"post_tag","embeddable":true,"href":"https:\/\/www.tvnovelas.com.br\/tvnews\/wp-json\/wp\/v2\/tags?post=81928"}],"curies":[{"name":"wp","href":"https:\/\/api.w.org\/{rel}","templated":true}]}}