{"id":81943,"date":"2025-09-08T16:12:35","date_gmt":"2025-09-08T19:12:35","guid":{"rendered":"https:\/\/www.tvnovelas.com.br\/tvnews\/?p=81943"},"modified":"2025-09-08T16:14:24","modified_gmt":"2025-09-08T19:14:24","slug":"as-filhas-da-senhora-garcia-luis-enquadra-ofelia","status":"publish","type":"post","link":"https:\/\/www.tvnovelas.com.br\/tvnews\/as-filhas-da-senhora-garcia-luis-enquadra-ofelia\/","title":{"rendered":"As Filhas da Senhora Garcia: Luis enquadra Of\u00e9lia"},"content":{"rendered":"<figure id=\"attachment_81945\" aria-describedby=\"caption-attachment-81945\" style=\"width: 728px\" class=\"wp-caption alignnone\"><img data-recalc-dims=\"1\" decoding=\"async\" class=\"wp-image-81945 size-full\" title=\"(Foto: Televisa\/SBT\/As Filhas da Senhora Garcia)\" src=\"https:\/\/i0.wp.com\/www.tvnovelas.com.br\/tvnews\/wp-content\/uploads\/2025\/09\/11967.jpg?resize=728%2C410&#038;ssl=1\" alt=\"Foto em As Filhas da Senhora Garcia: Luis enquadra Of\u00e9lia\" width=\"728\" height=\"410\" srcset=\"https:\/\/i0.wp.com\/www.tvnovelas.com.br\/tvnews\/wp-content\/uploads\/2025\/09\/11967.jpg?w=728&amp;ssl=1 728w, https:\/\/i0.wp.com\/www.tvnovelas.com.br\/tvnews\/wp-content\/uploads\/2025\/09\/11967.jpg?resize=250%2C141&amp;ssl=1 250w\" sizes=\"(max-width: 728px) 100vw, 728px\" \/><figcaption id=\"caption-attachment-81945\" class=\"wp-caption-text\">As Filhas da Senhora Garcia: Luis enquadra Of\u00e9lia<\/figcaption><\/figure>\n<p>Confira o resumo do cap\u00edtulo de hoje:<br \/>\nNo cap\u00edtulo de As Filhas da Senhora Garcia desta segunda, dia 08, Of\u00e9lia diz a Mar que ela n\u00e3o pode ser t\u00e3o boba de n\u00e3o perceber que todos passam por cima dela, at\u00e9 mesmo os empregados. Nesse momento, Lu\u00eds entra e diz a Of\u00e9lia que n\u00e3o fale assim com a esposa dele, que n\u00e3o a desrespeite e que n\u00e3o fale assim com Mar de novo, que a Mar \u00e9 respeitada em sua casa e que ela n\u00e3o deve esquecer que ainda est\u00e1 ali por causa da filha.<\/p>\n<p>Of\u00e9lia culpa Mar por Lu\u00eds ter ouvido o que ela disse, dizendo que parece que quer coloc\u00e1-la mal diante dele<\/p>\n<h2 style=\"color: #556b2f;\">Resumo de segunda-feira, 08 de setembro<\/h2>\n<p>Of\u00e9lia diz a Mar que ela n\u00e3o pode ser t\u00e3o boba de n\u00e3o perceber que todos passam por cima dela, at\u00e9 mesmo os empregados. Nesse momento, Lu\u00eds entra e diz a Of\u00e9lia que n\u00e3o fale assim com a esposa dele, que n\u00e3o a desrespeite e que n\u00e3o fale assim com Mar de novo, que a Mar \u00e9 respeitada em sua casa e que ela n\u00e3o deve esquecer que ainda est\u00e1 ali por causa da filha. Of\u00e9lia tenta se justificar dizendo que para ela Mar continua sendo sua menina. Lu\u00eds responde que Mar vai aprender a cuidar da casa no seu pr\u00f3prio ritmo. Nicol\u00e1s se surpreende ao ver Valeria no pr\u00e9dio onde ele mora. Ela diz que vai morar ali porque \u00e9 uma vantagem que a empresa lhe deu e que fica feliz por serem vizinhos, embora pare\u00e7a que a ele isso n\u00e3o agrada. Nicol\u00e1s responde que n\u00e3o \u00e9 isso, s\u00f3 est\u00e1 surpreso. Of\u00e9lia culpa Mar por Lu\u00eds ter ouvido o que ela disse, dizendo que parece que quer coloc\u00e1-la mal diante dele, para que pense que ele a maltrata. Mar responde que, se for o caso, \u00e9 verdade. Of\u00e9lia diz que quer ajudar, mas que ela fa\u00e7a o que quiser com a casa.<\/p>\n<p>Valeria diz a Artur que parece que Nicol\u00e1s n\u00e3o gostou da ideia de serem vizinhos, que ele se comportou muito s\u00e9rio. Artur diz para ela n\u00e3o levar para o lado pessoal, que ele ainda est\u00e1 abalado pela morte da tia. Leonardo pergunta ao pai por que ele mudou tanto. Lu\u00eds responde que percebeu que ainda tem muito a fazer por seus filhos. Paula assegura a Mar que vai ajud\u00e1-la a ser uma boa esposa, mas que n\u00e3o diga isso a ningu\u00e9m. Valeria diz a Nicol\u00e1s que j\u00e1 entendeu que ele est\u00e1 afetado pelo que aconteceu com a m\u00e3e e a tia, mas que n\u00e3o ajuda ele afastar as pessoas que o querem bem. Nicol\u00e1s responde que sua prioridade \u00e9 a campanha e que, se quiser ajud\u00e1-lo, que trabalhe nisso. Paula consegue que Mar e Of\u00e9lia aceitem ir \u00e0s compras numa boutique de luxo e gastem muito dinheiro. Mar fica preocupada, mas Of\u00e9lia diz que ela \u00e9 esposa de um milion\u00e1rio. Paula diz a Leonardo que Mar pediu que ele a acompanhasse a comprar roupas numa boutique exclusiva e gastou muito dinheiro.<br \/>\n<!--FIM--><\/p>\n<div style=\"font-size: 120%;\"><h3>Confira tamb\u00e9m<\/h3>\r\n<a href=\"https:\/\/tvnovelas.com.br\/novelas\/\" rel=\"noopener\" target=\"_blank\"><strong>Todos os resumos de novelas<\/strong><\/a><\/br>\r\n<a href=\"https:\/\/www.tvnovelas.com.br\/tvnews\/\" rel=\"noopener\" target=\"_blank\"><strong>\u00daltimas not\u00edcias das novelas<\/strong><\/a><\/br>\r\n<a href=\"https:\/\/www.tvnovelas.com.br\/filmes\/\" target=\"_blank\" rel=\"noopener noreferrer\"><strong>Programa\u00e7\u00e3o de filmes na TV aberta<\/strong><\/a><\/br>\r\n<a href=\"https:\/\/caetenews.com.br\/semana\/filmes-da-globo-na-sessao-da-tarde-desta-semana\/\" target=\"_blank\" rel=\"noopener\"><strong>Confira os filmes da semana na Sess\u00e3o da Tarde<\/strong><\/a><\/br>\r\n<a href=\"https:\/\/classindportal.mj.gov.br\/consulta-filmes\" target=\"_blank\" rel=\"noopener\"><strong>Consulte a classifica\u00e7\u00e3o indicativa dos filmes e novelas<\/strong><\/a><\/br><\/div>\n","protected":false},"excerpt":{"rendered":"<p>As Filhas da Senhora Garcia: Luis enquadra Of\u00e9lia&#8230;. No cap\u00edtulo de As Filhas da Senhora Garcia desta segunda, dia 08, Of\u00e9lia diz a Mar que ela n\u00e3o pode&#8230;<\/p>\n","protected":false},"author":1,"featured_media":81945,"comment_status":"closed","ping_status":"closed","sticky":false,"template":"","format":"standard","meta":{"_uf_show_specific_survey":0,"_uf_disable_surveys":false,"_jetpack_memberships_contains_paid_content":false,"footnotes":"","_wp_rev_ctl_limit":""},"categories":[930],"tags":[931,64,13],"class_list":["post-81943","post","type-post","status-publish","format-standard","has-post-thumbnail","hentry","category-as-filhas-da-senhora-garcia","tag-as-filhas-da-senhora-garcia","tag-novelas","tag-sbt","wpcat-930-id"],"aioseo_notices":[],"jetpack_featured_media_url":"https:\/\/i0.wp.com\/www.tvnovelas.com.br\/tvnews\/wp-content\/uploads\/2025\/09\/11967.jpg?fit=728%2C410&ssl=1","jetpack_shortlink":"https:\/\/wp.me\/pdP2BO-ljF","jetpack_sharing_enabled":true,"_links":{"self":[{"href":"https:\/\/www.tvnovelas.com.br\/tvnews\/wp-json\/wp\/v2\/posts\/81943","targetHints":{"allow":["GET"]}}],"collection":[{"href":"https:\/\/www.tvnovelas.com.br\/tvnews\/wp-json\/wp\/v2\/posts"}],"about":[{"href":"https:\/\/www.tvnovelas.com.br\/tvnews\/wp-json\/wp\/v2\/types\/post"}],"author":[{"embeddable":true,"href":"https:\/\/www.tvnovelas.com.br\/tvnews\/wp-json\/wp\/v2\/users\/1"}],"replies":[{"embeddable":true,"href":"https:\/\/www.tvnovelas.com.br\/tvnews\/wp-json\/wp\/v2\/comments?post=81943"}],"version-history":[{"count":3,"href":"https:\/\/www.tvnovelas.com.br\/tvnews\/wp-json\/wp\/v2\/posts\/81943\/revisions"}],"predecessor-version":[{"id":81947,"href":"https:\/\/www.tvnovelas.com.br\/tvnews\/wp-json\/wp\/v2\/posts\/81943\/revisions\/81947"}],"wp:featuredmedia":[{"embeddable":true,"href":"https:\/\/www.tvnovelas.com.br\/tvnews\/wp-json\/wp\/v2\/media\/81945"}],"wp:attachment":[{"href":"https:\/\/www.tvnovelas.com.br\/tvnews\/wp-json\/wp\/v2\/media?parent=81943"}],"wp:term":[{"taxonomy":"category","embeddable":true,"href":"https:\/\/www.tvnovelas.com.br\/tvnews\/wp-json\/wp\/v2\/categories?post=81943"},{"taxonomy":"post_tag","embeddable":true,"href":"https:\/\/www.tvnovelas.com.br\/tvnews\/wp-json\/wp\/v2\/tags?post=81943"}],"curies":[{"name":"wp","href":"https:\/\/api.w.org\/{rel}","templated":true}]}}