{"id":81958,"date":"2025-09-09T08:57:23","date_gmt":"2025-09-09T11:57:23","guid":{"rendered":"https:\/\/www.tvnovelas.com.br\/tvnews\/?p=81958"},"modified":"2025-09-09T08:57:23","modified_gmt":"2025-09-09T11:57:23","slug":"eta-mundo-melhor-estela-revela-romance-com-ernesto-no-passado","status":"publish","type":"post","link":"https:\/\/www.tvnovelas.com.br\/tvnews\/eta-mundo-melhor-estela-revela-romance-com-ernesto-no-passado\/","title":{"rendered":"\u00cata Mundo Melhor!:  Estela revela romance com Ernesto no passado"},"content":{"rendered":"<figure id=\"attachment_81959\" aria-describedby=\"caption-attachment-81959\" style=\"width: 726px\" class=\"wp-caption alignnone\"><img data-recalc-dims=\"1\" decoding=\"async\" class=\"wp-image-81959 size-full\" title=\"(Foto: TV Globo\/\u00cata Mundo Melhor!)\" src=\"https:\/\/i0.wp.com\/www.tvnovelas.com.br\/tvnews\/wp-content\/uploads\/2025\/09\/11969.jpg?resize=726%2C410&#038;ssl=1\" alt=\"Foto em \u00cata Mundo Melhor!: Estela revela romance com Ernesto no passado\" width=\"726\" height=\"410\" srcset=\"https:\/\/i0.wp.com\/www.tvnovelas.com.br\/tvnews\/wp-content\/uploads\/2025\/09\/11969.jpg?w=726&amp;ssl=1 726w, https:\/\/i0.wp.com\/www.tvnovelas.com.br\/tvnews\/wp-content\/uploads\/2025\/09\/11969.jpg?resize=250%2C141&amp;ssl=1 250w\" sizes=\"(max-width: 726px) 100vw, 726px\" \/><figcaption id=\"caption-attachment-81959\" class=\"wp-caption-text\">\u00cata Mundo Melhor!: Estela revela romance com Ernesto no passado<\/figcaption><\/figure>\n<p>Em \u00cata Mundo Melhor!, Sabi\u00e1 (F\u00e1bio de Luca) conseguiu capturar Ernesto (Eriberto Le\u00e3o). Por\u00e9m, durante a persegui\u00e7\u00e3o, o bandido torceu o p\u00e9 e teve que ser levado para o hospital. O detetive aciona Estela (Larissa Manoela), mas ela fica em choque ao descobrir quem \u00e9 o paciente.<\/p>\n<p>Estela sai correndo do hospital e vai para a pra\u00e7a. Enquanto lembra da presen\u00e7a de Ernesto na enfermaria, ela come\u00e7a a ter mem\u00f3rias do passado.<\/p>\n<p>Nessas lembran\u00e7as, Estela lembra de quando se apaixonou pelo homem mais velho. No caso, o sujeito que marcou o seu passado \u00e9 Ernesto. Na \u00e9poca, ele prometeu \u00e0 jovem que a transformaria na mulher mais feliz do mundo.<\/p>\n<p>De repente, Celso (Rainer Cadete) chega e pergunta por que Estela est\u00e1 t\u00e3o agoniada.<\/p>\n<p>&#8220;Celso!&#8230; Gra\u00e7as a Deus&#8230; \u00e9 voc\u00ea!&#8221;<\/p>\n<p>&#8220;Sim, sou eu. Quem achou que fosse? Estela, o que est\u00e1 acontecendo?&#8221;, pergunta Celso.<br \/>\n<!--FIM--><\/p>\n<h2>Sobre a novela:<\/h2>\n<p><a href=\"https:\/\/tvnovelas.com.br\/page2\/arquivo\/eta-mundo-melhor-a-volta-de-candinho-e-policarpo\/&quot;\" target=\"_blank\" rel=\"noopener\">\u00cata Mundo Melhor!: A volta de Candinho e Policarpo<\/a> (Sinopse)<br \/>\n<a href=\"https:\/\/pt.wikipedia.org\/wiki\/%C3%8Ata_Mundo_Melhor!\" target=\"_blank\" rel=\"noopener\">Sobre \u00cata Mundo Melhor!, na Wikipedia<\/a><\/p>\n<div style=\"font-size: 120%;\"><h3>Confira tamb\u00e9m<\/h3>\r\n<a href=\"https:\/\/tvnovelas.com.br\/novelas\/\" rel=\"noopener\" target=\"_blank\"><strong>Todos os resumos de novelas<\/strong><\/a><\/br>\r\n<a href=\"https:\/\/www.tvnovelas.com.br\/tvnews\/\" rel=\"noopener\" target=\"_blank\"><strong>\u00daltimas not\u00edcias das novelas<\/strong><\/a><\/br>\r\n<a href=\"https:\/\/www.tvnovelas.com.br\/filmes\/\" target=\"_blank\" rel=\"noopener noreferrer\"><strong>Programa\u00e7\u00e3o de filmes na TV aberta<\/strong><\/a><\/br>\r\n<a href=\"https:\/\/caetenews.com.br\/semana\/filmes-da-globo-na-sessao-da-tarde-desta-semana\/\" target=\"_blank\" rel=\"noopener\"><strong>Confira os filmes da semana na Sess\u00e3o da Tarde<\/strong><\/a><\/br>\r\n<a href=\"https:\/\/classindportal.mj.gov.br\/consulta-filmes\" target=\"_blank\" rel=\"noopener\"><strong>Consulte a classifica\u00e7\u00e3o indicativa dos filmes e novelas<\/strong><\/a><\/br><\/div>\n","protected":false},"excerpt":{"rendered":"<p>\u00cata Mundo Melhor!:  Estela revela romance com Ernesto no passado&#8230;. Em \u00cata Mundo Melhor!, Sabi\u00e1 (F\u00e1bio de Luca) conseguiu capturar Ernesto&#8230;<\/p>\n","protected":false},"author":1,"featured_media":81959,"comment_status":"closed","ping_status":"closed","sticky":false,"template":"","format":"standard","meta":{"_uf_show_specific_survey":0,"_uf_disable_surveys":false,"_jetpack_memberships_contains_paid_content":false,"footnotes":"","_wp_rev_ctl_limit":""},"categories":[920],"tags":[921,5,64],"class_list":["post-81958","post","type-post","status-publish","format-standard","has-post-thumbnail","hentry","category-eta-mundo-melhor","tag-eta-mundo-melhor","tag-globo","tag-novelas","wpcat-920-id"],"aioseo_notices":[],"jetpack_featured_media_url":"https:\/\/i0.wp.com\/www.tvnovelas.com.br\/tvnews\/wp-content\/uploads\/2025\/09\/11969.jpg?fit=726%2C410&ssl=1","jetpack_shortlink":"https:\/\/wp.me\/pdP2BO-ljU","jetpack_sharing_enabled":true,"_links":{"self":[{"href":"https:\/\/www.tvnovelas.com.br\/tvnews\/wp-json\/wp\/v2\/posts\/81958","targetHints":{"allow":["GET"]}}],"collection":[{"href":"https:\/\/www.tvnovelas.com.br\/tvnews\/wp-json\/wp\/v2\/posts"}],"about":[{"href":"https:\/\/www.tvnovelas.com.br\/tvnews\/wp-json\/wp\/v2\/types\/post"}],"author":[{"embeddable":true,"href":"https:\/\/www.tvnovelas.com.br\/tvnews\/wp-json\/wp\/v2\/users\/1"}],"replies":[{"embeddable":true,"href":"https:\/\/www.tvnovelas.com.br\/tvnews\/wp-json\/wp\/v2\/comments?post=81958"}],"version-history":[{"count":1,"href":"https:\/\/www.tvnovelas.com.br\/tvnews\/wp-json\/wp\/v2\/posts\/81958\/revisions"}],"predecessor-version":[{"id":81960,"href":"https:\/\/www.tvnovelas.com.br\/tvnews\/wp-json\/wp\/v2\/posts\/81958\/revisions\/81960"}],"wp:featuredmedia":[{"embeddable":true,"href":"https:\/\/www.tvnovelas.com.br\/tvnews\/wp-json\/wp\/v2\/media\/81959"}],"wp:attachment":[{"href":"https:\/\/www.tvnovelas.com.br\/tvnews\/wp-json\/wp\/v2\/media?parent=81958"}],"wp:term":[{"taxonomy":"category","embeddable":true,"href":"https:\/\/www.tvnovelas.com.br\/tvnews\/wp-json\/wp\/v2\/categories?post=81958"},{"taxonomy":"post_tag","embeddable":true,"href":"https:\/\/www.tvnovelas.com.br\/tvnews\/wp-json\/wp\/v2\/tags?post=81958"}],"curies":[{"name":"wp","href":"https:\/\/api.w.org\/{rel}","templated":true}]}}