{"id":81963,"date":"2025-09-09T09:11:16","date_gmt":"2025-09-09T12:11:16","guid":{"rendered":"https:\/\/www.tvnovelas.com.br\/tvnews\/?p=81963"},"modified":"2025-09-09T09:11:16","modified_gmt":"2025-09-09T12:11:16","slug":"dona-de-mim-davi-quer-saber-mais-de-jaques-sobre-ele-e-olivia","status":"publish","type":"post","link":"https:\/\/www.tvnovelas.com.br\/tvnews\/dona-de-mim-davi-quer-saber-mais-de-jaques-sobre-ele-e-olivia\/","title":{"rendered":"Dona de Mim: Davi quer saber mais de Jaques sobre ele e Ol\u00edvia"},"content":{"rendered":"<figure id=\"attachment_81964\" aria-describedby=\"caption-attachment-81964\" style=\"width: 728px\" class=\"wp-caption alignnone\"><img data-recalc-dims=\"1\" decoding=\"async\" class=\"wp-image-81964 size-full\" title=\"(Foto: TV Globo\/Dona de Mim)\" src=\"https:\/\/i0.wp.com\/www.tvnovelas.com.br\/tvnews\/wp-content\/uploads\/2025\/09\/11970.jpg?resize=728%2C409&#038;ssl=1\" alt=\"Foto em Dona de Mim: Davi quer saber mais de Jaques sobre ele e Ol\u00edvia\" width=\"728\" height=\"409\" srcset=\"https:\/\/i0.wp.com\/www.tvnovelas.com.br\/tvnews\/wp-content\/uploads\/2025\/09\/11970.jpg?w=728&amp;ssl=1 728w, https:\/\/i0.wp.com\/www.tvnovelas.com.br\/tvnews\/wp-content\/uploads\/2025\/09\/11970.jpg?resize=250%2C140&amp;ssl=1 250w\" sizes=\"(max-width: 728px) 100vw, 728px\" \/><figcaption id=\"caption-attachment-81964\" class=\"wp-caption-text\">Dona de Mim: Davi quer saber mais de Jaques sobre ele e Ol\u00edvia<\/figcaption><\/figure>\n<p>Em Dona de Mim, Davi (Rafa Vitti) flagrou Jaques (Marcello Novaes) aos beijos com Filipa (Claudia Abreu). Agora, o vil\u00e3o ficar\u00e1 bem mexido e chega a lembrar do seu caso com Ol\u00edvia a esposa falecida de Abel (Tony Ramos), em cena de flashback. S\u00f3 que Davi promete abrir o jogo dizendo que viu o beij\u00e3o dos dois e pressiona para saber mais detalhes do passado do tio.<\/p>\n<p>&#8220;Ela \u00e9 igual \u00e0 sua m\u00e3e, Ol\u00edvia. N\u00e3o quer nada comigo e foi s\u00f3 mesmo um beijo&#8221;, explica Jaques.<\/p>\n<p>&#8220;E com a minha m\u00e3e? Foi s\u00f3 um beijo mesmo&#8221;, questiona Davi.<\/p>\n<p>Jaques j\u00e1 havia relembrado o passado ao lado de Olivia com Davi. Na ocasi\u00e3o, o vil\u00e3o encontrou uma caixa com v\u00e1rias recorda\u00e7\u00f5es, entre elas, uma foto ao lado da mo\u00e7a.<\/p>\n<p>&#8220;J\u00e1 falei que voc\u00ea tem o sorriso da sua m\u00e3e?\u201d, ressaltou.<br \/>\n<!--FIM--><br \/>\n<strong>Sobre a novela<\/strong><br \/>\n<a href=\"https:\/\/wp.me\/pfspD2-UO\" target=\"_blank\" rel=\"noopener\">Dona de Mim: A trama da novela<\/a><br \/>\n<a href=\"https:\/\/wp.me\/pfspD2-UG\" target=\"_blank\" rel=\"noopener\">Dona de Mim: A fam\u00edlia Boaz e seu imp\u00e9rio de lingerie<\/a><\/p>\n<div style=\"font-size: 120%;\"><h3>Confira tamb\u00e9m<\/h3>\r\n<a href=\"https:\/\/tvnovelas.com.br\/novelas\/\" rel=\"noopener\" target=\"_blank\"><strong>Todos os resumos de novelas<\/strong><\/a><\/br>\r\n<a href=\"https:\/\/www.tvnovelas.com.br\/tvnews\/\" rel=\"noopener\" target=\"_blank\"><strong>\u00daltimas not\u00edcias das novelas<\/strong><\/a><\/br>\r\n<a href=\"https:\/\/www.tvnovelas.com.br\/filmes\/\" target=\"_blank\" rel=\"noopener noreferrer\"><strong>Programa\u00e7\u00e3o de filmes na TV aberta<\/strong><\/a><\/br>\r\n<a href=\"https:\/\/caetenews.com.br\/semana\/filmes-da-globo-na-sessao-da-tarde-desta-semana\/\" target=\"_blank\" rel=\"noopener\"><strong>Confira os filmes da semana na Sess\u00e3o da Tarde<\/strong><\/a><\/br>\r\n<a href=\"https:\/\/classindportal.mj.gov.br\/consulta-filmes\" target=\"_blank\" rel=\"noopener\"><strong>Consulte a classifica\u00e7\u00e3o indicativa dos filmes e novelas<\/strong><\/a><\/br><\/div>\n","protected":false},"excerpt":{"rendered":"<p>Dona de Mim: Davi quer saber mais de Jaques sobre ele e Ol\u00edvia&#8230; Em Dona de Mim, Davi (Rafa Vitti) flagrou Jaques (Marcello Novaes) aos beijos com Filipa&#8230;<\/p>\n","protected":false},"author":1,"featured_media":81964,"comment_status":"closed","ping_status":"closed","sticky":false,"template":"","format":"standard","meta":{"_uf_show_specific_survey":0,"_uf_disable_surveys":false,"_jetpack_memberships_contains_paid_content":false,"footnotes":"","_wp_rev_ctl_limit":""},"categories":[884],"tags":[883,5,64],"class_list":["post-81963","post","type-post","status-publish","format-standard","has-post-thumbnail","hentry","category-dona-de-mim","tag-dona-de-mim","tag-globo","tag-novelas","wpcat-884-id"],"aioseo_notices":[],"jetpack_featured_media_url":"https:\/\/i0.wp.com\/www.tvnovelas.com.br\/tvnews\/wp-content\/uploads\/2025\/09\/11970.jpg?fit=728%2C409&ssl=1","jetpack_shortlink":"https:\/\/wp.me\/pdP2BO-ljZ","jetpack_sharing_enabled":true,"_links":{"self":[{"href":"https:\/\/www.tvnovelas.com.br\/tvnews\/wp-json\/wp\/v2\/posts\/81963","targetHints":{"allow":["GET"]}}],"collection":[{"href":"https:\/\/www.tvnovelas.com.br\/tvnews\/wp-json\/wp\/v2\/posts"}],"about":[{"href":"https:\/\/www.tvnovelas.com.br\/tvnews\/wp-json\/wp\/v2\/types\/post"}],"author":[{"embeddable":true,"href":"https:\/\/www.tvnovelas.com.br\/tvnews\/wp-json\/wp\/v2\/users\/1"}],"replies":[{"embeddable":true,"href":"https:\/\/www.tvnovelas.com.br\/tvnews\/wp-json\/wp\/v2\/comments?post=81963"}],"version-history":[{"count":1,"href":"https:\/\/www.tvnovelas.com.br\/tvnews\/wp-json\/wp\/v2\/posts\/81963\/revisions"}],"predecessor-version":[{"id":81965,"href":"https:\/\/www.tvnovelas.com.br\/tvnews\/wp-json\/wp\/v2\/posts\/81963\/revisions\/81965"}],"wp:featuredmedia":[{"embeddable":true,"href":"https:\/\/www.tvnovelas.com.br\/tvnews\/wp-json\/wp\/v2\/media\/81964"}],"wp:attachment":[{"href":"https:\/\/www.tvnovelas.com.br\/tvnews\/wp-json\/wp\/v2\/media?parent=81963"}],"wp:term":[{"taxonomy":"category","embeddable":true,"href":"https:\/\/www.tvnovelas.com.br\/tvnews\/wp-json\/wp\/v2\/categories?post=81963"},{"taxonomy":"post_tag","embeddable":true,"href":"https:\/\/www.tvnovelas.com.br\/tvnews\/wp-json\/wp\/v2\/tags?post=81963"}],"curies":[{"name":"wp","href":"https:\/\/api.w.org\/{rel}","templated":true}]}}