{"id":81967,"date":"2025-09-09T09:26:43","date_gmt":"2025-09-09T12:26:43","guid":{"rendered":"https:\/\/www.tvnovelas.com.br\/tvnews\/?p=81967"},"modified":"2025-09-09T09:26:43","modified_gmt":"2025-09-09T12:26:43","slug":"vale-tudo-celina-passa-a-noite-com-olavo","status":"publish","type":"post","link":"https:\/\/www.tvnovelas.com.br\/tvnews\/vale-tudo-celina-passa-a-noite-com-olavo\/","title":{"rendered":"Vale Tudo: Celina passa a noite com Olavo"},"content":{"rendered":"<figure id=\"attachment_81968\" aria-describedby=\"caption-attachment-81968\" style=\"width: 728px\" class=\"wp-caption alignnone\"><img data-recalc-dims=\"1\" decoding=\"async\" class=\"wp-image-81968 size-full\" title=\"(Foto: TV Globo\/Vale Tudo)\" src=\"https:\/\/i0.wp.com\/www.tvnovelas.com.br\/tvnews\/wp-content\/uploads\/2025\/09\/11971.jpg?resize=728%2C409&#038;ssl=1\" alt=\"Foto em Vale Tudo: Celina passa a noite com Olavo\" width=\"728\" height=\"409\" srcset=\"https:\/\/i0.wp.com\/www.tvnovelas.com.br\/tvnews\/wp-content\/uploads\/2025\/09\/11971.jpg?w=728&amp;ssl=1 728w, https:\/\/i0.wp.com\/www.tvnovelas.com.br\/tvnews\/wp-content\/uploads\/2025\/09\/11971.jpg?resize=250%2C140&amp;ssl=1 250w\" sizes=\"(max-width: 728px) 100vw, 728px\" \/><figcaption id=\"caption-attachment-81968\" class=\"wp-caption-text\">Vale Tudo: Celina passa a noite com Olavo<\/figcaption><\/figure>\n<p>Em Vale Tudo, seguindo a cartilha de C\u00e9sar (Cau\u00e3 Reymond), Olavo (Ricardo Teodoro) j\u00e1 foi ao casamento do amigo com alvo rom\u00e2ntico certo: Celina (Malu Galli). Em Vale Tudo, o fot\u00f3grafo vai trocar flertes com a irm\u00e3 de Odete (Debora Bloch) ao longo de todo o cas\u00f3rio. Ap\u00f3s o fim da cerim\u00f4nia, ir\u00e1 se aproximar ainda mais da madame enquanto o evento \u00e9 desmontado.<\/p>\n<p>\u201cTalvez voc\u00ea nem tenha tantas oportunidades assim de relaxar, n\u00e9?\u201d, dir\u00e1 ele, com ares rom\u00e2nticos.<\/p>\n<p>\u201c\u00c9 verdade, a minha vida anda bem tensa\u201d, devolver\u00e1 ela, correspondendo ao flerte.<\/p>\n<p>\u201cAh, eu sei um jeito de voc\u00ea dar uma boa relaxada\u201d, completar\u00e1 Olavo, dando um beij\u00e3o em Celina.<\/p>\n<p>E o plano dar\u00e1 certo! Olavo vai passar a noite com Celina, e os outros moradores da mans\u00e3o v\u00e3o ficar sabendo da aventura rom\u00e2ntica dos dois. Na manh\u00e3 seguinte, o fot\u00f3grafo ir\u00e1 descer acompanhado da rica\u00e7a para a mesa de caf\u00e9.<\/p>\n<p>\u201cEsse \u00e9 o Olavo. O padrinho do noivo. Essa \u00e9 Heleninha, minha sobrinha. E o Eug\u00eanio\u201d, apresentar\u00e1 ela.<\/p>\n<p>Olavo n\u00e3o ficar\u00e1 para o caf\u00e9, mas o affair de Celina ser\u00e1 um t\u00f3pico entre os presentes na mesa.<\/p>\n<p>\u201cA aus\u00eancia de coment\u00e1rios \u00e9 uma delicadeza em algumas situa\u00e7\u00f5es\u201d, vai pedir a madame.<\/p>\n<p>\u201cDesculpa, mas eu n\u00e3o vou conseguir ser t\u00e3o delicada. Ele dormiu aqui?\u201d, questionar\u00e1 Heleninha.<\/p>\n<p>\u201cSim o Olavo pernoitou aqui na nossa resid\u00eancia&#8230; Por qu\u00ea? Porque Ficou tarde, foi dif\u00edcil conseguir um carro. Digamos que foi&#8230; comodidade\u201d, completar\u00e1 Celina.<\/p>\n<p>\u201cHaja comodidade\u201d, responder\u00e1 a pintora.<br \/>\n<!--FIM--><br \/>\n<strong>Sobre a novela<\/strong><br \/>\n<a href=\"https:\/\/wp.me\/pfspD2-U7\" target=\"_blank\" rel=\"noopener\">Vale Tudo: Conflitos de princ\u00edpios e valores (Sinopse)<\/a><\/p>\n<p><a href=\"https:\/\/wp.me\/pfspD2-oI\" target=\"_blank\" rel=\"noopener\">Vale Tudo: Invers\u00e3o de valores no final dos anos erdade1980<\/a> (Sinopse)<\/p>\n<div style=\"font-size: 120%;\"><h3>Confira tamb\u00e9m<\/h3>\r\n<a href=\"https:\/\/tvnovelas.com.br\/novelas\/\" rel=\"noopener\" target=\"_blank\"><strong>Todos os resumos de novelas<\/strong><\/a><\/br>\r\n<a href=\"https:\/\/www.tvnovelas.com.br\/tvnews\/\" rel=\"noopener\" target=\"_blank\"><strong>\u00daltimas not\u00edcias das novelas<\/strong><\/a><\/br>\r\n<a href=\"https:\/\/www.tvnovelas.com.br\/filmes\/\" target=\"_blank\" rel=\"noopener noreferrer\"><strong>Programa\u00e7\u00e3o de filmes na TV aberta<\/strong><\/a><\/br>\r\n<a href=\"https:\/\/caetenews.com.br\/semana\/filmes-da-globo-na-sessao-da-tarde-desta-semana\/\" target=\"_blank\" rel=\"noopener\"><strong>Confira os filmes da semana na Sess\u00e3o da Tarde<\/strong><\/a><\/br>\r\n<a href=\"https:\/\/classindportal.mj.gov.br\/consulta-filmes\" target=\"_blank\" rel=\"noopener\"><strong>Consulte a classifica\u00e7\u00e3o indicativa dos filmes e novelas<\/strong><\/a><\/br><\/div>\n","protected":false},"excerpt":{"rendered":"<p>Vale Tudo: Celina passa a noite com Olavo&#8230;. Em Vale Tudo, seguindo a cartilha de C\u00e9sar (Cau\u00e3 Reymond), Olavo (Ricardo Teodoro) j\u00e1 foi&#8230;<\/p>\n","protected":false},"author":1,"featured_media":81968,"comment_status":"closed","ping_status":"closed","sticky":false,"template":"","format":"standard","meta":{"_uf_show_specific_survey":0,"_uf_disable_surveys":false,"_jetpack_memberships_contains_paid_content":false,"footnotes":"","_wp_rev_ctl_limit":""},"categories":[871],"tags":[5,64,801],"class_list":["post-81967","post","type-post","status-publish","format-standard","has-post-thumbnail","hentry","category-vale-tudo","tag-globo","tag-novelas","tag-vale-tudo","wpcat-871-id"],"aioseo_notices":[],"jetpack_featured_media_url":"https:\/\/i0.wp.com\/www.tvnovelas.com.br\/tvnews\/wp-content\/uploads\/2025\/09\/11971.jpg?fit=728%2C409&ssl=1","jetpack_shortlink":"https:\/\/wp.me\/pdP2BO-lk3","jetpack_sharing_enabled":true,"_links":{"self":[{"href":"https:\/\/www.tvnovelas.com.br\/tvnews\/wp-json\/wp\/v2\/posts\/81967","targetHints":{"allow":["GET"]}}],"collection":[{"href":"https:\/\/www.tvnovelas.com.br\/tvnews\/wp-json\/wp\/v2\/posts"}],"about":[{"href":"https:\/\/www.tvnovelas.com.br\/tvnews\/wp-json\/wp\/v2\/types\/post"}],"author":[{"embeddable":true,"href":"https:\/\/www.tvnovelas.com.br\/tvnews\/wp-json\/wp\/v2\/users\/1"}],"replies":[{"embeddable":true,"href":"https:\/\/www.tvnovelas.com.br\/tvnews\/wp-json\/wp\/v2\/comments?post=81967"}],"version-history":[{"count":1,"href":"https:\/\/www.tvnovelas.com.br\/tvnews\/wp-json\/wp\/v2\/posts\/81967\/revisions"}],"predecessor-version":[{"id":81969,"href":"https:\/\/www.tvnovelas.com.br\/tvnews\/wp-json\/wp\/v2\/posts\/81967\/revisions\/81969"}],"wp:featuredmedia":[{"embeddable":true,"href":"https:\/\/www.tvnovelas.com.br\/tvnews\/wp-json\/wp\/v2\/media\/81968"}],"wp:attachment":[{"href":"https:\/\/www.tvnovelas.com.br\/tvnews\/wp-json\/wp\/v2\/media?parent=81967"}],"wp:term":[{"taxonomy":"category","embeddable":true,"href":"https:\/\/www.tvnovelas.com.br\/tvnews\/wp-json\/wp\/v2\/categories?post=81967"},{"taxonomy":"post_tag","embeddable":true,"href":"https:\/\/www.tvnovelas.com.br\/tvnews\/wp-json\/wp\/v2\/tags?post=81967"}],"curies":[{"name":"wp","href":"https:\/\/api.w.org\/{rel}","templated":true}]}}