{"id":81991,"date":"2025-09-09T15:35:32","date_gmt":"2025-09-09T18:35:32","guid":{"rendered":"https:\/\/www.tvnovelas.com.br\/tvnews\/?p=81991"},"modified":"2025-09-09T15:36:30","modified_gmt":"2025-09-09T18:36:30","slug":"masterchef-confeitaria-2025-estreia-na-band-nesta-terca-9","status":"publish","type":"post","link":"https:\/\/www.tvnovelas.com.br\/tvnews\/masterchef-confeitaria-2025-estreia-na-band-nesta-terca-9\/","title":{"rendered":"MasterChef Confeitaria 2025 estreia na Band nesta ter\u00e7a, 9"},"content":{"rendered":"<figure id=\"attachment_81992\" aria-describedby=\"caption-attachment-81992\" style=\"width: 728px\" class=\"wp-caption alignnone\"><img data-recalc-dims=\"1\" decoding=\"async\" class=\"wp-image-81992 size-full\" title=\"(Foto: Band\/MasterChef Confeitaria 2025)\" src=\"https:\/\/i0.wp.com\/www.tvnovelas.com.br\/tvnews\/wp-content\/uploads\/2025\/09\/11976.jpg?resize=728%2C410&#038;ssl=1\" alt=\"Foto em MasterChef Confeitaria 2025 estreia na Band nesta ter\u00e7a, 9\" width=\"728\" height=\"410\" srcset=\"https:\/\/i0.wp.com\/www.tvnovelas.com.br\/tvnews\/wp-content\/uploads\/2025\/09\/11976.jpg?w=728&amp;ssl=1 728w, https:\/\/i0.wp.com\/www.tvnovelas.com.br\/tvnews\/wp-content\/uploads\/2025\/09\/11976.jpg?resize=250%2C141&amp;ssl=1 250w\" sizes=\"(max-width: 728px) 100vw, 728px\" \/><figcaption id=\"caption-attachment-81992\" class=\"wp-caption-text\">MasterChef Confeitaria 2025 estreia na Band nesta ter\u00e7a, 9<\/figcaption><\/figure>\n<p>A 2\u00aa temporada do programa com confeiteiros profissionais estreia nesta ter\u00e7a-feira (09) com 14 competidores, que ter\u00e3o que agradar a Diego Lozano, Erick Jacquin e Helena Rizzo para chegar \u00e0 final e levantar o trof\u00e9u do programa.<\/p>\n<p>Al\u00e9m do trof\u00e9u do MasterChef Confeitaria, a campe\u00e3 ou campe\u00e3o da 2\u00aa temporada embolsar\u00e1 o valor de R$ 150 mil em dinheiro. Ser\u00e3o R$ 50 mil do iFood, que tamb\u00e9m dar\u00e1 uma consultoria especializada para o vencedor investir em seu futuro restaurante. Os outros R$ 100 mil ser\u00e3o oferecidos pelo ASAAS.<\/p>\n<p>A estreia da 2\u00aa temporada do MasterChef Confeitaria acontece na ter\u00e7a-feira (09), \u00e0s 22h20, na tela da Band, com transmiss\u00e3o simult\u00e2nea em Band.com.br e no aplicativo Bandplay.<\/p>\n<p>A atra\u00e7\u00e3o tamb\u00e9m ser\u00e1 exibida toda sexta-feira, \u00e0s 20h20, no canal Discovery Home &amp; Health e na HBO Max, a partir de 12 de setembro. O p\u00fablico ainda poder\u00e1 acompanhar os epis\u00f3dios pelo canal oficial no YouTube.<\/p>\n","protected":false},"excerpt":{"rendered":"<p>MasterChef Confeitaria 2025 estreia na Band nesta ter\u00e7a, 9&#8230; A 2\u00aa temporada do programa com confeiteiros profissionais estreia nesta ter\u00e7a-feira (09) com 14&#8230;<\/p>\n","protected":false},"author":1,"featured_media":81992,"comment_status":"closed","ping_status":"closed","sticky":false,"template":"","format":"standard","meta":{"_uf_show_specific_survey":0,"_uf_disable_surveys":false,"_jetpack_memberships_contains_paid_content":false,"footnotes":"","_wp_rev_ctl_limit":""},"categories":[368],"tags":[43,995,409,784,961,970],"class_list":["post-81991","post","type-post","status-publish","format-standard","has-post-thumbnail","hentry","category-band","tag-band","tag-confeitaria","tag-culinaria","tag-masterchef","tag-reality","tag-reality-show","wpcat-368-id"],"aioseo_notices":[],"jetpack_featured_media_url":"https:\/\/i0.wp.com\/www.tvnovelas.com.br\/tvnews\/wp-content\/uploads\/2025\/09\/11976.jpg?fit=728%2C410&ssl=1","jetpack_shortlink":"https:\/\/wp.me\/pdP2BO-lkr","jetpack_sharing_enabled":true,"_links":{"self":[{"href":"https:\/\/www.tvnovelas.com.br\/tvnews\/wp-json\/wp\/v2\/posts\/81991","targetHints":{"allow":["GET"]}}],"collection":[{"href":"https:\/\/www.tvnovelas.com.br\/tvnews\/wp-json\/wp\/v2\/posts"}],"about":[{"href":"https:\/\/www.tvnovelas.com.br\/tvnews\/wp-json\/wp\/v2\/types\/post"}],"author":[{"embeddable":true,"href":"https:\/\/www.tvnovelas.com.br\/tvnews\/wp-json\/wp\/v2\/users\/1"}],"replies":[{"embeddable":true,"href":"https:\/\/www.tvnovelas.com.br\/tvnews\/wp-json\/wp\/v2\/comments?post=81991"}],"version-history":[{"count":2,"href":"https:\/\/www.tvnovelas.com.br\/tvnews\/wp-json\/wp\/v2\/posts\/81991\/revisions"}],"predecessor-version":[{"id":81994,"href":"https:\/\/www.tvnovelas.com.br\/tvnews\/wp-json\/wp\/v2\/posts\/81991\/revisions\/81994"}],"wp:featuredmedia":[{"embeddable":true,"href":"https:\/\/www.tvnovelas.com.br\/tvnews\/wp-json\/wp\/v2\/media\/81992"}],"wp:attachment":[{"href":"https:\/\/www.tvnovelas.com.br\/tvnews\/wp-json\/wp\/v2\/media?parent=81991"}],"wp:term":[{"taxonomy":"category","embeddable":true,"href":"https:\/\/www.tvnovelas.com.br\/tvnews\/wp-json\/wp\/v2\/categories?post=81991"},{"taxonomy":"post_tag","embeddable":true,"href":"https:\/\/www.tvnovelas.com.br\/tvnews\/wp-json\/wp\/v2\/tags?post=81991"}],"curies":[{"name":"wp","href":"https:\/\/api.w.org\/{rel}","templated":true}]}}