{"id":81996,"date":"2025-09-09T16:07:56","date_gmt":"2025-09-09T19:07:56","guid":{"rendered":"https:\/\/www.tvnovelas.com.br\/tvnews\/?p=81996"},"modified":"2025-09-09T16:07:56","modified_gmt":"2025-09-09T19:07:56","slug":"vale-tudo-marco-aurelio-cresce-o-olho-na-cadeira-de-odete","status":"publish","type":"post","link":"https:\/\/www.tvnovelas.com.br\/tvnews\/vale-tudo-marco-aurelio-cresce-o-olho-na-cadeira-de-odete\/","title":{"rendered":"Vale Tudo: Marco Aur\u00e9lio cresce o olho na cadeira de Odete"},"content":{"rendered":"<figure id=\"attachment_81997\" aria-describedby=\"caption-attachment-81997\" style=\"width: 728px\" class=\"wp-caption alignnone\"><img data-recalc-dims=\"1\" decoding=\"async\" class=\"wp-image-81997 size-full\" title=\"(Foto: TV Globo\/Vale Tudo)\" src=\"https:\/\/i0.wp.com\/www.tvnovelas.com.br\/tvnews\/wp-content\/uploads\/2025\/09\/11977.jpg?resize=728%2C410&#038;ssl=1\" alt=\"Foto em Vale Tudo: Marco Aur\u00e9lio cresce o olho na cadeira de Odete\" width=\"728\" height=\"410\" srcset=\"https:\/\/i0.wp.com\/www.tvnovelas.com.br\/tvnews\/wp-content\/uploads\/2025\/09\/11977.jpg?w=728&amp;ssl=1 728w, https:\/\/i0.wp.com\/www.tvnovelas.com.br\/tvnews\/wp-content\/uploads\/2025\/09\/11977.jpg?resize=250%2C141&amp;ssl=1 250w\" sizes=\"(max-width: 728px) 100vw, 728px\" \/><figcaption id=\"caption-attachment-81997\" class=\"wp-caption-text\">Vale Tudo: Marco Aur\u00e9lio cresce o olho na cadeira de Odete<\/figcaption><\/figure>\n<p>Em Vale Tudo, Marco Aur\u00e9lio (Alexandre Nero) est\u00e1 nas m\u00e3os de Odete (Debora Bloch), com a bilion\u00e1ria cobrando dele todos os milh\u00f5es que ele desviou da TCA ao longo dos 15 anos de vice-presid\u00eancia. Mas mesmo no olho do furac\u00e3o, o criminoso ir\u00e1 vislumbrar uma oportunidade de sair por cima na situa\u00e7\u00e3o.<\/p>\n<p>Com o conselho da empresa j\u00e1 receoso em rela\u00e7\u00e3o ao casamento da vil\u00e3 com C\u00e9sar (Cau\u00e3 Reymond), o cen\u00e1rio ficar\u00e1 ainda mais inflamado depois que vir \u00e0 tona a hist\u00f3ria de que o salafr\u00e1rio foi o respons\u00e1vel por roubar um quadro de Heleninha (Paolla Oliveira).<\/p>\n<p>Ap\u00f3s a cerim\u00f4nia de casamento, Marco Aur\u00e9lio vai comemorar o cen\u00e1rio junto de Leila (Carolina Dieckmann).<\/p>\n<p>\u201cQuanto mais caos, agora, pra gente \u00e9 melhor. Essa mat\u00e9ria enfraquece a Odete no board dos diretores da TCA. E o que \u00e9 ruim pra ela, \u00e9 bom pra mim\u201d, pontuar\u00e1 ele. &#8220;E eu t\u00f4 achando que foi o g\u00eanio do M\u00e1rio S\u00e9rgio que plantou isso aqui, sabia?\u201d<\/p>\n<p>\u201c\u00c9, se foi ele \u00e9 um golpe de mestre&#8230; Mas tem que ficar ligado, porque uma pessoa que faz isso, \u00e9 capaz de tudo\u201d, pontuar\u00e1 Leila.<\/p>\n<p>\u201cTodo mundo \u00e9 capaz de tudo, minha loira deusa. O conselho n\u00e3o vai perdoar, e vai acabar afastando a Odete da presid\u00eancia. E a\u00ed, quem \u00e9 o candidato que naturalmente sobe?\u201d, lembrar\u00e1 ele.<br \/>\n<!--FIM--><br \/>\n<strong>Sobre a novela<\/strong><br \/>\n<a href=\"https:\/\/wp.me\/pfspD2-U7\" target=\"_blank\" rel=\"noopener\">Vale Tudo: Conflitos de princ\u00edpios e valores (Sinopse)<\/a><\/p>\n<p><a href=\"https:\/\/wp.me\/pfspD2-oI\" target=\"_blank\" rel=\"noopener\">Vale Tudo: Invers\u00e3o de valores no final dos anos erdade1980<\/a> (Sinopse)<\/p>\n<div style=\"font-size: 120%;\"><h3>Confira tamb\u00e9m<\/h3>\r\n<a href=\"https:\/\/tvnovelas.com.br\/novelas\/\" rel=\"noopener\" target=\"_blank\"><strong>Todos os resumos de novelas<\/strong><\/a><\/br>\r\n<a href=\"https:\/\/www.tvnovelas.com.br\/tvnews\/\" rel=\"noopener\" target=\"_blank\"><strong>\u00daltimas not\u00edcias das novelas<\/strong><\/a><\/br>\r\n<a href=\"https:\/\/www.tvnovelas.com.br\/filmes\/\" target=\"_blank\" rel=\"noopener noreferrer\"><strong>Programa\u00e7\u00e3o de filmes na TV aberta<\/strong><\/a><\/br>\r\n<a href=\"https:\/\/caetenews.com.br\/semana\/filmes-da-globo-na-sessao-da-tarde-desta-semana\/\" target=\"_blank\" rel=\"noopener\"><strong>Confira os filmes da semana na Sess\u00e3o da Tarde<\/strong><\/a><\/br>\r\n<a href=\"https:\/\/classindportal.mj.gov.br\/consulta-filmes\" target=\"_blank\" rel=\"noopener\"><strong>Consulte a classifica\u00e7\u00e3o indicativa dos filmes e novelas<\/strong><\/a><\/br><\/div>\n","protected":false},"excerpt":{"rendered":"<p>Vale Tudo: Marco Aur\u00e9lio cresce o olho na cadeira de Odete&#8230; Em Vale Tudo, Marco Aur\u00e9lio (Alexandre Nero) est\u00e1 nas m\u00e3os de Odete (Debora Bloch), com a bilion\u00e1ria&#8230;<\/p>\n","protected":false},"author":1,"featured_media":81997,"comment_status":"closed","ping_status":"closed","sticky":false,"template":"","format":"standard","meta":{"_uf_show_specific_survey":0,"_uf_disable_surveys":false,"_jetpack_memberships_contains_paid_content":false,"footnotes":"","_wp_rev_ctl_limit":""},"categories":[871],"tags":[5,64,801],"class_list":["post-81996","post","type-post","status-publish","format-standard","has-post-thumbnail","hentry","category-vale-tudo","tag-globo","tag-novelas","tag-vale-tudo","wpcat-871-id"],"aioseo_notices":[],"jetpack_featured_media_url":"https:\/\/i0.wp.com\/www.tvnovelas.com.br\/tvnews\/wp-content\/uploads\/2025\/09\/11977.jpg?fit=728%2C410&ssl=1","jetpack_shortlink":"https:\/\/wp.me\/pdP2BO-lkw","jetpack_sharing_enabled":true,"_links":{"self":[{"href":"https:\/\/www.tvnovelas.com.br\/tvnews\/wp-json\/wp\/v2\/posts\/81996","targetHints":{"allow":["GET"]}}],"collection":[{"href":"https:\/\/www.tvnovelas.com.br\/tvnews\/wp-json\/wp\/v2\/posts"}],"about":[{"href":"https:\/\/www.tvnovelas.com.br\/tvnews\/wp-json\/wp\/v2\/types\/post"}],"author":[{"embeddable":true,"href":"https:\/\/www.tvnovelas.com.br\/tvnews\/wp-json\/wp\/v2\/users\/1"}],"replies":[{"embeddable":true,"href":"https:\/\/www.tvnovelas.com.br\/tvnews\/wp-json\/wp\/v2\/comments?post=81996"}],"version-history":[{"count":1,"href":"https:\/\/www.tvnovelas.com.br\/tvnews\/wp-json\/wp\/v2\/posts\/81996\/revisions"}],"predecessor-version":[{"id":81998,"href":"https:\/\/www.tvnovelas.com.br\/tvnews\/wp-json\/wp\/v2\/posts\/81996\/revisions\/81998"}],"wp:featuredmedia":[{"embeddable":true,"href":"https:\/\/www.tvnovelas.com.br\/tvnews\/wp-json\/wp\/v2\/media\/81997"}],"wp:attachment":[{"href":"https:\/\/www.tvnovelas.com.br\/tvnews\/wp-json\/wp\/v2\/media?parent=81996"}],"wp:term":[{"taxonomy":"category","embeddable":true,"href":"https:\/\/www.tvnovelas.com.br\/tvnews\/wp-json\/wp\/v2\/categories?post=81996"},{"taxonomy":"post_tag","embeddable":true,"href":"https:\/\/www.tvnovelas.com.br\/tvnews\/wp-json\/wp\/v2\/tags?post=81996"}],"curies":[{"name":"wp","href":"https:\/\/api.w.org\/{rel}","templated":true}]}}