{"id":82008,"date":"2025-09-10T09:41:39","date_gmt":"2025-09-10T12:41:39","guid":{"rendered":"https:\/\/www.tvnovelas.com.br\/tvnews\/?p=82008"},"modified":"2025-09-10T09:41:39","modified_gmt":"2025-09-10T12:41:39","slug":"dona-de-mim-ryan-e-samuel-se-desentendem","status":"publish","type":"post","link":"https:\/\/www.tvnovelas.com.br\/tvnews\/dona-de-mim-ryan-e-samuel-se-desentendem\/","title":{"rendered":"Dona de Mim: Ryan e Samuel se desentendem"},"content":{"rendered":"<figure id=\"attachment_82009\" aria-describedby=\"caption-attachment-82009\" style=\"width: 728px\" class=\"wp-caption alignnone\"><img data-recalc-dims=\"1\" decoding=\"async\" class=\"wp-image-82009 size-full\" title=\"(Foto: TV Globo\/Dona de Mim)\" src=\"https:\/\/i0.wp.com\/www.tvnovelas.com.br\/tvnews\/wp-content\/uploads\/2025\/09\/11979.jpg?resize=728%2C408&#038;ssl=1\" alt=\"Foto em Dona de Mim: Ryan e Samuel se desentendem\" width=\"728\" height=\"408\" srcset=\"https:\/\/i0.wp.com\/www.tvnovelas.com.br\/tvnews\/wp-content\/uploads\/2025\/09\/11979.jpg?w=728&amp;ssl=1 728w, https:\/\/i0.wp.com\/www.tvnovelas.com.br\/tvnews\/wp-content\/uploads\/2025\/09\/11979.jpg?resize=250%2C140&amp;ssl=1 250w\" sizes=\"(max-width: 728px) 100vw, 728px\" \/><figcaption id=\"caption-attachment-82009\" class=\"wp-caption-text\">Dona de Mim: Ryan e Samuel se desentendem<\/figcaption><\/figure>\n<p>Em Dona de Mim, Samuel (Juan Paiva) e Leo (Clara Moneke) prometem discutir logo ap\u00f3s a primeira transa. Ao saber que Sofia (Elis Cabral) foi expulsa por Jaques (Marcello Novaes) da mans\u00e3o da fam\u00edlia Boaz e vive sem paradeiro, a jovem se oferece para cuidar da pequena, mas n\u00e3o gosta de ver que o namorado nega seu pedido.<\/p>\n<p>&#8220;Desculpa, mas aqui ela n\u00e3o estaria segura e voc\u00ea sabe muito bem por qu\u00ea&#8221;, complementa.<\/p>\n<p>Livre da pris\u00e3o, Ryan (L7nnon), que est\u00e1 morando temporariamente na casa de Yara (Cyda Moreno), chega a tempo de ouvir a tempo de ouvir o fim da discuss\u00e3o.<\/p>\n<p>&#8220;Por causa de mim? Fala o que tu pensa olhando na minha cara&#8221;, dispara.<\/p>\n<p>O clima pesa. Leo tenta acalmar os \u00e2nimos e d\u00e1 um pux\u00e3o de orelha em Samuel.<\/p>\n<p>&#8220;O Ryan j\u00e1 cumpriu a pena dele e tem a minha confian\u00e7a. \u00c9 gente que pensa assim como voc\u00ea que fica no caminho de quem quer recome\u00e7ar&#8221;.<\/p>\n<p>&#8220;T\u00e1, voc\u00ea n\u00e3o conhece o Ryan. Mas e eu? Voc\u00ea n\u00e3o acha que o bem-estar da Sofia \u00e9 minha prioridade? Voc\u00ea nem sabe como vai ser a rotina da Sofia amanh\u00e3! Isso \u00e9 cuidar por acaso?&#8221;, questiona ela.<br \/>\n<!--FIM--><br \/>\n<strong>Sobre a novela<\/strong><br \/>\n<a href=\"https:\/\/wp.me\/pfspD2-UO\" target=\"_blank\" rel=\"noopener\">Dona de Mim: A trama da novela<\/a><br \/>\n<a href=\"https:\/\/wp.me\/pfspD2-UG\" target=\"_blank\" rel=\"noopener\">Dona de Mim: A fam\u00edlia Boaz e seu imp\u00e9rio de lingerie<\/a><\/p>\n<div style=\"font-size: 120%;\"><h3>Confira tamb\u00e9m<\/h3>\r\n<a href=\"https:\/\/tvnovelas.com.br\/novelas\/\" rel=\"noopener\" target=\"_blank\"><strong>Todos os resumos de novelas<\/strong><\/a><\/br>\r\n<a href=\"https:\/\/www.tvnovelas.com.br\/tvnews\/\" rel=\"noopener\" target=\"_blank\"><strong>\u00daltimas not\u00edcias das novelas<\/strong><\/a><\/br>\r\n<a href=\"https:\/\/www.tvnovelas.com.br\/filmes\/\" target=\"_blank\" rel=\"noopener noreferrer\"><strong>Programa\u00e7\u00e3o de filmes na TV aberta<\/strong><\/a><\/br>\r\n<a href=\"https:\/\/caetenews.com.br\/semana\/filmes-da-globo-na-sessao-da-tarde-desta-semana\/\" target=\"_blank\" rel=\"noopener\"><strong>Confira os filmes da semana na Sess\u00e3o da Tarde<\/strong><\/a><\/br>\r\n<a href=\"https:\/\/classindportal.mj.gov.br\/consulta-filmes\" target=\"_blank\" rel=\"noopener\"><strong>Consulte a classifica\u00e7\u00e3o indicativa dos filmes e novelas<\/strong><\/a><\/br><\/div>\n","protected":false},"excerpt":{"rendered":"<p>Dona de Mim: Ryan e Samuel se desentendem&#8230; Em Dona de Mim, Samuel (Juan Paiva) e Leo (Clara Moneke) prometem discutir logo ap\u00f3s a primeira transa&#8230;<\/p>\n","protected":false},"author":1,"featured_media":82009,"comment_status":"closed","ping_status":"closed","sticky":false,"template":"","format":"standard","meta":{"_uf_show_specific_survey":0,"_uf_disable_surveys":false,"_jetpack_memberships_contains_paid_content":false,"footnotes":"","_wp_rev_ctl_limit":""},"categories":[884],"tags":[883,5,64],"class_list":["post-82008","post","type-post","status-publish","format-standard","has-post-thumbnail","hentry","category-dona-de-mim","tag-dona-de-mim","tag-globo","tag-novelas","wpcat-884-id"],"aioseo_notices":[],"jetpack_featured_media_url":"https:\/\/i0.wp.com\/www.tvnovelas.com.br\/tvnews\/wp-content\/uploads\/2025\/09\/11979.jpg?fit=728%2C408&ssl=1","jetpack_shortlink":"https:\/\/wp.me\/pdP2BO-lkI","jetpack_sharing_enabled":true,"_links":{"self":[{"href":"https:\/\/www.tvnovelas.com.br\/tvnews\/wp-json\/wp\/v2\/posts\/82008","targetHints":{"allow":["GET"]}}],"collection":[{"href":"https:\/\/www.tvnovelas.com.br\/tvnews\/wp-json\/wp\/v2\/posts"}],"about":[{"href":"https:\/\/www.tvnovelas.com.br\/tvnews\/wp-json\/wp\/v2\/types\/post"}],"author":[{"embeddable":true,"href":"https:\/\/www.tvnovelas.com.br\/tvnews\/wp-json\/wp\/v2\/users\/1"}],"replies":[{"embeddable":true,"href":"https:\/\/www.tvnovelas.com.br\/tvnews\/wp-json\/wp\/v2\/comments?post=82008"}],"version-history":[{"count":1,"href":"https:\/\/www.tvnovelas.com.br\/tvnews\/wp-json\/wp\/v2\/posts\/82008\/revisions"}],"predecessor-version":[{"id":82010,"href":"https:\/\/www.tvnovelas.com.br\/tvnews\/wp-json\/wp\/v2\/posts\/82008\/revisions\/82010"}],"wp:featuredmedia":[{"embeddable":true,"href":"https:\/\/www.tvnovelas.com.br\/tvnews\/wp-json\/wp\/v2\/media\/82009"}],"wp:attachment":[{"href":"https:\/\/www.tvnovelas.com.br\/tvnews\/wp-json\/wp\/v2\/media?parent=82008"}],"wp:term":[{"taxonomy":"category","embeddable":true,"href":"https:\/\/www.tvnovelas.com.br\/tvnews\/wp-json\/wp\/v2\/categories?post=82008"},{"taxonomy":"post_tag","embeddable":true,"href":"https:\/\/www.tvnovelas.com.br\/tvnews\/wp-json\/wp\/v2\/tags?post=82008"}],"curies":[{"name":"wp","href":"https:\/\/api.w.org\/{rel}","templated":true}]}}