{"id":82014,"date":"2025-09-10T09:57:01","date_gmt":"2025-09-10T12:57:01","guid":{"rendered":"https:\/\/www.tvnovelas.com.br\/tvnews\/?p=82014"},"modified":"2025-09-10T09:57:01","modified_gmt":"2025-09-10T12:57:01","slug":"vale-tudo-odete-e-marco-aurelio-trocam-ameacas","status":"publish","type":"post","link":"https:\/\/www.tvnovelas.com.br\/tvnews\/vale-tudo-odete-e-marco-aurelio-trocam-ameacas\/","title":{"rendered":"Vale Tudo: Odete e Marco Aur\u00e9lio trocam amea\u00e7as"},"content":{"rendered":"<figure id=\"attachment_82015\" aria-describedby=\"caption-attachment-82015\" style=\"width: 728px\" class=\"wp-caption alignnone\"><img data-recalc-dims=\"1\" decoding=\"async\" class=\"wp-image-82015 size-full\" title=\"(Foto: TV Globo\/Vale Tudo)\" src=\"https:\/\/i0.wp.com\/www.tvnovelas.com.br\/tvnews\/wp-content\/uploads\/2025\/09\/11980.jpg?resize=728%2C410&#038;ssl=1\" alt=\"Foto em Vale Tudo: Odete e Marco Aur\u00e9lio trocam amea\u00e7as\" width=\"728\" height=\"410\" srcset=\"https:\/\/i0.wp.com\/www.tvnovelas.com.br\/tvnews\/wp-content\/uploads\/2025\/09\/11980.jpg?w=728&amp;ssl=1 728w, https:\/\/i0.wp.com\/www.tvnovelas.com.br\/tvnews\/wp-content\/uploads\/2025\/09\/11980.jpg?resize=250%2C141&amp;ssl=1 250w\" sizes=\"(max-width: 728px) 100vw, 728px\" \/><figcaption id=\"caption-attachment-82015\" class=\"wp-caption-text\">Vale Tudo: Odete e Marco Aur\u00e9lio trocam amea\u00e7as<\/figcaption><\/figure>\n<p>Em Vale Tudo, a tens\u00e3o entre Odete (Debora Bloch) e Marco Aur\u00e9lio (Alexandre Nero) est\u00e1 ficando insuport\u00e1vel. Mesmo ap\u00f3s ser flagrado, a dona da TCA descobriu que seu vice-presidente continua roubando e a atitude dele vai deix\u00e1-la surpresa.<\/p>\n<p>Deste vez, o executivo n\u00e3o vai negar as acua\u00e7\u00f5es e vai revidar. Ele lembra que o casamento de Odete com C\u00e9sar (Cau\u00e3 Reymond) pegou muito mal para o conselho da empresa e parte para a amea\u00e7a:<\/p>\n<p>\u201cEu sugiro que voc\u00ea pense melhor no que realmente vale a pena. Se \u00e9 brigar comigo e cair nesse buraco sozinha.\u201d<\/p>\n<p>\u201cVoc\u00ea est\u00e1 muito enganado se acha que vai virar o jogo assim, mas t\u00e3o enganado&#8230; Voc\u00ea quer mesmo ir por a\u00ed, Marco Aur\u00e9lio?\u201d, rebate ela.<\/p>\n<p>Marco Aur\u00e9lio n\u00e3o se abate e diz o seu pre\u00e7o:<\/p>\n<p>\u201cEu quero participar melhor dos lucros da TCA.\u201d<\/p>\n<p>Odete promete pensar na proposta. Ser\u00e1 que a toda poderosa vai ceder assim facilmente? N\u00e3o perca as emo\u00e7\u00f5es de Vale Tudo!<br \/>\n<!--FIM--><br \/>\n<strong>Sobre a novela<\/strong><br \/>\n<a href=\"https:\/\/wp.me\/pfspD2-U7\" target=\"_blank\" rel=\"noopener\">Vale Tudo: Conflitos de princ\u00edpios e valores (Sinopse)<\/a><\/p>\n<p><a href=\"https:\/\/wp.me\/pfspD2-oI\" target=\"_blank\" rel=\"noopener\">Vale Tudo: Invers\u00e3o de valores no final dos anos erdade1980<\/a> (Sinopse)<\/p>\n<div style=\"font-size: 120%;\"><h3>Confira tamb\u00e9m<\/h3>\r\n<a href=\"https:\/\/tvnovelas.com.br\/novelas\/\" rel=\"noopener\" target=\"_blank\"><strong>Todos os resumos de novelas<\/strong><\/a><\/br>\r\n<a href=\"https:\/\/www.tvnovelas.com.br\/tvnews\/\" rel=\"noopener\" target=\"_blank\"><strong>\u00daltimas not\u00edcias das novelas<\/strong><\/a><\/br>\r\n<a href=\"https:\/\/www.tvnovelas.com.br\/filmes\/\" target=\"_blank\" rel=\"noopener noreferrer\"><strong>Programa\u00e7\u00e3o de filmes na TV aberta<\/strong><\/a><\/br>\r\n<a href=\"https:\/\/caetenews.com.br\/semana\/filmes-da-globo-na-sessao-da-tarde-desta-semana\/\" target=\"_blank\" rel=\"noopener\"><strong>Confira os filmes da semana na Sess\u00e3o da Tarde<\/strong><\/a><\/br>\r\n<a href=\"https:\/\/classindportal.mj.gov.br\/consulta-filmes\" target=\"_blank\" rel=\"noopener\"><strong>Consulte a classifica\u00e7\u00e3o indicativa dos filmes e novelas<\/strong><\/a><\/br><\/div>\n","protected":false},"excerpt":{"rendered":"<p>Vale Tudo: Odete e Marco Aur\u00e9lio trocam amea\u00e7as&#8230;  Em Vale Tudo, a tens\u00e3o entre Odete (Debora Bloch) e Marco Aur\u00e9lio (Alexandre Nero) est\u00e1 ficando&#8230;<\/p>\n","protected":false},"author":1,"featured_media":82015,"comment_status":"closed","ping_status":"closed","sticky":false,"template":"","format":"standard","meta":{"_uf_show_specific_survey":0,"_uf_disable_surveys":false,"_jetpack_memberships_contains_paid_content":false,"footnotes":"","_wp_rev_ctl_limit":""},"categories":[871],"tags":[5,64,801],"class_list":["post-82014","post","type-post","status-publish","format-standard","has-post-thumbnail","hentry","category-vale-tudo","tag-globo","tag-novelas","tag-vale-tudo","wpcat-871-id"],"aioseo_notices":[],"jetpack_featured_media_url":"https:\/\/i0.wp.com\/www.tvnovelas.com.br\/tvnews\/wp-content\/uploads\/2025\/09\/11980.jpg?fit=728%2C410&ssl=1","jetpack_shortlink":"https:\/\/wp.me\/pdP2BO-lkO","jetpack_sharing_enabled":true,"_links":{"self":[{"href":"https:\/\/www.tvnovelas.com.br\/tvnews\/wp-json\/wp\/v2\/posts\/82014","targetHints":{"allow":["GET"]}}],"collection":[{"href":"https:\/\/www.tvnovelas.com.br\/tvnews\/wp-json\/wp\/v2\/posts"}],"about":[{"href":"https:\/\/www.tvnovelas.com.br\/tvnews\/wp-json\/wp\/v2\/types\/post"}],"author":[{"embeddable":true,"href":"https:\/\/www.tvnovelas.com.br\/tvnews\/wp-json\/wp\/v2\/users\/1"}],"replies":[{"embeddable":true,"href":"https:\/\/www.tvnovelas.com.br\/tvnews\/wp-json\/wp\/v2\/comments?post=82014"}],"version-history":[{"count":1,"href":"https:\/\/www.tvnovelas.com.br\/tvnews\/wp-json\/wp\/v2\/posts\/82014\/revisions"}],"predecessor-version":[{"id":82016,"href":"https:\/\/www.tvnovelas.com.br\/tvnews\/wp-json\/wp\/v2\/posts\/82014\/revisions\/82016"}],"wp:featuredmedia":[{"embeddable":true,"href":"https:\/\/www.tvnovelas.com.br\/tvnews\/wp-json\/wp\/v2\/media\/82015"}],"wp:attachment":[{"href":"https:\/\/www.tvnovelas.com.br\/tvnews\/wp-json\/wp\/v2\/media?parent=82014"}],"wp:term":[{"taxonomy":"category","embeddable":true,"href":"https:\/\/www.tvnovelas.com.br\/tvnews\/wp-json\/wp\/v2\/categories?post=82014"},{"taxonomy":"post_tag","embeddable":true,"href":"https:\/\/www.tvnovelas.com.br\/tvnews\/wp-json\/wp\/v2\/tags?post=82014"}],"curies":[{"name":"wp","href":"https:\/\/api.w.org\/{rel}","templated":true}]}}