{"id":82030,"date":"2025-09-10T15:12:31","date_gmt":"2025-09-10T18:12:31","guid":{"rendered":"https:\/\/www.tvnovelas.com.br\/tvnews\/?p=82030"},"modified":"2025-09-10T15:12:31","modified_gmt":"2025-09-10T18:12:31","slug":"eta-mundo-melhor-sandra-surge-em-castelo-cheia-de-rancor-e-sonhos","status":"publish","type":"post","link":"https:\/\/www.tvnovelas.com.br\/tvnews\/eta-mundo-melhor-sandra-surge-em-castelo-cheia-de-rancor-e-sonhos\/","title":{"rendered":"\u00cata Mundo Melhor!: Sandra surge em castelo, cheia de rancor e sonhos"},"content":{"rendered":"<figure id=\"attachment_82031\" aria-describedby=\"caption-attachment-82031\" style=\"width: 728px\" class=\"wp-caption alignnone\"><img data-recalc-dims=\"1\" decoding=\"async\" class=\"wp-image-82031 size-full\" title=\"(Foto: TV Globo\/\u00cata Mundo Melhor!)\" src=\"https:\/\/i0.wp.com\/www.tvnovelas.com.br\/tvnews\/wp-content\/uploads\/2025\/09\/11983.jpg?resize=728%2C410&#038;ssl=1\" alt=\"Foto em \u00cata Mundo Melhor!: Sandra surge em castelo, cheia de rancor e sonhos\" width=\"728\" height=\"410\" srcset=\"https:\/\/i0.wp.com\/www.tvnovelas.com.br\/tvnews\/wp-content\/uploads\/2025\/09\/11983.jpg?w=728&amp;ssl=1 728w, https:\/\/i0.wp.com\/www.tvnovelas.com.br\/tvnews\/wp-content\/uploads\/2025\/09\/11983.jpg?resize=250%2C141&amp;ssl=1 250w\" sizes=\"(max-width: 728px) 100vw, 728px\" \/><figcaption id=\"caption-attachment-82031\" class=\"wp-caption-text\">\u00cata Mundo Melhor!: Sandra surge em castelo, cheia de rancor e sonhos<\/figcaption><\/figure>\n<p>Em \u2018\u00cata Mundo Melhor!\u2019, Celso (Rainer Cadete) se despede de Estela (Larissa Manoela) ap\u00f3s um encontro e ela pergunta sobre Sandra (Fl\u00e1via Alessandra). Celso revela n\u00e3o ter not\u00edcias desde que a irm\u00e3 fugiu da cadeia. Enquanto isso, Sandra, agora vivendo na Europa ap\u00f3s algumas fugas, escreve em seu di\u00e1rio e relata que sente saudades do irm\u00e3o.<\/p>\n<p>Em um castelo, a vil\u00e3 surge transformada e mostra que continua ambiciosa e cheia de rancor, ao se recusar a viver sem ter nada diante de tantas pessoas com muito. Na companhia do Bar\u00e3o Deschamps (Jaime Leibovitch), com quem tem planos de se casar e tomar sua fortuna, ela mant\u00e9m o sonho de voltar ao Brasil como parte da realeza e deseja se vingar de todos que a humilharam.<\/p>\n<p>Mais tarde, Sandra vai conhecer In\u00eas (Joana Solnado). Na ocasi\u00e3o, Sandra escreve mais uma vez em seu di\u00e1rio numa pra\u00e7a e sente a falta de Ernesto (Eriberto Le\u00e3o). Durante o lamento, ela observa In\u00eas, uma mulher portuguesa, que furta objetos enquanto caminha entre as pessoas. Ao v\u00ea-la contar o dinheiro roubado, Sandra a confronta e a chama de ladra.<\/p>\n<p>In\u00eas implora para n\u00e3o ser entregue e se oferece para se aliar a Sandra. A vil\u00e3 prop\u00f5e, ent\u00e3o, que a mo\u00e7a se torne sua dama de companhia e passem a morar juntas. In\u00eas aceita, mas desconfia das inten\u00e7\u00f5es da mulher.<br \/>\n<!--FIM--><\/p>\n<h2>Sobre a novela:<\/h2>\n<p><a href=\"https:\/\/tvnovelas.com.br\/page2\/arquivo\/eta-mundo-melhor-a-volta-de-candinho-e-policarpo\/&quot;\" target=\"_blank\" rel=\"noopener\">\u00cata Mundo Melhor!: A volta de Candinho e Policarpo<\/a> (Sinopse)<br \/>\n<a href=\"https:\/\/pt.wikipedia.org\/wiki\/%C3%8Ata_Mundo_Melhor!\" target=\"_blank\" rel=\"noopener\">Sobre \u00cata Mundo Melhor!, na Wikipedia<\/a><\/p>\n<div style=\"font-size: 120%;\"><h3>Confira tamb\u00e9m<\/h3>\r\n<a href=\"https:\/\/tvnovelas.com.br\/novelas\/\" rel=\"noopener\" target=\"_blank\"><strong>Todos os resumos de novelas<\/strong><\/a><\/br>\r\n<a href=\"https:\/\/www.tvnovelas.com.br\/tvnews\/\" rel=\"noopener\" target=\"_blank\"><strong>\u00daltimas not\u00edcias das novelas<\/strong><\/a><\/br>\r\n<a href=\"https:\/\/www.tvnovelas.com.br\/filmes\/\" target=\"_blank\" rel=\"noopener noreferrer\"><strong>Programa\u00e7\u00e3o de filmes na TV aberta<\/strong><\/a><\/br>\r\n<a href=\"https:\/\/caetenews.com.br\/semana\/filmes-da-globo-na-sessao-da-tarde-desta-semana\/\" target=\"_blank\" rel=\"noopener\"><strong>Confira os filmes da semana na Sess\u00e3o da Tarde<\/strong><\/a><\/br>\r\n<a href=\"https:\/\/classindportal.mj.gov.br\/consulta-filmes\" target=\"_blank\" rel=\"noopener\"><strong>Consulte a classifica\u00e7\u00e3o indicativa dos filmes e novelas<\/strong><\/a><\/br><\/div>\n","protected":false},"excerpt":{"rendered":"<p>\u00cata Mundo Melhor!: Sandra surge em castelo, cheia de rancor e sonhos&#8230; Em \u2018\u00cata Mundo Melhor!\u2019, Celso (Rainer Cadete) se despede de Estela&#8230;<\/p>\n","protected":false},"author":1,"featured_media":82031,"comment_status":"closed","ping_status":"closed","sticky":false,"template":"","format":"standard","meta":{"_uf_show_specific_survey":0,"_uf_disable_surveys":false,"_jetpack_memberships_contains_paid_content":false,"footnotes":"","_wp_rev_ctl_limit":""},"categories":[920],"tags":[921,5,64],"class_list":["post-82030","post","type-post","status-publish","format-standard","has-post-thumbnail","hentry","category-eta-mundo-melhor","tag-eta-mundo-melhor","tag-globo","tag-novelas","wpcat-920-id"],"aioseo_notices":[],"jetpack_featured_media_url":"https:\/\/i0.wp.com\/www.tvnovelas.com.br\/tvnews\/wp-content\/uploads\/2025\/09\/11983.jpg?fit=728%2C410&ssl=1","jetpack_shortlink":"https:\/\/wp.me\/pdP2BO-ll4","jetpack_sharing_enabled":true,"_links":{"self":[{"href":"https:\/\/www.tvnovelas.com.br\/tvnews\/wp-json\/wp\/v2\/posts\/82030","targetHints":{"allow":["GET"]}}],"collection":[{"href":"https:\/\/www.tvnovelas.com.br\/tvnews\/wp-json\/wp\/v2\/posts"}],"about":[{"href":"https:\/\/www.tvnovelas.com.br\/tvnews\/wp-json\/wp\/v2\/types\/post"}],"author":[{"embeddable":true,"href":"https:\/\/www.tvnovelas.com.br\/tvnews\/wp-json\/wp\/v2\/users\/1"}],"replies":[{"embeddable":true,"href":"https:\/\/www.tvnovelas.com.br\/tvnews\/wp-json\/wp\/v2\/comments?post=82030"}],"version-history":[{"count":1,"href":"https:\/\/www.tvnovelas.com.br\/tvnews\/wp-json\/wp\/v2\/posts\/82030\/revisions"}],"predecessor-version":[{"id":82033,"href":"https:\/\/www.tvnovelas.com.br\/tvnews\/wp-json\/wp\/v2\/posts\/82030\/revisions\/82033"}],"wp:featuredmedia":[{"embeddable":true,"href":"https:\/\/www.tvnovelas.com.br\/tvnews\/wp-json\/wp\/v2\/media\/82031"}],"wp:attachment":[{"href":"https:\/\/www.tvnovelas.com.br\/tvnews\/wp-json\/wp\/v2\/media?parent=82030"}],"wp:term":[{"taxonomy":"category","embeddable":true,"href":"https:\/\/www.tvnovelas.com.br\/tvnews\/wp-json\/wp\/v2\/categories?post=82030"},{"taxonomy":"post_tag","embeddable":true,"href":"https:\/\/www.tvnovelas.com.br\/tvnews\/wp-json\/wp\/v2\/tags?post=82030"}],"curies":[{"name":"wp","href":"https:\/\/api.w.org\/{rel}","templated":true}]}}