{"id":82056,"date":"2025-09-11T08:41:02","date_gmt":"2025-09-11T11:41:02","guid":{"rendered":"https:\/\/www.tvnovelas.com.br\/tvnews\/?p=82056"},"modified":"2025-09-11T08:45:09","modified_gmt":"2025-09-11T11:45:09","slug":"vale-tudo-marco-aurelio-e-leila-sao-denunciados-na-pf","status":"publish","type":"post","link":"https:\/\/www.tvnovelas.com.br\/tvnews\/vale-tudo-marco-aurelio-e-leila-sao-denunciados-na-pf\/","title":{"rendered":"Vale Tudo: Marco Aur\u00e9lio e Leila s\u00e3o denunciados na PF"},"content":{"rendered":"<figure id=\"attachment_82057\" aria-describedby=\"caption-attachment-82057\" style=\"width: 728px\" class=\"wp-caption alignnone\"><img data-recalc-dims=\"1\" decoding=\"async\" class=\"wp-image-82057 size-full\" title=\"(Foto: TV Globo\/Vale Tudo)\" src=\"https:\/\/i0.wp.com\/www.tvnovelas.com.br\/tvnews\/wp-content\/uploads\/2025\/09\/11987.jpg?resize=728%2C410&#038;ssl=1\" alt=\"Foto em Vale Tudo: Marco Aur\u00e9lio e Leila s\u00e3o denunciados na PF\" width=\"728\" height=\"410\" srcset=\"https:\/\/i0.wp.com\/www.tvnovelas.com.br\/tvnews\/wp-content\/uploads\/2025\/09\/11987.jpg?w=728&amp;ssl=1 728w, https:\/\/i0.wp.com\/www.tvnovelas.com.br\/tvnews\/wp-content\/uploads\/2025\/09\/11987.jpg?resize=250%2C141&amp;ssl=1 250w\" sizes=\"(max-width: 728px) 100vw, 728px\" \/><figcaption id=\"caption-attachment-82057\" class=\"wp-caption-text\">Vale Tudo: Marco Aur\u00e9lio e Leila s\u00e3o denunciados na PF<\/figcaption><\/figure>\n<p>Em Vale Tudo, Odete Roitman (Debora Bloch) n\u00e3o estava brincando quando disse que ia acabar com Marco Aur\u00e9lio (Alexandre Nero). Antigos aliados, os dois se tornaram inimigos mortais na luta pelo poder da TCA. A empres\u00e1ria agora vai atacar a galinha dos ovos de ouro do ex-genro.<\/p>\n<p>Marco Aur\u00e9lio est\u00e1 com Leila (Carolina Dieckmmann) e os filhos jantando na casa de Bartolomeu (Luis Melo) quando recebe uma liga\u00e7\u00e3o de Freitas (Luis Lobianco).<\/p>\n<p>\u201cDesculpa, doutor Marco Aur\u00e9lio. \u00c9 que aquele nosso contato, acabou de emitir um aviso: a Pol\u00edcia Federal vai fazer uma batida na Essenza.\u201d<\/p>\n<p>A est\u00e9tica que ele e Leila inauguraram para lavar o dinheiro que roubavam na TCA agora est\u00e1 na mira da PF!<\/p>\n<p>\u201cA Pol\u00edcia Federal t\u00e1 indo para nossa cl\u00ednica. A gente foi denunciado\u201d, conta para Leila.<\/p>\n<p>O casal vai embora e corre para chegar antes que os policiais na cl\u00ednica para destruir provas comprometedoras dos desvios que faz.<br \/>\n<strong>Leia tamb\u00e9m:<\/strong><br \/>\n<a href=\"https:\/\/www.tvnovelas.com.br\/tvnews\/82040-2\/\">Vale Tudo: Algu\u00e9m tenta dar fim em Odete<\/a><br \/>\n<!--FIM--><br \/>\n<a href=\"https:\/\/wp.me\/pfspD2-oI\" target=\"_blank\" rel=\"noopener\">Vale Tudo: Invers\u00e3o de valores no final dos anos erdade1980<\/a> (Sinopse)<\/p>\n<div style=\"font-size: 120%;\"><h3>Confira tamb\u00e9m<\/h3>\r\n<a href=\"https:\/\/tvnovelas.com.br\/novelas\/\" rel=\"noopener\" target=\"_blank\"><strong>Todos os resumos de novelas<\/strong><\/a><\/br>\r\n<a href=\"https:\/\/www.tvnovelas.com.br\/tvnews\/\" rel=\"noopener\" target=\"_blank\"><strong>\u00daltimas not\u00edcias das novelas<\/strong><\/a><\/br>\r\n<a href=\"https:\/\/www.tvnovelas.com.br\/filmes\/\" target=\"_blank\" rel=\"noopener noreferrer\"><strong>Programa\u00e7\u00e3o de filmes na TV aberta<\/strong><\/a><\/br>\r\n<a href=\"https:\/\/caetenews.com.br\/semana\/filmes-da-globo-na-sessao-da-tarde-desta-semana\/\" target=\"_blank\" rel=\"noopener\"><strong>Confira os filmes da semana na Sess\u00e3o da Tarde<\/strong><\/a><\/br>\r\n<a href=\"https:\/\/classindportal.mj.gov.br\/consulta-filmes\" target=\"_blank\" rel=\"noopener\"><strong>Consulte a classifica\u00e7\u00e3o indicativa dos filmes e novelas<\/strong><\/a><\/br><\/div>\n","protected":false},"excerpt":{"rendered":"<p>Vale Tudo: Marco Aur\u00e9lio e Leila s\u00e3o denunciados na PF&#8230; Em Vale Tudo, Odete Roitman (Debora Bloch) n\u00e3o estava brincando quando disse&#8230;<\/p>\n","protected":false},"author":1,"featured_media":82057,"comment_status":"closed","ping_status":"closed","sticky":false,"template":"","format":"standard","meta":{"_uf_show_specific_survey":0,"_uf_disable_surveys":false,"_jetpack_memberships_contains_paid_content":false,"footnotes":"","_wp_rev_ctl_limit":""},"categories":[871],"tags":[5,64],"class_list":["post-82056","post","type-post","status-publish","format-standard","has-post-thumbnail","hentry","category-vale-tudo","tag-globo","tag-novelas","wpcat-871-id"],"aioseo_notices":[],"jetpack_featured_media_url":"https:\/\/i0.wp.com\/www.tvnovelas.com.br\/tvnews\/wp-content\/uploads\/2025\/09\/11987.jpg?fit=728%2C410&ssl=1","jetpack_shortlink":"https:\/\/wp.me\/pdP2BO-llu","jetpack_sharing_enabled":true,"_links":{"self":[{"href":"https:\/\/www.tvnovelas.com.br\/tvnews\/wp-json\/wp\/v2\/posts\/82056","targetHints":{"allow":["GET"]}}],"collection":[{"href":"https:\/\/www.tvnovelas.com.br\/tvnews\/wp-json\/wp\/v2\/posts"}],"about":[{"href":"https:\/\/www.tvnovelas.com.br\/tvnews\/wp-json\/wp\/v2\/types\/post"}],"author":[{"embeddable":true,"href":"https:\/\/www.tvnovelas.com.br\/tvnews\/wp-json\/wp\/v2\/users\/1"}],"replies":[{"embeddable":true,"href":"https:\/\/www.tvnovelas.com.br\/tvnews\/wp-json\/wp\/v2\/comments?post=82056"}],"version-history":[{"count":4,"href":"https:\/\/www.tvnovelas.com.br\/tvnews\/wp-json\/wp\/v2\/posts\/82056\/revisions"}],"predecessor-version":[{"id":82061,"href":"https:\/\/www.tvnovelas.com.br\/tvnews\/wp-json\/wp\/v2\/posts\/82056\/revisions\/82061"}],"wp:featuredmedia":[{"embeddable":true,"href":"https:\/\/www.tvnovelas.com.br\/tvnews\/wp-json\/wp\/v2\/media\/82057"}],"wp:attachment":[{"href":"https:\/\/www.tvnovelas.com.br\/tvnews\/wp-json\/wp\/v2\/media?parent=82056"}],"wp:term":[{"taxonomy":"category","embeddable":true,"href":"https:\/\/www.tvnovelas.com.br\/tvnews\/wp-json\/wp\/v2\/categories?post=82056"},{"taxonomy":"post_tag","embeddable":true,"href":"https:\/\/www.tvnovelas.com.br\/tvnews\/wp-json\/wp\/v2\/tags?post=82056"}],"curies":[{"name":"wp","href":"https:\/\/api.w.org\/{rel}","templated":true}]}}