{"id":82116,"date":"2025-09-12T16:55:11","date_gmt":"2025-09-12T19:55:11","guid":{"rendered":"https:\/\/www.tvnovelas.com.br\/tvnews\/?p=82116"},"modified":"2025-09-12T17:02:17","modified_gmt":"2025-09-12T20:02:17","slug":"o-que-rola-em-eta-mundo-melhor-na-semana","status":"publish","type":"post","link":"https:\/\/www.tvnovelas.com.br\/tvnews\/o-que-rola-em-eta-mundo-melhor-na-semana\/","title":{"rendered":"O que rola em \u00cata Mundo Melhor! na semana 15 a 20\/9"},"content":{"rendered":"<div style=\"background-color: #a1c2bd; border-style: solid; border-width: 0px 0px 10px 0px; solid green; border-radius: 30px; padding: 10px; font-size: 125%; text-align: justify;\">.<\/p>\n<p><figure id=\"attachment_82117\" aria-describedby=\"caption-attachment-82117\" style=\"width: 728px\" class=\"wp-caption aligncenter\"><img data-recalc-dims=\"1\" decoding=\"async\" class=\"wp-image-82117 size-full\" title=\"(Foto: TV Globo\/\u00cata Mundo Melhor!)\" src=\"https:\/\/i0.wp.com\/www.tvnovelas.com.br\/tvnews\/wp-content\/uploads\/2025\/09\/11999.jpg?resize=728%2C409&#038;ssl=1\" alt=\"Foto em O que rola em \u00cata Mundo Melhor! na semana 15 a 20\/9\" width=\"728\" height=\"409\" srcset=\"https:\/\/i0.wp.com\/www.tvnovelas.com.br\/tvnews\/wp-content\/uploads\/2025\/09\/11999.jpg?w=728&amp;ssl=1 728w, https:\/\/i0.wp.com\/www.tvnovelas.com.br\/tvnews\/wp-content\/uploads\/2025\/09\/11999.jpg?resize=250%2C140&amp;ssl=1 250w\" sizes=\"(max-width: 728px) 100vw, 728px\" \/><figcaption id=\"caption-attachment-82117\" class=\"wp-caption-text\">O que rola em \u00cata Mundo Melhor! na semana 15 a 20\/9<\/figcaption><\/figure><br \/>\n<strong style=\"color: #dc143c;\">Nos pr\u00f3ximos cap\u00edtulos de \u00cata Mundo Melhor, <\/strong><span style=\"color: #dc143c; font-size: 110%;\">Candinho pede ajuda a Sabi\u00e1 para encontrar Samir; Candinho e Zulma decidem ir atr\u00e1s de Samir e Jasmin; Celso discute com Estela e termina o relacionamento dos dois; Candinho encontra Samir; Zulma se preocupa com a proximidade entre Candinho e Samir; Dita aceita morar com Candinho&#8230;<\/span>\n<\/div>\n<h2 style=\"color: #dc143c;\">Resumo de segunda-feira, 15 de setembro<\/h2>\n<p>Fl\u00e1via explica para Candinho e Zulma que alugou a casa para Marilda e Aderbal por um curto per\u00edodo de tempo. Samir e Jasmin desconfiam quando Marilda e Aderbal falam sobre o suposto s\u00edtio. Na Europa, Sandra conhece In\u00eas e decide que ela ser\u00e1 sua c\u00famplice no casamento com o Bar\u00e3o. Candinho pede ajuda a Sabi\u00e1 para encontrar Samir. Paix\u00e3o confidencia a L\u00facio que est\u00e1 sofrendo de uma doen\u00e7a card\u00edaca durante o anivers\u00e1rio do dono da r\u00e1dio. Medeia e Maria Divina escondem a esmeralda de Cunegundes. Estela diz a Celso que deseja visitar Ernesto. Perdidos ap\u00f3s o acidente, Asdr\u00fabal e Picol\u00e9 acreditam ter visto Samir dentro de um carro. Candinho afirma que encontrar\u00e1 Samir.<\/p>\n<h2 style=\"color: #dc143c;\">Resumo de ter\u00e7a-feira, 16 de setembro<\/h2>\n<p>Candinho e Zulma decidem ir atr\u00e1s de Samir e Jasmin. Estela e Celso se desentendem por conta de Ernesto. As crian\u00e7as pedem que Aladin se esconda no carro de Candinho para salvar Samir e Jasmin. Aderbal e Marilda anunciam a Samir e Jasmin que os vender\u00e3o para um homem. Jasmin consegue fugir e avisa a Asdr\u00fabal, Picol\u00e9 e Z\u00e9 dos Porcos que Samir est\u00e1 em perigo. Cunegundes tem uma nova vis\u00e3o com Pedro II. Candinho, Zulma e Aladin seguem sua busca por Samir e Jasmin.<\/p>\n<h2 style=\"color: #dc143c;\">Resumo de quarta-feira, 17 de setembro<\/h2>\n<p>Sabi\u00e1 acompanha Candinho, Zulma e Aladin na busca por Samir e Jasmin. Samir teme as atitudes de Marilda e Aderbal, e clama por Candinho. Estela visita Ernesto na delegacia. Samir ouve a voz de Asdr\u00fabal e implora que o professor o salve. Hayd\u00e9e sofre com a frieza de L\u00facio. Policarpo guia Candinho na busca por Samir. Carneiro anuncia que Cunegundes deve ser internada. Sandra ignora o Bar\u00e3o e pede ajuda a In\u00eas. Ernesto provoca Celso falando de Estela. Marilda e Aderbal trancam Asdr\u00fabal, Picol\u00e9, Z\u00e9 dos Porcos e Jasmin com Samir no galp\u00e3o.<\/p>\n<h2 style=\"color: #dc143c;\">Resumo de quinta-feira, 18 de setembro<\/h2>\n<p>Samir afirma aos amigos que Candinho vir\u00e1 em socorro de todos. Carneiro leva Cunegundes para ser internada. Ernesto provoca Celso, e o delegado afirma que ele ser\u00e1 transferido. Sandra confidencia a In\u00eas seus conhecimentos sobre venenos. Candinho encontra o galp\u00e3o e afirma a Samir e aos amigos que os libertar\u00e1. Tobias se incomoda quando Lauro leva S\u00f4nia para comprar vestidos. Simb\u00e1 mente e intriga Anabela contra Aladin. Celso discute com Estela e acaba terminando o relacionamento dos dois. Ol\u00edmpia fala mal de Dita ao vivo na r\u00e1dio. O chefe de Marilda e Aderbal vai ao encontro de Samir e Jasmin. Candinho, Zulma e Aladin temem n\u00e3o conseguir salvar os amigos.<\/p>\n<h2 style=\"color: #dc143c;\">Resumo de sexta-feira, 19 de setembro<\/h2>\n<p>Ao ouvirem o carro de Marilda e Aderbal se aproximando, Candinho e seus amigos tentam abrir a porta do galp\u00e3o. Quinzinho encontra o papel que Pedro II deu a Cunegundes e desfalece ao saber que a esposa foi levada por Carneiro. Candinho consegue salvar os amigos. Rog\u00e9rio anuncia a Dita que n\u00e3o poder\u00e1 mais contrat\u00e1-la na r\u00e1dio. Dita confronta Ol\u00edmpia, que exige que Margarida expulse Dita da pens\u00e3o. Estela e Anabela sofrem por Celso e Aladin. Zulma se preocupa com a proximidade entre Candinho e Samir. Cunegundes se desespera ao encontrar Quinzinho desacordado.<\/p>\n<h2 style=\"color: #dc143c;\">Resumo de s\u00e1bado, 20 de setembro<\/h2>\n<p>Quinzinho desperta e afirma a Carneiro que n\u00e3o permite a interna\u00e7\u00e3o de Cunegundes. Sabi\u00e1 denuncia Marilda, Aderbal e seu chefe por rapto de crian\u00e7as, e os tr\u00eas s\u00e3o presos. Simb\u00e1 inventa para Aladin que Anabela n\u00e3o quer mais saber dele. Margarida avisa a Dita que ela ter\u00e1 que sair da pens\u00e3o. Quit\u00e9ria conta a Candinho que Dita se incomodou com a proximidade dele com Zulma. Quinzinho revela a Cunegundes que encontrou o mapa das esmeraldas, e Asdr\u00fabal surpreende os dois. Estela conhece Carmem. L\u00facio confessa a Margarida que Hayd\u00e9e acredita ser sua filha. Sandra e In\u00eas planejam se livrar do Bar\u00e3o. Tobias pede que Francine fique de olho em S\u00f4nia. Dita aceita morar com Candinho.<br \/>\n<!--FIM--><\/p>\n<h2>Sobre a novela:<\/h2>\n<p><a href=\"https:\/\/tvnovelas.com.br\/page2\/arquivo\/eta-mundo-melhor-a-volta-de-candinho-e-policarpo\/&quot;\" target=\"_blank\" rel=\"noopener\">\u00cata Mundo Melhor!: A volta de Candinho e Policarpo<\/a> (Sinopse)<br \/>\n<a href=\"https:\/\/pt.wikipedia.org\/wiki\/%C3%8Ata_Mundo_Melhor!\" target=\"_blank\" rel=\"noopener\">Sobre \u00cata Mundo Melhor!, na Wikipedia<\/a><\/p>\n<div style=\"font-size: 120%;\"><h3>Confira tamb\u00e9m<\/h3>\r\n<a href=\"https:\/\/tvnovelas.com.br\/novelas\/\" rel=\"noopener\" target=\"_blank\"><strong>Todos os resumos de novelas<\/strong><\/a><\/br>\r\n<a href=\"https:\/\/www.tvnovelas.com.br\/tvnews\/\" rel=\"noopener\" target=\"_blank\"><strong>\u00daltimas not\u00edcias das novelas<\/strong><\/a><\/br>\r\n<a href=\"https:\/\/www.tvnovelas.com.br\/filmes\/\" target=\"_blank\" rel=\"noopener noreferrer\"><strong>Programa\u00e7\u00e3o de filmes na TV aberta<\/strong><\/a><\/br>\r\n<a href=\"https:\/\/caetenews.com.br\/semana\/filmes-da-globo-na-sessao-da-tarde-desta-semana\/\" target=\"_blank\" rel=\"noopener\"><strong>Confira os filmes da semana na Sess\u00e3o da Tarde<\/strong><\/a><\/br>\r\n<a href=\"https:\/\/classindportal.mj.gov.br\/consulta-filmes\" target=\"_blank\" rel=\"noopener\"><strong>Consulte a classifica\u00e7\u00e3o indicativa dos filmes e novelas<\/strong><\/a><\/br><\/div>\n","protected":false},"excerpt":{"rendered":"<p>O que rola em \u00cata Mundo Melhor! na semana 15 a 20\/9&#8230; Nos pr\u00f3ximos cap\u00edtulos de \u00cata Mundo Melhor, Candinho pede ajuda a Sabi\u00e1 para encontrar Samir; Candinho&#8230;<\/p>\n","protected":false},"author":1,"featured_media":82117,"comment_status":"closed","ping_status":"closed","sticky":false,"template":"","format":"standard","meta":{"_uf_show_specific_survey":0,"_uf_disable_surveys":false,"_jetpack_memberships_contains_paid_content":false,"footnotes":"","_wp_rev_ctl_limit":""},"categories":[920,353],"tags":[921,5,64,343],"class_list":["post-82116","post","type-post","status-publish","format-standard","has-post-thumbnail","hentry","category-eta-mundo-melhor","category-resumos-de-novelas","tag-eta-mundo-melhor","tag-globo","tag-novelas","tag-resumos-de-novala","wpcat-920-id","wpcat-353-id"],"aioseo_notices":[],"jetpack_featured_media_url":"https:\/\/i0.wp.com\/www.tvnovelas.com.br\/tvnews\/wp-content\/uploads\/2025\/09\/11999.jpg?fit=728%2C409&ssl=1","jetpack_shortlink":"https:\/\/wp.me\/pdP2BO-lms","jetpack_sharing_enabled":true,"_links":{"self":[{"href":"https:\/\/www.tvnovelas.com.br\/tvnews\/wp-json\/wp\/v2\/posts\/82116","targetHints":{"allow":["GET"]}}],"collection":[{"href":"https:\/\/www.tvnovelas.com.br\/tvnews\/wp-json\/wp\/v2\/posts"}],"about":[{"href":"https:\/\/www.tvnovelas.com.br\/tvnews\/wp-json\/wp\/v2\/types\/post"}],"author":[{"embeddable":true,"href":"https:\/\/www.tvnovelas.com.br\/tvnews\/wp-json\/wp\/v2\/users\/1"}],"replies":[{"embeddable":true,"href":"https:\/\/www.tvnovelas.com.br\/tvnews\/wp-json\/wp\/v2\/comments?post=82116"}],"version-history":[{"count":3,"href":"https:\/\/www.tvnovelas.com.br\/tvnews\/wp-json\/wp\/v2\/posts\/82116\/revisions"}],"predecessor-version":[{"id":82143,"href":"https:\/\/www.tvnovelas.com.br\/tvnews\/wp-json\/wp\/v2\/posts\/82116\/revisions\/82143"}],"wp:featuredmedia":[{"embeddable":true,"href":"https:\/\/www.tvnovelas.com.br\/tvnews\/wp-json\/wp\/v2\/media\/82117"}],"wp:attachment":[{"href":"https:\/\/www.tvnovelas.com.br\/tvnews\/wp-json\/wp\/v2\/media?parent=82116"}],"wp:term":[{"taxonomy":"category","embeddable":true,"href":"https:\/\/www.tvnovelas.com.br\/tvnews\/wp-json\/wp\/v2\/categories?post=82116"},{"taxonomy":"post_tag","embeddable":true,"href":"https:\/\/www.tvnovelas.com.br\/tvnews\/wp-json\/wp\/v2\/tags?post=82116"}],"curies":[{"name":"wp","href":"https:\/\/api.w.org\/{rel}","templated":true}]}}