{"id":82140,"date":"2025-09-13T09:10:42","date_gmt":"2025-09-13T12:10:42","guid":{"rendered":"https:\/\/www.tvnovelas.com.br\/tvnews\/?p=82140"},"modified":"2025-09-13T11:04:22","modified_gmt":"2025-09-13T14:04:22","slug":"vale-tudo-odete-contrata-musicos-para-matar-marco-aurelio","status":"publish","type":"post","link":"https:\/\/www.tvnovelas.com.br\/tvnews\/vale-tudo-odete-contrata-musicos-para-matar-marco-aurelio\/","title":{"rendered":"Vale Tudo: Odete contrata \u2018m\u00fasicos\u2019 para matar Marco Aur\u00e9lio"},"content":{"rendered":"<figure id=\"attachment_82141\" aria-describedby=\"caption-attachment-82141\" style=\"width: 728px\" class=\"wp-caption alignnone\"><img data-recalc-dims=\"1\" decoding=\"async\" class=\"wp-image-82141 size-full\" title=\"(Foto: TV Globo\/Vale Tudo)\" src=\"https:\/\/i0.wp.com\/www.tvnovelas.com.br\/tvnews\/wp-content\/uploads\/2025\/09\/12004.jpg?resize=728%2C410&#038;ssl=1\" alt=\"Foto em Vale Tudo: Odete contrata \u2018m\u00fasicos\u2019 para matar Marco Aur\u00e9lio\" width=\"728\" height=\"410\" srcset=\"https:\/\/i0.wp.com\/www.tvnovelas.com.br\/tvnews\/wp-content\/uploads\/2025\/09\/12004.jpg?w=728&amp;ssl=1 728w, https:\/\/i0.wp.com\/www.tvnovelas.com.br\/tvnews\/wp-content\/uploads\/2025\/09\/12004.jpg?resize=250%2C141&amp;ssl=1 250w\" sizes=\"(max-width: 728px) 100vw, 728px\" \/><figcaption id=\"caption-attachment-82141\" class=\"wp-caption-text\">Vale Tudo: Odete contrata \u2018m\u00fasicos\u2019 para matar Marco Aur\u00e9lio<\/figcaption><\/figure>\n<p>Odete Roitman (Debora Bloch) \u00e9 o tipo de mulher que n\u00e3o tem medo de recorrer a atividades criminosas para se vingar dos seus desafetos. E atualmente, esta lista \u00e9 encabe\u00e7ada por Marco Aur\u00e9lio (Alexandre Nero), que, al\u00e9m de roubar a TCA h\u00e1 anos, tem feito alguns ataques diretos e indiretos \u00e0 bilion\u00e1ria.<\/p>\n<p>Em uma conversa com C\u00e9sar (Cau\u00e3 Reymond), Odete dar\u00e1 a entender que planeja arranjar um desfecho tr\u00e1gico a Marco Aur\u00e9lio.<\/p>\n<p>\u201cMas o que \u00e9 que voc\u00ea vai fazer, Odete? Como voc\u00ea vai demitir o vice-presidente da sua empresa por corrup\u00e7\u00e3o?\u201d, questionar\u00e1 o garot\u00e3o.<\/p>\n<p>Odete explicar\u00e1 que a quest\u00e3o do roubo da TCA n\u00e3o \u00e9 a mais grave, pois j\u00e1 que Tiago (Pedro Waddington) \u00e9 o \u00fanico herdeiro de Marco Aur\u00e9lio e um Roitman, o dinheiro, eventualmente, retornar\u00e1 para a fam\u00edlia quando o criminoso morrer.<\/p>\n<p>\u201cEu n\u00e3o sabia que voc\u00ea era t\u00e3o paciente assim, pra esperar o Marco Aur\u00e9lio morrer\u201d, pontuar\u00e1 C\u00e9sar.<\/p>\n<p>\u201cA gente n\u00e3o tem como esperar a morte, ela acontece\u201d, devolver\u00e1 Odete, com ares misteriosos. \u201cT\u00eam coisas que s\u00e3o muito imprevis\u00edveis, C\u00e9sar. E a gente vive num pa\u00eds t\u00e3o violento&#8230; Imagina o risco que um milion\u00e1rio como o Marco Aur\u00e9lio corre todos os dias?&#8230; Um descuido e&#8230; A gente nunca sabe.\u201d<\/p>\n<p>N\u00e3o muito tempo depois, quando C\u00e9sar voltar da academia para a su\u00edte presidencial em que vive com Odete, encontrar\u00e1 a esposa se despedindo de dois homens mal-encarados.<\/p>\n<p>\u201cAt\u00e9 amanh\u00e3 eu vou ter todas as informa\u00e7\u00f5es. Modelo da embarca\u00e7\u00e3o, hora, de onde eles v\u00e3o sair, onde vai ser o passeio, tudo\u201d, dir\u00e1 ela, sem entrar em mais detalhes na frente de C\u00e9sar.<\/p>\n<p>Ap\u00f3s a dupla ir embora, o ex-modelo ir\u00e1 perguntar \u00e0 esposa quem eram os dois visitantes.<\/p>\n<p>\u201cS\u00e3o m\u00fasicos, amigos meus\u201d, responder\u00e1 ela.<br \/>\n<strong>Leia tamb\u00e9m:<\/strong><br \/>\n<a href=\"https:\/\/wp.me\/pdP2BO-lmY\">Vale Tudo: P\u00e2nico no casamento de Leila e Marco Aur\u00e9lio<\/a><br \/>\n<!--FIM--><br \/>\n<a href=\"https:\/\/wp.me\/pfspD2-oI\" target=\"_blank\" rel=\"noopener\">Vale Tudo: Invers\u00e3o de valores no final dos anos erdade1980<\/a> (Sinopse)<\/p>\n<div style=\"font-size: 120%;\"><h3>Confira tamb\u00e9m<\/h3>\r\n<a href=\"https:\/\/tvnovelas.com.br\/novelas\/\" rel=\"noopener\" target=\"_blank\"><strong>Todos os resumos de novelas<\/strong><\/a><\/br>\r\n<a href=\"https:\/\/www.tvnovelas.com.br\/tvnews\/\" rel=\"noopener\" target=\"_blank\"><strong>\u00daltimas not\u00edcias das novelas<\/strong><\/a><\/br>\r\n<a href=\"https:\/\/www.tvnovelas.com.br\/filmes\/\" target=\"_blank\" rel=\"noopener noreferrer\"><strong>Programa\u00e7\u00e3o de filmes na TV aberta<\/strong><\/a><\/br>\r\n<a href=\"https:\/\/caetenews.com.br\/semana\/filmes-da-globo-na-sessao-da-tarde-desta-semana\/\" target=\"_blank\" rel=\"noopener\"><strong>Confira os filmes da semana na Sess\u00e3o da Tarde<\/strong><\/a><\/br>\r\n<a href=\"https:\/\/classindportal.mj.gov.br\/consulta-filmes\" target=\"_blank\" rel=\"noopener\"><strong>Consulte a classifica\u00e7\u00e3o indicativa dos filmes e novelas<\/strong><\/a><\/br><\/div>\n","protected":false},"excerpt":{"rendered":"<p>Vale Tudo: Odete contrata \u2018m\u00fasicos\u2019 para matar Marco Aur\u00e9lio&#8230; Odete Roitman (Debora Bloch) \u00e9 o tipo de mulher que n\u00e3o tem medo de recorrer a atividades&#8230;<\/p>\n","protected":false},"author":1,"featured_media":82141,"comment_status":"closed","ping_status":"closed","sticky":false,"template":"","format":"standard","meta":{"_uf_show_specific_survey":0,"_uf_disable_surveys":false,"_jetpack_memberships_contains_paid_content":false,"footnotes":"","_wp_rev_ctl_limit":""},"categories":[871],"tags":[5,64,801],"class_list":["post-82140","post","type-post","status-publish","format-standard","has-post-thumbnail","hentry","category-vale-tudo","tag-globo","tag-novelas","tag-vale-tudo","wpcat-871-id"],"aioseo_notices":[],"jetpack_featured_media_url":"https:\/\/i0.wp.com\/www.tvnovelas.com.br\/tvnews\/wp-content\/uploads\/2025\/09\/12004.jpg?fit=728%2C410&ssl=1","jetpack_shortlink":"https:\/\/wp.me\/pdP2BO-lmQ","jetpack_sharing_enabled":true,"_links":{"self":[{"href":"https:\/\/www.tvnovelas.com.br\/tvnews\/wp-json\/wp\/v2\/posts\/82140","targetHints":{"allow":["GET"]}}],"collection":[{"href":"https:\/\/www.tvnovelas.com.br\/tvnews\/wp-json\/wp\/v2\/posts"}],"about":[{"href":"https:\/\/www.tvnovelas.com.br\/tvnews\/wp-json\/wp\/v2\/types\/post"}],"author":[{"embeddable":true,"href":"https:\/\/www.tvnovelas.com.br\/tvnews\/wp-json\/wp\/v2\/users\/1"}],"replies":[{"embeddable":true,"href":"https:\/\/www.tvnovelas.com.br\/tvnews\/wp-json\/wp\/v2\/comments?post=82140"}],"version-history":[{"count":2,"href":"https:\/\/www.tvnovelas.com.br\/tvnews\/wp-json\/wp\/v2\/posts\/82140\/revisions"}],"predecessor-version":[{"id":82155,"href":"https:\/\/www.tvnovelas.com.br\/tvnews\/wp-json\/wp\/v2\/posts\/82140\/revisions\/82155"}],"wp:featuredmedia":[{"embeddable":true,"href":"https:\/\/www.tvnovelas.com.br\/tvnews\/wp-json\/wp\/v2\/media\/82141"}],"wp:attachment":[{"href":"https:\/\/www.tvnovelas.com.br\/tvnews\/wp-json\/wp\/v2\/media?parent=82140"}],"wp:term":[{"taxonomy":"category","embeddable":true,"href":"https:\/\/www.tvnovelas.com.br\/tvnews\/wp-json\/wp\/v2\/categories?post=82140"},{"taxonomy":"post_tag","embeddable":true,"href":"https:\/\/www.tvnovelas.com.br\/tvnews\/wp-json\/wp\/v2\/tags?post=82140"}],"curies":[{"name":"wp","href":"https:\/\/api.w.org\/{rel}","templated":true}]}}