{"id":82173,"date":"2025-09-14T09:28:21","date_gmt":"2025-09-14T12:28:21","guid":{"rendered":"https:\/\/www.tvnovelas.com.br\/tvnews\/?p=82173"},"modified":"2025-09-14T09:28:21","modified_gmt":"2025-09-14T12:28:21","slug":"eta-mundo-melhor-sequestro-de-samir-deixa-pistas","status":"publish","type":"post","link":"https:\/\/www.tvnovelas.com.br\/tvnews\/eta-mundo-melhor-sequestro-de-samir-deixa-pistas\/","title":{"rendered":"\u00cata Mundo Melhor!: Sequestro de Samir deixa pistas"},"content":{"rendered":"<figure id=\"attachment_82174\" aria-describedby=\"caption-attachment-82174\" style=\"width: 726px\" class=\"wp-caption alignnone\"><img data-recalc-dims=\"1\" decoding=\"async\" class=\"wp-image-82174 size-full\" title=\"(Foto: TV Globo\/\u00cata Mundo Melhor!)\" src=\"https:\/\/i0.wp.com\/www.tvnovelas.com.br\/tvnews\/wp-content\/uploads\/2025\/09\/12008.jpg?resize=726%2C410&#038;ssl=1\" alt=\"Foto em \u00cata Mundo Melhor!: Sequestro de Samir deixa pistas\" width=\"726\" height=\"410\" srcset=\"https:\/\/i0.wp.com\/www.tvnovelas.com.br\/tvnews\/wp-content\/uploads\/2025\/09\/12008.jpg?w=726&amp;ssl=1 726w, https:\/\/i0.wp.com\/www.tvnovelas.com.br\/tvnews\/wp-content\/uploads\/2025\/09\/12008.jpg?resize=250%2C141&amp;ssl=1 250w\" sizes=\"(max-width: 726px) 100vw, 726px\" \/><figcaption id=\"caption-attachment-82174\" class=\"wp-caption-text\">\u00cata Mundo Melhor!: Sequestro de Samir deixa pistas<\/figcaption><\/figure>\n<p>Em \u00cata Mundo Melhor!, A verdade veio \u00e0 tona! Aderbal (Cl\u00e1udio Gabriel) e Marilda (Dani Barros) quiseram adotar Samir (Davi Malizia) com o intuito de levar o menino para trabalhar em uma fazenda. Zulma (Heloisa P\u00e9riss\u00e9) percebeu algo de errado nessa hist\u00f3ria e acionou Candinho (Sergio Guiz\u00e9). Logo depois os dois descobriram que o casal sumiu com a crian\u00e7a, e tamb\u00e9m com Jasmim (Dandara Arcebispo).<\/p>\n<p>Nos pr\u00f3ximos cap\u00edtulos, Jasmim e Samir estar\u00e3o no autom\u00f3vel com os picaretas, rumo \u00e0 promessa de uma viagem divertida. Quando o carro passa em frente \u00e0 Casa dos Anjos, as crian\u00e7as pedem para se despedir dos seus amigo. Marilda se nega a parar e, ainda, briga:<\/p>\n<p>&#8220;N\u00e3o vamos parar coisa nenhuma! E fiquem quietos!<\/p>\n<p><strong>For\u00e7a-tarefa para encontrar as crian\u00e7as<\/strong><br \/>\nSimb\u00e1 (Arthur Yera) e outras crian\u00e7as revelam a Zulma que viram o carro de Marilda e Aderbal passando em frente \u00e0 Casa dos Anjos. A mulher pergunta se algu\u00e9m viu a placa, e um dos meninos diz que contou os n\u00fameros.<\/p>\n<p>&#8220;Deixa eu ver&#8230; 9&#8230;33&#8230; E 16!&#8221;<\/p>\n<p>&#8220;9\/33\/16! Temos uma pista para encontrar Samir e Jasmim!&#8221;, comemora Zulma.<\/p>\n<p>Enquanto isso, Z\u00e9 dos Porcos (Anderson Di Rizzi), Asdr\u00fabal (Lu\u00eds Miranda) e Picol\u00e9 (Isaac Amendoim) acampam na estrada com a finalidade de encontrar pistas. De repente, o carro com Samir e Jasmim passa por eles, e a menina reconhece o professor:<\/p>\n<p>&#8220;Samir, n\u00e3o \u00e9 aquele amigo do Candinho?&#8221;<\/p>\n<p>&#8220;\u00c9 o professor Asdr\u00fabal e o Picol\u00e9!&#8221;, confirma Samir.<\/p>\n<p>Asdr\u00fabal reconhece Samir no carro e depois percebe que a placa do carro caiu no caminho. Nela, consta o nome de uma cidade.<\/p>\n<p>&#8220;Tramu\u00ed fica perto de Piracema&#8230;&#8221;, reconhece Z\u00e9 dos Porcos, vibrando com a valiosa pista.<br \/>\n<!--FIM--><\/p>\n<h2>Sobre a novela:<\/h2>\n<p><a href=\"https:\/\/tvnovelas.com.br\/page2\/arquivo\/eta-mundo-melhor-a-volta-de-candinho-e-policarpo\/&quot;\" target=\"_blank\" rel=\"noopener\">\u00cata Mundo Melhor!: A volta de Candinho e Policarpo<\/a> (Sinopse)<br \/>\n<a href=\"https:\/\/pt.wikipedia.org\/wiki\/%C3%8Ata_Mundo_Melhor!\" target=\"_blank\" rel=\"noopener\">Sobre \u00cata Mundo Melhor!, na Wikipedia<\/a><\/p>\n<div style=\"font-size: 120%;\"><h3>Confira tamb\u00e9m<\/h3>\r\n<a href=\"https:\/\/tvnovelas.com.br\/novelas\/\" rel=\"noopener\" target=\"_blank\"><strong>Todos os resumos de novelas<\/strong><\/a><\/br>\r\n<a href=\"https:\/\/www.tvnovelas.com.br\/tvnews\/\" rel=\"noopener\" target=\"_blank\"><strong>\u00daltimas not\u00edcias das novelas<\/strong><\/a><\/br>\r\n<a href=\"https:\/\/www.tvnovelas.com.br\/filmes\/\" target=\"_blank\" rel=\"noopener noreferrer\"><strong>Programa\u00e7\u00e3o de filmes na TV aberta<\/strong><\/a><\/br>\r\n<a href=\"https:\/\/caetenews.com.br\/semana\/filmes-da-globo-na-sessao-da-tarde-desta-semana\/\" target=\"_blank\" rel=\"noopener\"><strong>Confira os filmes da semana na Sess\u00e3o da Tarde<\/strong><\/a><\/br>\r\n<a href=\"https:\/\/classindportal.mj.gov.br\/consulta-filmes\" target=\"_blank\" rel=\"noopener\"><strong>Consulte a classifica\u00e7\u00e3o indicativa dos filmes e novelas<\/strong><\/a><\/br><\/div>\n","protected":false},"excerpt":{"rendered":"<p>\u00cata Mundo Melhor!: Sequestro de Samir deixa pistas&#8230; Em \u00cata Mundo Melhor!, A verdade veio \u00e0 tona! Aderbal (Cl\u00e1udio Gabriel) e Marilda (Dani Barros) quiseram&#8230;<\/p>\n","protected":false},"author":1,"featured_media":82174,"comment_status":"closed","ping_status":"closed","sticky":false,"template":"","format":"standard","meta":{"_uf_show_specific_survey":0,"_uf_disable_surveys":false,"_jetpack_memberships_contains_paid_content":false,"footnotes":"","_wp_rev_ctl_limit":""},"categories":[920],"tags":[921,5,64,468],"class_list":["post-82173","post","type-post","status-publish","format-standard","has-post-thumbnail","hentry","category-eta-mundo-melhor","tag-eta-mundo-melhor","tag-globo","tag-novelas","tag-sequestro","wpcat-920-id"],"aioseo_notices":[],"jetpack_featured_media_url":"https:\/\/i0.wp.com\/www.tvnovelas.com.br\/tvnews\/wp-content\/uploads\/2025\/09\/12008.jpg?fit=726%2C410&ssl=1","jetpack_shortlink":"https:\/\/wp.me\/pdP2BO-lnn","jetpack_sharing_enabled":true,"_links":{"self":[{"href":"https:\/\/www.tvnovelas.com.br\/tvnews\/wp-json\/wp\/v2\/posts\/82173","targetHints":{"allow":["GET"]}}],"collection":[{"href":"https:\/\/www.tvnovelas.com.br\/tvnews\/wp-json\/wp\/v2\/posts"}],"about":[{"href":"https:\/\/www.tvnovelas.com.br\/tvnews\/wp-json\/wp\/v2\/types\/post"}],"author":[{"embeddable":true,"href":"https:\/\/www.tvnovelas.com.br\/tvnews\/wp-json\/wp\/v2\/users\/1"}],"replies":[{"embeddable":true,"href":"https:\/\/www.tvnovelas.com.br\/tvnews\/wp-json\/wp\/v2\/comments?post=82173"}],"version-history":[{"count":2,"href":"https:\/\/www.tvnovelas.com.br\/tvnews\/wp-json\/wp\/v2\/posts\/82173\/revisions"}],"predecessor-version":[{"id":82177,"href":"https:\/\/www.tvnovelas.com.br\/tvnews\/wp-json\/wp\/v2\/posts\/82173\/revisions\/82177"}],"wp:featuredmedia":[{"embeddable":true,"href":"https:\/\/www.tvnovelas.com.br\/tvnews\/wp-json\/wp\/v2\/media\/82174"}],"wp:attachment":[{"href":"https:\/\/www.tvnovelas.com.br\/tvnews\/wp-json\/wp\/v2\/media?parent=82173"}],"wp:term":[{"taxonomy":"category","embeddable":true,"href":"https:\/\/www.tvnovelas.com.br\/tvnews\/wp-json\/wp\/v2\/categories?post=82173"},{"taxonomy":"post_tag","embeddable":true,"href":"https:\/\/www.tvnovelas.com.br\/tvnews\/wp-json\/wp\/v2\/tags?post=82173"}],"curies":[{"name":"wp","href":"https:\/\/api.w.org\/{rel}","templated":true}]}}