{"id":82235,"date":"2025-09-16T10:05:59","date_gmt":"2025-09-16T13:05:59","guid":{"rendered":"https:\/\/www.tvnovelas.com.br\/tvnews\/?p=82235"},"modified":"2025-09-16T10:05:59","modified_gmt":"2025-09-16T13:05:59","slug":"as-filhas-da-senhora-garcia-juan-salva-a-vida-de-ofelia","status":"publish","type":"post","link":"https:\/\/www.tvnovelas.com.br\/tvnews\/as-filhas-da-senhora-garcia-juan-salva-a-vida-de-ofelia\/","title":{"rendered":"As Filhas da Senhora Garcia: Juan salva a vida de Of\u00e9lia"},"content":{"rendered":"<figure id=\"attachment_82237\" aria-describedby=\"caption-attachment-82237\" style=\"width: 728px\" class=\"wp-caption alignnone\"><img data-recalc-dims=\"1\" decoding=\"async\" class=\"wp-image-82237 size-full\" title=\"(Foto: Televisa\/SBT\/As Filhas da Senhora Garcia)\" src=\"https:\/\/i0.wp.com\/www.tvnovelas.com.br\/tvnews\/wp-content\/uploads\/2025\/09\/12019.jpg?resize=728%2C409&#038;ssl=1\" alt=\"Foto em As Filhas da Senhora Garcia: Juan salva a vida de Of\u00e9lia\" width=\"728\" height=\"409\" srcset=\"https:\/\/i0.wp.com\/www.tvnovelas.com.br\/tvnews\/wp-content\/uploads\/2025\/09\/12019.jpg?w=728&amp;ssl=1 728w, https:\/\/i0.wp.com\/www.tvnovelas.com.br\/tvnews\/wp-content\/uploads\/2025\/09\/12019.jpg?resize=250%2C140&amp;ssl=1 250w\" sizes=\"(max-width: 728px) 100vw, 728px\" \/><figcaption id=\"caption-attachment-82237\" class=\"wp-caption-text\">As Filhas da Senhora Garcia: Juan salva a vida de Of\u00e9lia<\/figcaption><\/figure>\n<p>Em As Filhas da Senhora Garcia, Mar reclama com Of\u00e9lia por ter causado o esc\u00e2ndalo da situa\u00e7\u00e3o em que vive para poder voltar \u00e0 mans\u00e3o.<\/p>\n<p>Of\u00e9lia sofre ao perceber que perdeu para sempre o carinho das filhas, que lhe asseguram que n\u00e3o tem mais raz\u00e3o para viver, e acaba desmaiando sem perceber que o fog\u00e3o foi deixado aceso.<\/p>\n<p>Amparo, preocupada, pede a Juan que d\u00ea uma olhada na casa de Of\u00e9lia, j\u00e1 que ela n\u00e3o responde, mas o celular dela toca l\u00e1 dentro. Juan diz que ela est\u00e1 desmaiada e arromba a porta. Juan encontra Of\u00e9lia inconsciente e decide arriscar a vida para salv\u00e1-la.<\/p>\n<p>Juan pega Ofelia no colo e a leva para fora de casa, mas como a ambul\u00e2ncia pode demorar para chegar, ele decide lev\u00e1-la em seu pr\u00f3prio carro, pois n\u00e3o podem perder mais tempo.<\/p>\n<p>Amparo liga para Mar, mas ela n\u00e3o quer atender, pois pensa que \u00e9 mais uma das chantagens da m\u00e3e.<\/p>\n<p>No hospital, Ofelia fica chocada ao saber o que aconteceu com ela e sofre ao ver que suas filhas n\u00e3o est\u00e3o ao seu lado.<\/p>\n<p>&#8220;Talvez Deus quisesse me fazer um favor me matando ali. Voc\u00ea deveria ter me deixado l\u00e1. Minhas filhas me odeiam, e como \u00e9 uma m\u00e3e sem suas filhas.&#8221;<\/p>\n<p>Confira o resumo do cap\u00edtulo de hoje:<\/p>\n<h2 style=\"color: #dc143c;\">Resumo de ter\u00e7a-feira, 16 de setembro<\/h2>\n<p>Juan diz a Lu\u00eds que n\u00e3o vai continuar humilhando-o, que acompanhou Camila para dar a not\u00edcia, mas que ele n\u00e3o pense que \u00e9 por causa do dinheiro. Juan diz aos seus pais que eles v\u00e3o ser av\u00f3s, e eles ficam felizes. Camila diz que eles s\u00e3o muito bons e est\u00e1 muito agradecida com eles. Mar, furiosa, mostra um jornal para sua m\u00e3e e pergunta quanto ela foi paga por aquela mat\u00e9ria. Of\u00e9lia responde que foi sua amiga Paula. Mar n\u00e3o acredita e diz que n\u00e3o quer Paula perto nem de Lu\u00eds nem do beb\u00ea. Jacinto diz a Lu\u00eds que Juan \u00e9 uma boa pessoa e que receberam Camila como parte da fam\u00edlia, e que se ele se aproximar s\u00f3 para machucar, \u00e9 melhor ficar longe. Of\u00e9lia fica chorando pela atitude de Mar e n\u00e3o percebe que o g\u00e1s do fog\u00e3o est\u00e1 vazando. Amparo, preocupada, pede a Juan que d\u00ea uma olhada na casa de Of\u00e9lia, j\u00e1 que ela n\u00e3o responde, mas o celular dela toca l\u00e1 dentro. Juan diz que ela est\u00e1 desmaiada, arromba a porta para salvar Of\u00e9lia.<br \/>\n<!--FIM--><\/p>\n<div style=\"font-size: 120%;\"><h3>Confira tamb\u00e9m<\/h3>\r\n<a href=\"https:\/\/tvnovelas.com.br\/novelas\/\" rel=\"noopener\" target=\"_blank\"><strong>Todos os resumos de novelas<\/strong><\/a><\/br>\r\n<a href=\"https:\/\/www.tvnovelas.com.br\/tvnews\/\" rel=\"noopener\" target=\"_blank\"><strong>\u00daltimas not\u00edcias das novelas<\/strong><\/a><\/br>\r\n<a href=\"https:\/\/www.tvnovelas.com.br\/filmes\/\" target=\"_blank\" rel=\"noopener noreferrer\"><strong>Programa\u00e7\u00e3o de filmes na TV aberta<\/strong><\/a><\/br>\r\n<a href=\"https:\/\/caetenews.com.br\/semana\/filmes-da-globo-na-sessao-da-tarde-desta-semana\/\" target=\"_blank\" rel=\"noopener\"><strong>Confira os filmes da semana na Sess\u00e3o da Tarde<\/strong><\/a><\/br>\r\n<a href=\"https:\/\/classindportal.mj.gov.br\/consulta-filmes\" target=\"_blank\" rel=\"noopener\"><strong>Consulte a classifica\u00e7\u00e3o indicativa dos filmes e novelas<\/strong><\/a><\/br><\/div>\n","protected":false},"excerpt":{"rendered":"<p>As Filhas da Senhora Garcia: Juan salva a vida de Of\u00e9lia&#8230;. Em As Filhas da Senhora Garcia, Mar reclama com Of\u00e9lia por ter causado o esc\u00e2ndalo&#8230;<\/p>\n","protected":false},"author":1,"featured_media":82237,"comment_status":"closed","ping_status":"closed","sticky":false,"template":"","format":"standard","meta":{"_uf_show_specific_survey":0,"_uf_disable_surveys":false,"_jetpack_memberships_contains_paid_content":false,"footnotes":"","_wp_rev_ctl_limit":""},"categories":[930],"tags":[931,64,13],"class_list":["post-82235","post","type-post","status-publish","format-standard","has-post-thumbnail","hentry","category-as-filhas-da-senhora-garcia","tag-as-filhas-da-senhora-garcia","tag-novelas","tag-sbt","wpcat-930-id"],"aioseo_notices":[],"jetpack_featured_media_url":"https:\/\/i0.wp.com\/www.tvnovelas.com.br\/tvnews\/wp-content\/uploads\/2025\/09\/12019.jpg?fit=728%2C409&ssl=1","jetpack_shortlink":"https:\/\/wp.me\/pdP2BO-lon","jetpack_sharing_enabled":true,"_links":{"self":[{"href":"https:\/\/www.tvnovelas.com.br\/tvnews\/wp-json\/wp\/v2\/posts\/82235","targetHints":{"allow":["GET"]}}],"collection":[{"href":"https:\/\/www.tvnovelas.com.br\/tvnews\/wp-json\/wp\/v2\/posts"}],"about":[{"href":"https:\/\/www.tvnovelas.com.br\/tvnews\/wp-json\/wp\/v2\/types\/post"}],"author":[{"embeddable":true,"href":"https:\/\/www.tvnovelas.com.br\/tvnews\/wp-json\/wp\/v2\/users\/1"}],"replies":[{"embeddable":true,"href":"https:\/\/www.tvnovelas.com.br\/tvnews\/wp-json\/wp\/v2\/comments?post=82235"}],"version-history":[{"count":3,"href":"https:\/\/www.tvnovelas.com.br\/tvnews\/wp-json\/wp\/v2\/posts\/82235\/revisions"}],"predecessor-version":[{"id":82239,"href":"https:\/\/www.tvnovelas.com.br\/tvnews\/wp-json\/wp\/v2\/posts\/82235\/revisions\/82239"}],"wp:featuredmedia":[{"embeddable":true,"href":"https:\/\/www.tvnovelas.com.br\/tvnews\/wp-json\/wp\/v2\/media\/82237"}],"wp:attachment":[{"href":"https:\/\/www.tvnovelas.com.br\/tvnews\/wp-json\/wp\/v2\/media?parent=82235"}],"wp:term":[{"taxonomy":"category","embeddable":true,"href":"https:\/\/www.tvnovelas.com.br\/tvnews\/wp-json\/wp\/v2\/categories?post=82235"},{"taxonomy":"post_tag","embeddable":true,"href":"https:\/\/www.tvnovelas.com.br\/tvnews\/wp-json\/wp\/v2\/tags?post=82235"}],"curies":[{"name":"wp","href":"https:\/\/api.w.org\/{rel}","templated":true}]}}