{"id":82245,"date":"2025-09-16T11:28:39","date_gmt":"2025-09-16T14:28:39","guid":{"rendered":"https:\/\/www.tvnovelas.com.br\/tvnews\/?p=82245"},"modified":"2025-09-16T11:28:39","modified_gmt":"2025-09-16T14:28:39","slug":"dona-de-mim-mae-de-filipa-aceita-proposta-de-jaques-e-retorna-ao-brasil","status":"publish","type":"post","link":"https:\/\/www.tvnovelas.com.br\/tvnews\/dona-de-mim-mae-de-filipa-aceita-proposta-de-jaques-e-retorna-ao-brasil\/","title":{"rendered":"Dona de Mim: M\u00e3e de Filipa aceita proposta de Jaques e retorna ao Brasil"},"content":{"rendered":"<figure id=\"attachment_82246\" aria-describedby=\"caption-attachment-82246\" style=\"width: 726px\" class=\"wp-caption alignnone\"><img data-recalc-dims=\"1\" decoding=\"async\" class=\"wp-image-82246 size-full\" title=\"(Foto: TV Globo\/Dona de Mim)\" src=\"https:\/\/i0.wp.com\/www.tvnovelas.com.br\/tvnews\/wp-content\/uploads\/2025\/09\/12021.jpg?resize=726%2C410&#038;ssl=1\" alt=\"Foto em Dona de Mim: M\u00e3e de Filipa aceita proposta de Jaques e retorna ao Brasil\" width=\"726\" height=\"410\" srcset=\"https:\/\/i0.wp.com\/www.tvnovelas.com.br\/tvnews\/wp-content\/uploads\/2025\/09\/12021.jpg?w=726&amp;ssl=1 726w, https:\/\/i0.wp.com\/www.tvnovelas.com.br\/tvnews\/wp-content\/uploads\/2025\/09\/12021.jpg?resize=250%2C141&amp;ssl=1 250w\" sizes=\"(max-width: 726px) 100vw, 726px\" \/><figcaption id=\"caption-attachment-82246\" class=\"wp-caption-text\">Dona de Mim: M\u00e3e de Filipa aceita proposta de Jaques e retorna ao Brasil<\/figcaption><\/figure>\n<p>Em Dona de Mim, nos pr\u00f3ximos cap\u00edtulos, Isabela (Sylvia Bandeira) retorna ao Brasil alegando preocupa\u00e7\u00e3o com a sa\u00fade da filha, Filipa (Claudia Abreu), que esteve um per\u00edodo internada. Mas, por tr\u00e1s da visita inesperada, esconde-se a verdadeira raz\u00e3o.<\/p>\n<p>Jaques (Marcello Novaes) conversa com Isabela deixando claro que a passagem custeada por ele tem o prop\u00f3sito de usar sua influ\u00eancia para manter Filipa por perto, j\u00e1 que a vi\u00fava de Abel (Tony Ramos) tem inten\u00e7\u00f5es de se mudar para S\u00e3o Crist\u00f3v\u00e3o com Nina (Flora Camolese).<\/p>\n<p>Inicialmente, ela afirma \u00e0 filha que veio por preocupa\u00e7\u00e3o com sua sa\u00fade. No entanto, sua motiva\u00e7\u00e3o se d\u00e1 por estar falida. A recep\u00e7\u00e3o na mans\u00e3o \u00e9 calorosa, mas n\u00e3o isenta de conflitos. Rosa (Suely Franco), sempre direta, alerta que sua acolhida pode variar conforme o dia.<\/p>\n<p>J\u00e1 Filipa, entre surpresa e magoada, confronta a m\u00e3e sobre o verdadeiro motivo da visita. Em uma conversa \u00edntima, ela admite estar passando por dificuldade financeira e insinua que a filha se unir a Jaques pode ser uma solu\u00e7\u00e3o pr\u00e1tica e vantajosa para resolver isso.<br \/>\n<!--FIM--><br \/>\n<strong>Sobre a novela<\/strong><br \/>\n<a href=\"https:\/\/wp.me\/pfspD2-UO\" target=\"_blank\" rel=\"noopener\">Dona de Mim: A trama da novela<\/a><br \/>\n<a href=\"https:\/\/wp.me\/pfspD2-UG\" target=\"_blank\" rel=\"noopener\">Dona de Mim: A fam\u00edlia Boaz e seu imp\u00e9rio de lingerie<\/a><\/p>\n<div style=\"font-size: 120%;\"><h3>Confira tamb\u00e9m<\/h3>\r\n<a href=\"https:\/\/tvnovelas.com.br\/novelas\/\" rel=\"noopener\" target=\"_blank\"><strong>Todos os resumos de novelas<\/strong><\/a><\/br>\r\n<a href=\"https:\/\/www.tvnovelas.com.br\/tvnews\/\" rel=\"noopener\" target=\"_blank\"><strong>\u00daltimas not\u00edcias das novelas<\/strong><\/a><\/br>\r\n<a href=\"https:\/\/www.tvnovelas.com.br\/filmes\/\" target=\"_blank\" rel=\"noopener noreferrer\"><strong>Programa\u00e7\u00e3o de filmes na TV aberta<\/strong><\/a><\/br>\r\n<a href=\"https:\/\/caetenews.com.br\/semana\/filmes-da-globo-na-sessao-da-tarde-desta-semana\/\" target=\"_blank\" rel=\"noopener\"><strong>Confira os filmes da semana na Sess\u00e3o da Tarde<\/strong><\/a><\/br>\r\n<a href=\"https:\/\/classindportal.mj.gov.br\/consulta-filmes\" target=\"_blank\" rel=\"noopener\"><strong>Consulte a classifica\u00e7\u00e3o indicativa dos filmes e novelas<\/strong><\/a><\/br><\/div>\n","protected":false},"excerpt":{"rendered":"<p>Dona de Mim: M\u00e3e de Filipa aceita proposta de Jaques e retorna ao Brasil&#8230;. Em Dona de Mim, nos pr\u00f3ximos cap\u00edtulos, Isabela (Sylvia Bandeira) retorna&#8230;<\/p>\n","protected":false},"author":1,"featured_media":82246,"comment_status":"closed","ping_status":"closed","sticky":false,"template":"","format":"standard","meta":{"_uf_show_specific_survey":0,"_uf_disable_surveys":false,"_jetpack_memberships_contains_paid_content":false,"footnotes":"","_wp_rev_ctl_limit":""},"categories":[884],"tags":[883,5,64],"class_list":["post-82245","post","type-post","status-publish","format-standard","has-post-thumbnail","hentry","category-dona-de-mim","tag-dona-de-mim","tag-globo","tag-novelas","wpcat-884-id"],"aioseo_notices":[],"jetpack_featured_media_url":"https:\/\/i0.wp.com\/www.tvnovelas.com.br\/tvnews\/wp-content\/uploads\/2025\/09\/12021.jpg?fit=726%2C410&ssl=1","jetpack_shortlink":"https:\/\/wp.me\/pdP2BO-lox","jetpack_sharing_enabled":true,"_links":{"self":[{"href":"https:\/\/www.tvnovelas.com.br\/tvnews\/wp-json\/wp\/v2\/posts\/82245","targetHints":{"allow":["GET"]}}],"collection":[{"href":"https:\/\/www.tvnovelas.com.br\/tvnews\/wp-json\/wp\/v2\/posts"}],"about":[{"href":"https:\/\/www.tvnovelas.com.br\/tvnews\/wp-json\/wp\/v2\/types\/post"}],"author":[{"embeddable":true,"href":"https:\/\/www.tvnovelas.com.br\/tvnews\/wp-json\/wp\/v2\/users\/1"}],"replies":[{"embeddable":true,"href":"https:\/\/www.tvnovelas.com.br\/tvnews\/wp-json\/wp\/v2\/comments?post=82245"}],"version-history":[{"count":1,"href":"https:\/\/www.tvnovelas.com.br\/tvnews\/wp-json\/wp\/v2\/posts\/82245\/revisions"}],"predecessor-version":[{"id":82247,"href":"https:\/\/www.tvnovelas.com.br\/tvnews\/wp-json\/wp\/v2\/posts\/82245\/revisions\/82247"}],"wp:featuredmedia":[{"embeddable":true,"href":"https:\/\/www.tvnovelas.com.br\/tvnews\/wp-json\/wp\/v2\/media\/82246"}],"wp:attachment":[{"href":"https:\/\/www.tvnovelas.com.br\/tvnews\/wp-json\/wp\/v2\/media?parent=82245"}],"wp:term":[{"taxonomy":"category","embeddable":true,"href":"https:\/\/www.tvnovelas.com.br\/tvnews\/wp-json\/wp\/v2\/categories?post=82245"},{"taxonomy":"post_tag","embeddable":true,"href":"https:\/\/www.tvnovelas.com.br\/tvnews\/wp-json\/wp\/v2\/tags?post=82245"}],"curies":[{"name":"wp","href":"https:\/\/api.w.org\/{rel}","templated":true}]}}