{"id":82254,"date":"2025-09-17T09:01:10","date_gmt":"2025-09-17T12:01:10","guid":{"rendered":"https:\/\/www.tvnovelas.com.br\/tvnews\/?p=82254"},"modified":"2025-09-17T09:01:10","modified_gmt":"2025-09-17T12:01:10","slug":"eta-mundo-melhor-estela-tem-ataque-de-odio-diante-de-ernesto","status":"publish","type":"post","link":"https:\/\/www.tvnovelas.com.br\/tvnews\/eta-mundo-melhor-estela-tem-ataque-de-odio-diante-de-ernesto\/","title":{"rendered":"\u00cata Mundo Melhor!: Estela tem ataque de \u00f3dio diante de Ernesto"},"content":{"rendered":"<figure id=\"attachment_82255\" aria-describedby=\"caption-attachment-82255\" style=\"width: 726px\" class=\"wp-caption alignnone\"><img data-recalc-dims=\"1\" decoding=\"async\" class=\"wp-image-82255 size-full\" title=\"(Foto: TV Globo\/\u00cata Mundo Melhor!)\" src=\"https:\/\/i0.wp.com\/www.tvnovelas.com.br\/tvnews\/wp-content\/uploads\/2025\/09\/12023.jpg?resize=726%2C410&#038;ssl=1\" alt=\"Foto em \u00cata Mundo Melhor!: Estela tem ataque de \u00f3dio diante de Ernesto\" width=\"726\" height=\"410\" srcset=\"https:\/\/i0.wp.com\/www.tvnovelas.com.br\/tvnews\/wp-content\/uploads\/2025\/09\/12023.jpg?w=726&amp;ssl=1 726w, https:\/\/i0.wp.com\/www.tvnovelas.com.br\/tvnews\/wp-content\/uploads\/2025\/09\/12023.jpg?resize=250%2C141&amp;ssl=1 250w\" sizes=\"(max-width: 726px) 100vw, 726px\" \/><figcaption id=\"caption-attachment-82255\" class=\"wp-caption-text\">\u00cata Mundo Melhor!: Estela tem ataque de \u00f3dio diante de Ernesto<\/figcaption><\/figure>\n<p>Em \u00cata Mundo Melhor!, Estela (Larissa Manoela) reencontrou Ernesto (Eriberto Le\u00e3o), o homem com quem ela se apaixonou no passado e foi terrivelmente enganada. Para colocar toda essa hist\u00f3ria a limpo, ela diz a Celso (Rainer Cadete) que deseja conversar com o ex na cadeia. Mesmo sob os protestos do namorado, a enfermeira vai at\u00e9 a pris\u00e3o e tem uma dura conversa com o cr\u00e1pula.<\/p>\n<p>Ernesto se surpreende com a visita de Estela e a provoca: &#8220;Voc\u00ea era a \u00faltima pessoa que esperava ver aqui. Ficou com saudades, boneca?&#8221;<\/p>\n<p>Furiosa, ela diz o que pensa:<\/p>\n<p>&#8220;Estou aqui para dizer na sua cara que te odeio!&#8221;<\/p>\n<p>\u00c9 ent\u00e3o que ele revela que foi o respons\u00e1vel por enviar alguns &#8220;presentes&#8221; para a casa da enfermeira:<\/p>\n<p>&#8220;N\u00e3o me diga que n\u00e3o gostou dos bilhetes que te mandei? Das flores? Dos bombons? Cheguei a fazer uma visita para voc\u00ea.&#8221;<\/p>\n<p>Estela joga na cara de Ernesto que ele est\u00e1 preso e que, sendo assim, jamais far\u00e1 mal a outra mulher. O bandido continua provocando a ex e lembra de quando ela o amava, anos atr\u00e1s.<\/p>\n<p>A enfermeira lembra de tudo o que ele fez, incluindo, as mil promessa e, depois, quando a abandonou sem qualquer dinheiro. \u00c9 ent\u00e3o que Ernesto solta o verbo e conta todas as suas inten\u00e7\u00f5es daquela \u00e9poca:<\/p>\n<p>&#8220;Quer saber porque eu te deixei? Foi por isso que veio me ver, n\u00e3o foi? Vou te dizer. Nunca amei voc\u00ea. S\u00f3 quis me aproveitar da situa\u00e7\u00e3o. Meu plano era levar voc\u00ea para um dancing e fazer voc\u00ea ganhar uma grana para mim. At\u00e9 me enjoar de voc\u00ea. Mas a\u00ed eu descobri que pol\u00edcia estava no meu encal\u00e7o, tive que largar voc\u00ea.&#8221;<\/p>\n<p>Horrorizada, Estela diz que ele \u00e9 muito pior do que pensava.<\/p>\n<p>&#8220;Eu te odeio! Quero que voc\u00ea morra!&#8221;<br \/>\n<!--FIM--><\/p>\n<h2>Sobre a novela:<\/h2>\n<p><a href=\"https:\/\/tvnovelas.com.br\/page2\/arquivo\/eta-mundo-melhor-a-volta-de-candinho-e-policarpo\/&quot;\" target=\"_blank\" rel=\"noopener\">\u00cata Mundo Melhor!: A volta de Candinho e Policarpo<\/a> (Sinopse)<br \/>\n<a href=\"https:\/\/pt.wikipedia.org\/wiki\/%C3%8Ata_Mundo_Melhor!\" target=\"_blank\" rel=\"noopener\">Sobre \u00cata Mundo Melhor!, na Wikipedia<\/a><\/p>\n<div style=\"font-size: 120%;\"><h3>Confira tamb\u00e9m<\/h3>\r\n<a href=\"https:\/\/tvnovelas.com.br\/novelas\/\" rel=\"noopener\" target=\"_blank\"><strong>Todos os resumos de novelas<\/strong><\/a><\/br>\r\n<a href=\"https:\/\/www.tvnovelas.com.br\/tvnews\/\" rel=\"noopener\" target=\"_blank\"><strong>\u00daltimas not\u00edcias das novelas<\/strong><\/a><\/br>\r\n<a href=\"https:\/\/www.tvnovelas.com.br\/filmes\/\" target=\"_blank\" rel=\"noopener noreferrer\"><strong>Programa\u00e7\u00e3o de filmes na TV aberta<\/strong><\/a><\/br>\r\n<a href=\"https:\/\/caetenews.com.br\/semana\/filmes-da-globo-na-sessao-da-tarde-desta-semana\/\" target=\"_blank\" rel=\"noopener\"><strong>Confira os filmes da semana na Sess\u00e3o da Tarde<\/strong><\/a><\/br>\r\n<a href=\"https:\/\/classindportal.mj.gov.br\/consulta-filmes\" target=\"_blank\" rel=\"noopener\"><strong>Consulte a classifica\u00e7\u00e3o indicativa dos filmes e novelas<\/strong><\/a><\/br><\/div>\n","protected":false},"excerpt":{"rendered":"<p>\u00cata Mundo Melhor!: Estela tem ataque de \u00f3dio diante de Ernesto&#8230; Em \u00cata Mundo Melhor!, Estela (Larissa Manoela) reencontrou Ernesto&#8230;<\/p>\n","protected":false},"author":1,"featured_media":82255,"comment_status":"closed","ping_status":"closed","sticky":false,"template":"","format":"standard","meta":{"_uf_show_specific_survey":0,"_uf_disable_surveys":false,"_jetpack_memberships_contains_paid_content":false,"footnotes":"","_wp_rev_ctl_limit":""},"categories":[920],"tags":[921,5,64],"class_list":["post-82254","post","type-post","status-publish","format-standard","has-post-thumbnail","hentry","category-eta-mundo-melhor","tag-eta-mundo-melhor","tag-globo","tag-novelas","wpcat-920-id"],"aioseo_notices":[],"jetpack_featured_media_url":"https:\/\/i0.wp.com\/www.tvnovelas.com.br\/tvnews\/wp-content\/uploads\/2025\/09\/12023.jpg?fit=726%2C410&ssl=1","jetpack_shortlink":"https:\/\/wp.me\/pdP2BO-loG","jetpack_sharing_enabled":true,"_links":{"self":[{"href":"https:\/\/www.tvnovelas.com.br\/tvnews\/wp-json\/wp\/v2\/posts\/82254","targetHints":{"allow":["GET"]}}],"collection":[{"href":"https:\/\/www.tvnovelas.com.br\/tvnews\/wp-json\/wp\/v2\/posts"}],"about":[{"href":"https:\/\/www.tvnovelas.com.br\/tvnews\/wp-json\/wp\/v2\/types\/post"}],"author":[{"embeddable":true,"href":"https:\/\/www.tvnovelas.com.br\/tvnews\/wp-json\/wp\/v2\/users\/1"}],"replies":[{"embeddable":true,"href":"https:\/\/www.tvnovelas.com.br\/tvnews\/wp-json\/wp\/v2\/comments?post=82254"}],"version-history":[{"count":1,"href":"https:\/\/www.tvnovelas.com.br\/tvnews\/wp-json\/wp\/v2\/posts\/82254\/revisions"}],"predecessor-version":[{"id":82256,"href":"https:\/\/www.tvnovelas.com.br\/tvnews\/wp-json\/wp\/v2\/posts\/82254\/revisions\/82256"}],"wp:featuredmedia":[{"embeddable":true,"href":"https:\/\/www.tvnovelas.com.br\/tvnews\/wp-json\/wp\/v2\/media\/82255"}],"wp:attachment":[{"href":"https:\/\/www.tvnovelas.com.br\/tvnews\/wp-json\/wp\/v2\/media?parent=82254"}],"wp:term":[{"taxonomy":"category","embeddable":true,"href":"https:\/\/www.tvnovelas.com.br\/tvnews\/wp-json\/wp\/v2\/categories?post=82254"},{"taxonomy":"post_tag","embeddable":true,"href":"https:\/\/www.tvnovelas.com.br\/tvnews\/wp-json\/wp\/v2\/tags?post=82254"}],"curies":[{"name":"wp","href":"https:\/\/api.w.org\/{rel}","templated":true}]}}