{"id":82258,"date":"2025-09-17T09:15:03","date_gmt":"2025-09-17T12:15:03","guid":{"rendered":"https:\/\/www.tvnovelas.com.br\/tvnews\/?p=82258"},"modified":"2025-09-17T09:15:03","modified_gmt":"2025-09-17T12:15:03","slug":"dona-de-mim-abel-aparece-e-da-licao-em-jaques","status":"publish","type":"post","link":"https:\/\/www.tvnovelas.com.br\/tvnews\/dona-de-mim-abel-aparece-e-da-licao-em-jaques\/","title":{"rendered":"Dona de Mim: Abel aparece e d\u00e1 li\u00e7\u00e3o em Jaques"},"content":{"rendered":"<figure id=\"attachment_82259\" aria-describedby=\"caption-attachment-82259\" style=\"width: 728px\" class=\"wp-caption alignnone\"><img data-recalc-dims=\"1\" decoding=\"async\" class=\"wp-image-82259 size-full\" title=\"(Foto: TV Globo\/Dona de Mim)\" src=\"https:\/\/i0.wp.com\/www.tvnovelas.com.br\/tvnews\/wp-content\/uploads\/2025\/09\/12024.jpg?resize=728%2C409&#038;ssl=1\" alt=\"Foto em Dona de Mim: Abel aparece e d\u00e1 li\u00e7\u00e3o em Jaques\" width=\"728\" height=\"409\" srcset=\"https:\/\/i0.wp.com\/www.tvnovelas.com.br\/tvnews\/wp-content\/uploads\/2025\/09\/12024.jpg?w=728&amp;ssl=1 728w, https:\/\/i0.wp.com\/www.tvnovelas.com.br\/tvnews\/wp-content\/uploads\/2025\/09\/12024.jpg?resize=250%2C140&amp;ssl=1 250w\" sizes=\"(max-width: 728px) 100vw, 728px\" \/><figcaption id=\"caption-attachment-82259\" class=\"wp-caption-text\">Dona de Mim: Abel aparece e d\u00e1 li\u00e7\u00e3o em Jaques<\/figcaption><\/figure>\n<p>Em Dona de Mim, Jaques (Marcello Novaes) \u00e9 movido pela gan\u00e2ncia e trabalhado na inveja em Dona de Mim. Sempre quis tudo o que o irm\u00e3o, Abel (Tony Ramos), conquistou. A presid\u00eancia da Boaz, as mulheres, a qualidade de vida. Tanto \u00e9 que resolveu acabar de vez com a vida do irm\u00e3o ap\u00f3s ser amea\u00e7ado.<\/p>\n<p>Na trama, Abel estava indo encontrar Vanderson (Armando Babaioff) para buscar Sofia (Elis Cabral) com a advogada Rebeca ao lado. Mas Jaques cortou os freios do ve\u00edculo, o que fez com que Abel perdesse o controle e, depois, acabasse atingido por um \u00f4nibus. O carro, ent\u00e3o, capotou e caiu do alto de um viaduto.<\/p>\n<p>Nos pr\u00f3ximos cap\u00edtulos, o vil\u00e3o destrata Rosa (Suely Franco) na frente de fam\u00edlia ap\u00f3s a m\u00e3e lembrar do filho falecido. Sozinho pouco depois, ele &#8216;escuta&#8217; Abel falar sobre inveja:<\/p>\n<p>&#8220;A inveja \u00e9 irm\u00e3 do orgulho, vive da luz alheia e morre quando n\u00e3o h\u00e1 brilho que a cegue ou que a incendeie. Machado de Assis sempre foi preciso ao definir os homens&#8221;, declara o falecido Abel.<\/p>\n<p>&#8220;Eu nunca tive inveja de voc\u00ea!&#8221;, retruca Jaques.<\/p>\n<p>&#8220;Ser\u00e1?&#8221;, responde Abel.<\/p>\n<p>S\u00f3 que ao virar, Jaques d\u00e1 de cara com um vazio.<br \/>\n<!--FIM--><br \/>\n<strong>Sobre a novela<\/strong><br \/>\n<a href=\"https:\/\/wp.me\/pfspD2-UO\" target=\"_blank\" rel=\"noopener\">Dona de Mim: A trama da novela<\/a><br \/>\n<a href=\"https:\/\/wp.me\/pfspD2-UG\" target=\"_blank\" rel=\"noopener\">Dona de Mim: A fam\u00edlia Boaz e seu imp\u00e9rio de lingerie<\/a><\/p>\n<div style=\"font-size: 120%;\"><h3>Confira tamb\u00e9m<\/h3>\r\n<a href=\"https:\/\/tvnovelas.com.br\/novelas\/\" rel=\"noopener\" target=\"_blank\"><strong>Todos os resumos de novelas<\/strong><\/a><\/br>\r\n<a href=\"https:\/\/www.tvnovelas.com.br\/tvnews\/\" rel=\"noopener\" target=\"_blank\"><strong>\u00daltimas not\u00edcias das novelas<\/strong><\/a><\/br>\r\n<a href=\"https:\/\/www.tvnovelas.com.br\/filmes\/\" target=\"_blank\" rel=\"noopener noreferrer\"><strong>Programa\u00e7\u00e3o de filmes na TV aberta<\/strong><\/a><\/br>\r\n<a href=\"https:\/\/caetenews.com.br\/semana\/filmes-da-globo-na-sessao-da-tarde-desta-semana\/\" target=\"_blank\" rel=\"noopener\"><strong>Confira os filmes da semana na Sess\u00e3o da Tarde<\/strong><\/a><\/br>\r\n<a href=\"https:\/\/classindportal.mj.gov.br\/consulta-filmes\" target=\"_blank\" rel=\"noopener\"><strong>Consulte a classifica\u00e7\u00e3o indicativa dos filmes e novelas<\/strong><\/a><\/br><\/div>\n","protected":false},"excerpt":{"rendered":"<p>Dona de Mim: Abel aparece e d\u00e1 li\u00e7\u00e3o em Jaques&#8230; Em Dona de Mim, Jaques (Marcello Novaes) \u00e9 movido pela gan\u00e2ncia e trabalhado&#8230;<\/p>\n","protected":false},"author":1,"featured_media":82259,"comment_status":"closed","ping_status":"closed","sticky":false,"template":"","format":"standard","meta":{"_uf_show_specific_survey":0,"_uf_disable_surveys":false,"_jetpack_memberships_contains_paid_content":false,"footnotes":"","_wp_rev_ctl_limit":""},"categories":[884],"tags":[883,5,64],"class_list":["post-82258","post","type-post","status-publish","format-standard","has-post-thumbnail","hentry","category-dona-de-mim","tag-dona-de-mim","tag-globo","tag-novelas","wpcat-884-id"],"aioseo_notices":[],"jetpack_featured_media_url":"https:\/\/i0.wp.com\/www.tvnovelas.com.br\/tvnews\/wp-content\/uploads\/2025\/09\/12024.jpg?fit=728%2C409&ssl=1","jetpack_shortlink":"https:\/\/wp.me\/pdP2BO-loK","jetpack_sharing_enabled":true,"_links":{"self":[{"href":"https:\/\/www.tvnovelas.com.br\/tvnews\/wp-json\/wp\/v2\/posts\/82258","targetHints":{"allow":["GET"]}}],"collection":[{"href":"https:\/\/www.tvnovelas.com.br\/tvnews\/wp-json\/wp\/v2\/posts"}],"about":[{"href":"https:\/\/www.tvnovelas.com.br\/tvnews\/wp-json\/wp\/v2\/types\/post"}],"author":[{"embeddable":true,"href":"https:\/\/www.tvnovelas.com.br\/tvnews\/wp-json\/wp\/v2\/users\/1"}],"replies":[{"embeddable":true,"href":"https:\/\/www.tvnovelas.com.br\/tvnews\/wp-json\/wp\/v2\/comments?post=82258"}],"version-history":[{"count":1,"href":"https:\/\/www.tvnovelas.com.br\/tvnews\/wp-json\/wp\/v2\/posts\/82258\/revisions"}],"predecessor-version":[{"id":82260,"href":"https:\/\/www.tvnovelas.com.br\/tvnews\/wp-json\/wp\/v2\/posts\/82258\/revisions\/82260"}],"wp:featuredmedia":[{"embeddable":true,"href":"https:\/\/www.tvnovelas.com.br\/tvnews\/wp-json\/wp\/v2\/media\/82259"}],"wp:attachment":[{"href":"https:\/\/www.tvnovelas.com.br\/tvnews\/wp-json\/wp\/v2\/media?parent=82258"}],"wp:term":[{"taxonomy":"category","embeddable":true,"href":"https:\/\/www.tvnovelas.com.br\/tvnews\/wp-json\/wp\/v2\/categories?post=82258"},{"taxonomy":"post_tag","embeddable":true,"href":"https:\/\/www.tvnovelas.com.br\/tvnews\/wp-json\/wp\/v2\/tags?post=82258"}],"curies":[{"name":"wp","href":"https:\/\/api.w.org\/{rel}","templated":true}]}}