{"id":82262,"date":"2025-09-17T09:29:43","date_gmt":"2025-09-17T12:29:43","guid":{"rendered":"https:\/\/www.tvnovelas.com.br\/tvnews\/?p=82262"},"modified":"2025-09-17T09:29:43","modified_gmt":"2025-09-17T12:29:43","slug":"vale-tudo-marco-aurelio-pressiona-freitas-sobre-ligacao-com-odete","status":"publish","type":"post","link":"https:\/\/www.tvnovelas.com.br\/tvnews\/vale-tudo-marco-aurelio-pressiona-freitas-sobre-ligacao-com-odete\/","title":{"rendered":"Vale Tudo: Marco Aur\u00e9lio pressiona Freitas sobre liga\u00e7\u00e3o com Odete"},"content":{"rendered":"<figure id=\"attachment_82263\" aria-describedby=\"caption-attachment-82263\" style=\"width: 728px\" class=\"wp-caption alignnone\"><img data-recalc-dims=\"1\" decoding=\"async\" class=\"wp-image-82263 size-full\" title=\"(Foto: TV Globo\/Vale Tudo)\" src=\"https:\/\/i0.wp.com\/www.tvnovelas.com.br\/tvnews\/wp-content\/uploads\/2025\/09\/12025.jpg?resize=728%2C410&#038;ssl=1\" alt=\"Foto em Vale Tudo: Marco Aur\u00e9lio pressiona Freitas sobre liga\u00e7\u00e3o com Odete\" width=\"728\" height=\"410\" srcset=\"https:\/\/i0.wp.com\/www.tvnovelas.com.br\/tvnews\/wp-content\/uploads\/2025\/09\/12025.jpg?w=728&amp;ssl=1 728w, https:\/\/i0.wp.com\/www.tvnovelas.com.br\/tvnews\/wp-content\/uploads\/2025\/09\/12025.jpg?resize=250%2C141&amp;ssl=1 250w\" sizes=\"(max-width: 728px) 100vw, 728px\" \/><figcaption id=\"caption-attachment-82263\" class=\"wp-caption-text\">Vale Tudo: Marco Aur\u00e9lio pressiona Freitas sobre liga\u00e7\u00e3o com Odete<\/figcaption><\/figure>\n<p>Em Vale Tudo, passado o susto de quase ter sido morto no dia do seu casamento, Marco Aur\u00e9lio (Alexandre Nero) agora quer descobrir o autor do atentando. Na verdade \u00e9 autora, pois ele j\u00e1 tem certeza de quem foi. O que o empres\u00e1rio n\u00e3o imaginava \u00e9 que Freitas (Luis Lobianco) tamb\u00e9m estaria envolvido.<\/p>\n<p>J\u00e1 em casa, Marco Aur\u00e9lio chama o assistente para uma conversa. Freitas ter\u00e1 que explicar sua conversa com Odete Roitman (Debora Bloch), que Leila (Carolina Dieckmmann) presenciou quando esteve na TCA.<\/p>\n<p>\u201cO que voc\u00ea estava fazendo na sala da Odete quando Leila foi pegar o meu laptop na TCA?\u201d, pergunta Marco Aur\u00e9lio.<br \/>\n<!--FIM--><br \/>\n<a href=\"https:\/\/wp.me\/pfspD2-oI\" target=\"_blank\" rel=\"noopener\">Vale Tudo: Invers\u00e3o de valores no final dos anos erdade1980<\/a> (Sinopse)<\/p>\n<div style=\"font-size: 120%;\"><h3>Confira tamb\u00e9m<\/h3>\r\n<a href=\"https:\/\/tvnovelas.com.br\/novelas\/\" rel=\"noopener\" target=\"_blank\"><strong>Todos os resumos de novelas<\/strong><\/a><\/br>\r\n<a href=\"https:\/\/www.tvnovelas.com.br\/tvnews\/\" rel=\"noopener\" target=\"_blank\"><strong>\u00daltimas not\u00edcias das novelas<\/strong><\/a><\/br>\r\n<a href=\"https:\/\/www.tvnovelas.com.br\/filmes\/\" target=\"_blank\" rel=\"noopener noreferrer\"><strong>Programa\u00e7\u00e3o de filmes na TV aberta<\/strong><\/a><\/br>\r\n<a href=\"https:\/\/caetenews.com.br\/semana\/filmes-da-globo-na-sessao-da-tarde-desta-semana\/\" target=\"_blank\" rel=\"noopener\"><strong>Confira os filmes da semana na Sess\u00e3o da Tarde<\/strong><\/a><\/br>\r\n<a href=\"https:\/\/classindportal.mj.gov.br\/consulta-filmes\" target=\"_blank\" rel=\"noopener\"><strong>Consulte a classifica\u00e7\u00e3o indicativa dos filmes e novelas<\/strong><\/a><\/br><\/div>\n","protected":false},"excerpt":{"rendered":"<p>Vale Tudo: Marco Aur\u00e9lio pressiona Freitas sobre liga\u00e7\u00e3o com Odete&#8230; Em Vale Tudo, passado o susto de quase ter sido morto no dia do seu casamento&#8230;<\/p>\n","protected":false},"author":1,"featured_media":82263,"comment_status":"closed","ping_status":"closed","sticky":false,"template":"","format":"standard","meta":{"_uf_show_specific_survey":0,"_uf_disable_surveys":false,"_jetpack_memberships_contains_paid_content":false,"footnotes":"","_wp_rev_ctl_limit":""},"categories":[871],"tags":[5,801],"class_list":["post-82262","post","type-post","status-publish","format-standard","has-post-thumbnail","hentry","category-vale-tudo","tag-globo","tag-vale-tudo","wpcat-871-id"],"aioseo_notices":[],"jetpack_featured_media_url":"https:\/\/i0.wp.com\/www.tvnovelas.com.br\/tvnews\/wp-content\/uploads\/2025\/09\/12025.jpg?fit=728%2C410&ssl=1","jetpack_shortlink":"https:\/\/wp.me\/pdP2BO-loO","jetpack_sharing_enabled":true,"_links":{"self":[{"href":"https:\/\/www.tvnovelas.com.br\/tvnews\/wp-json\/wp\/v2\/posts\/82262","targetHints":{"allow":["GET"]}}],"collection":[{"href":"https:\/\/www.tvnovelas.com.br\/tvnews\/wp-json\/wp\/v2\/posts"}],"about":[{"href":"https:\/\/www.tvnovelas.com.br\/tvnews\/wp-json\/wp\/v2\/types\/post"}],"author":[{"embeddable":true,"href":"https:\/\/www.tvnovelas.com.br\/tvnews\/wp-json\/wp\/v2\/users\/1"}],"replies":[{"embeddable":true,"href":"https:\/\/www.tvnovelas.com.br\/tvnews\/wp-json\/wp\/v2\/comments?post=82262"}],"version-history":[{"count":1,"href":"https:\/\/www.tvnovelas.com.br\/tvnews\/wp-json\/wp\/v2\/posts\/82262\/revisions"}],"predecessor-version":[{"id":82264,"href":"https:\/\/www.tvnovelas.com.br\/tvnews\/wp-json\/wp\/v2\/posts\/82262\/revisions\/82264"}],"wp:featuredmedia":[{"embeddable":true,"href":"https:\/\/www.tvnovelas.com.br\/tvnews\/wp-json\/wp\/v2\/media\/82263"}],"wp:attachment":[{"href":"https:\/\/www.tvnovelas.com.br\/tvnews\/wp-json\/wp\/v2\/media?parent=82262"}],"wp:term":[{"taxonomy":"category","embeddable":true,"href":"https:\/\/www.tvnovelas.com.br\/tvnews\/wp-json\/wp\/v2\/categories?post=82262"},{"taxonomy":"post_tag","embeddable":true,"href":"https:\/\/www.tvnovelas.com.br\/tvnews\/wp-json\/wp\/v2\/tags?post=82262"}],"curies":[{"name":"wp","href":"https:\/\/api.w.org\/{rel}","templated":true}]}}