{"id":82290,"date":"2025-09-18T08:37:32","date_gmt":"2025-09-18T11:37:32","guid":{"rendered":"https:\/\/www.tvnovelas.com.br\/tvnews\/?p=82290"},"modified":"2025-09-18T08:37:32","modified_gmt":"2025-09-18T11:37:32","slug":"eta-mundo-melhor-celso-ofende-estela-e-leva-bofetada","status":"publish","type":"post","link":"https:\/\/www.tvnovelas.com.br\/tvnews\/eta-mundo-melhor-celso-ofende-estela-e-leva-bofetada\/","title":{"rendered":"\u00cata Mundo Melhor!: Celso ofende Estela e leva bofetada"},"content":{"rendered":"<figure id=\"attachment_82291\" aria-describedby=\"caption-attachment-82291\" style=\"width: 727px\" class=\"wp-caption alignnone\"><img data-recalc-dims=\"1\" decoding=\"async\" class=\"wp-image-82291 size-full\" title=\"(Foto: TV Globo\/\u00cata Mundo Melhor!)\" src=\"https:\/\/i0.wp.com\/www.tvnovelas.com.br\/tvnews\/wp-content\/uploads\/2025\/09\/12029.jpg?resize=727%2C410&#038;ssl=1\" alt=\"Foto em \u00cata Mundo Melhor!: Celso ofende Estela e leva bofetada\" width=\"727\" height=\"410\" srcset=\"https:\/\/i0.wp.com\/www.tvnovelas.com.br\/tvnews\/wp-content\/uploads\/2025\/09\/12029.jpg?w=727&amp;ssl=1 727w, https:\/\/i0.wp.com\/www.tvnovelas.com.br\/tvnews\/wp-content\/uploads\/2025\/09\/12029.jpg?resize=250%2C141&amp;ssl=1 250w\" sizes=\"(max-width: 727px) 100vw, 727px\" \/><figcaption id=\"caption-attachment-82291\" class=\"wp-caption-text\">\u00cata Mundo Melhor!: Celso ofende Estela e leva bofetada<\/figcaption><\/figure>\n<p>Em \u00cata Mundo Melhor!, H\u00e1 muitos anos, Estela (Larissa Manoela) foi iludida e roubada por Ernesto (Eriberto Le\u00e3o). Para colocar o passado a limpo, ela decidiu visitar o cr\u00e1pula na cadeia, mesmo sob os protestos de Celso (Rainer Cadete). O casal vai discutir por causa desse reencontro na pris\u00e3o.<\/p>\n<p>Celso tamb\u00e9m vai \u00e0 delegacia para falar com Ernesto, e o bandido revela que recebeu a visita da Estela. Furioso, o primo de Candinho (Sergio Guiz\u00e9) pergunta:<\/p>\n<p>&#8220;O que a Estela queria com voc\u00ea?&#8221;<\/p>\n<p>&#8220;Ora, n\u00e3o te interessa. Coisa nossa. Eu e Estelinha temos os nossos segredos, passamos lindos momentos juntos, sabia?&#8221;, provoca Ernesto.<\/p>\n<p>Os dois discutem e trocam ofensas, at\u00e9 que Ernesto pede para Celso mandar um beijo para Estela. O namorado da enfermeira n\u00e3o aguenta a provoca\u00e7\u00e3o e agarra o seu rival atrav\u00e9s das grades. O delegado separa os dois e expulsa o visitante da cadeia.<\/p>\n<p>Cheio de raiva, Celso procura Estela no hospital e pergunta, aos gritos, por que ela visitou Ernesto sem a sua permiss\u00e3o.<\/p>\n<p>&#8220;Achei melhor conversar com Ernesto sozinha. Foi a minha escolha, respeite&#8221;, responde a mocinha.<\/p>\n<p>&#8220;Por qu\u00ea foi sozinha? Tem segredinhos com ele? Sentiu saudades de Ernesto?&#8221;, questiona Celso, aumentando o tom de voz.<\/p>\n<p>Inconformada com as acusa\u00e7\u00f5es, Estela d\u00e1 uma bofetada em Celso e imp\u00f5e limites:<\/p>\n<p>&#8220;N\u00e3o fale comigo nesse tom! Nunca mais! Achei que voc\u00ea era especial, mas vejo que me enganei! Voc\u00ea n\u00e3o passa de um cretino!&#8221;<\/p>\n<p>Celso implora pela compreens\u00e3o de Estela, mas ela pede para ele ir embora. Com o orgulho ferido, ele coloca um ponto final na rela\u00e7\u00e3o:<\/p>\n<p>&#8220;Quer saber? Eu vou sim! Vou embora para nunca mais voltar! Est\u00e1 tudo terminado entre n\u00f3s!&#8221;<br \/>\n<!--FIM--><\/p>\n<h2>Sobre a novela:<\/h2>\n<p><a href=\"https:\/\/tvnovelas.com.br\/page2\/arquivo\/eta-mundo-melhor-a-volta-de-candinho-e-policarpo\/&quot;\" target=\"_blank\" rel=\"noopener\">\u00cata Mundo Melhor!: A volta de Candinho e Policarpo<\/a> (Sinopse)<br \/>\n<a href=\"https:\/\/pt.wikipedia.org\/wiki\/%C3%8Ata_Mundo_Melhor!\" target=\"_blank\" rel=\"noopener\">Sobre \u00cata Mundo Melhor!, na Wikipedia<\/a><\/p>\n<div style=\"font-size: 120%;\"><h3>Confira tamb\u00e9m<\/h3>\r\n<a href=\"https:\/\/tvnovelas.com.br\/novelas\/\" rel=\"noopener\" target=\"_blank\"><strong>Todos os resumos de novelas<\/strong><\/a><\/br>\r\n<a href=\"https:\/\/www.tvnovelas.com.br\/tvnews\/\" rel=\"noopener\" target=\"_blank\"><strong>\u00daltimas not\u00edcias das novelas<\/strong><\/a><\/br>\r\n<a href=\"https:\/\/www.tvnovelas.com.br\/filmes\/\" target=\"_blank\" rel=\"noopener noreferrer\"><strong>Programa\u00e7\u00e3o de filmes na TV aberta<\/strong><\/a><\/br>\r\n<a href=\"https:\/\/caetenews.com.br\/semana\/filmes-da-globo-na-sessao-da-tarde-desta-semana\/\" target=\"_blank\" rel=\"noopener\"><strong>Confira os filmes da semana na Sess\u00e3o da Tarde<\/strong><\/a><\/br>\r\n<a href=\"https:\/\/classindportal.mj.gov.br\/consulta-filmes\" target=\"_blank\" rel=\"noopener\"><strong>Consulte a classifica\u00e7\u00e3o indicativa dos filmes e novelas<\/strong><\/a><\/br><\/div>\n","protected":false},"excerpt":{"rendered":"<p>\u00cata Mundo Melhor!: Celso ofende Estela e leva bofetada&#8230; Em \u00cata Mundo Melhor!, H\u00e1 muitos anos, Estela (Larissa Manoela) foi iludida e roubada&#8230;<\/p>\n","protected":false},"author":1,"featured_media":82291,"comment_status":"closed","ping_status":"closed","sticky":false,"template":"","format":"standard","meta":{"_uf_show_specific_survey":0,"_uf_disable_surveys":false,"_jetpack_memberships_contains_paid_content":false,"footnotes":"","_wp_rev_ctl_limit":""},"categories":[920],"tags":[921,5,64],"class_list":["post-82290","post","type-post","status-publish","format-standard","has-post-thumbnail","hentry","category-eta-mundo-melhor","tag-eta-mundo-melhor","tag-globo","tag-novelas","wpcat-920-id"],"aioseo_notices":[],"jetpack_featured_media_url":"https:\/\/i0.wp.com\/www.tvnovelas.com.br\/tvnews\/wp-content\/uploads\/2025\/09\/12029.jpg?fit=727%2C410&ssl=1","jetpack_shortlink":"https:\/\/wp.me\/pdP2BO-lpg","jetpack_sharing_enabled":true,"_links":{"self":[{"href":"https:\/\/www.tvnovelas.com.br\/tvnews\/wp-json\/wp\/v2\/posts\/82290","targetHints":{"allow":["GET"]}}],"collection":[{"href":"https:\/\/www.tvnovelas.com.br\/tvnews\/wp-json\/wp\/v2\/posts"}],"about":[{"href":"https:\/\/www.tvnovelas.com.br\/tvnews\/wp-json\/wp\/v2\/types\/post"}],"author":[{"embeddable":true,"href":"https:\/\/www.tvnovelas.com.br\/tvnews\/wp-json\/wp\/v2\/users\/1"}],"replies":[{"embeddable":true,"href":"https:\/\/www.tvnovelas.com.br\/tvnews\/wp-json\/wp\/v2\/comments?post=82290"}],"version-history":[{"count":1,"href":"https:\/\/www.tvnovelas.com.br\/tvnews\/wp-json\/wp\/v2\/posts\/82290\/revisions"}],"predecessor-version":[{"id":82292,"href":"https:\/\/www.tvnovelas.com.br\/tvnews\/wp-json\/wp\/v2\/posts\/82290\/revisions\/82292"}],"wp:featuredmedia":[{"embeddable":true,"href":"https:\/\/www.tvnovelas.com.br\/tvnews\/wp-json\/wp\/v2\/media\/82291"}],"wp:attachment":[{"href":"https:\/\/www.tvnovelas.com.br\/tvnews\/wp-json\/wp\/v2\/media?parent=82290"}],"wp:term":[{"taxonomy":"category","embeddable":true,"href":"https:\/\/www.tvnovelas.com.br\/tvnews\/wp-json\/wp\/v2\/categories?post=82290"},{"taxonomy":"post_tag","embeddable":true,"href":"https:\/\/www.tvnovelas.com.br\/tvnews\/wp-json\/wp\/v2\/tags?post=82290"}],"curies":[{"name":"wp","href":"https:\/\/api.w.org\/{rel}","templated":true}]}}