{"id":82317,"date":"2025-09-18T15:13:41","date_gmt":"2025-09-18T18:13:41","guid":{"rendered":"https:\/\/www.tvnovelas.com.br\/tvnews\/?p=82317"},"modified":"2025-09-18T15:13:41","modified_gmt":"2025-09-18T18:13:41","slug":"eta-mundo-melhor-olimpia-expoe-intimidade-de-dita-em-entrevista-na-radio","status":"publish","type":"post","link":"https:\/\/www.tvnovelas.com.br\/tvnews\/eta-mundo-melhor-olimpia-expoe-intimidade-de-dita-em-entrevista-na-radio\/","title":{"rendered":"\u00cata Mundo Melhor!: Ol\u00edmpia exp\u00f5e intimidade de Dita em entrevista na r\u00e1dio"},"content":{"rendered":"<figure id=\"attachment_82318\" aria-describedby=\"caption-attachment-82318\" style=\"width: 727px\" class=\"wp-caption alignnone\"><img data-recalc-dims=\"1\" decoding=\"async\" class=\"wp-image-82318 size-full\" title=\"(Foto: TV Globo\/\u00cata Mundo Melhor!)\" src=\"https:\/\/i0.wp.com\/www.tvnovelas.com.br\/tvnews\/wp-content\/uploads\/2025\/09\/12034.jpg?resize=727%2C410&#038;ssl=1\" alt=\"Foto em \u00cata Mundo Melhor!: Ol\u00edmpia exp\u00f5e intimidade de Dita em entrevista na r\u00e1dio\" width=\"727\" height=\"410\" srcset=\"https:\/\/i0.wp.com\/www.tvnovelas.com.br\/tvnews\/wp-content\/uploads\/2025\/09\/12034.jpg?w=727&amp;ssl=1 727w, https:\/\/i0.wp.com\/www.tvnovelas.com.br\/tvnews\/wp-content\/uploads\/2025\/09\/12034.jpg?resize=250%2C141&amp;ssl=1 250w\" sizes=\"(max-width: 727px) 100vw, 727px\" \/><figcaption id=\"caption-attachment-82318\" class=\"wp-caption-text\">\u00cata Mundo Melhor!: Ol\u00edmpia exp\u00f5e intimidade de Dita em entrevista na r\u00e1dio<\/figcaption><\/figure>\n<p>Em \u00cata Mundo Melhor!, Dita (Jeniffer Nascimento) saiu da Para\u00edzo por n\u00e3o aceitar sair em turn\u00ea sem seu filho Joaquim (Tom Z\u00e9). Ela chega \u00e0 pens\u00e3o com uma novidade: um novo emprego como cantora oficial da r\u00e1dio Garoa.<\/p>\n<p>Ol\u00edmpia (Rosane Gofman) chega nesse exato momento e promete acabar com a alegria de Dita:<\/p>\n<p>&#8220;Escutem a R\u00e1dio Para\u00edzo mais tarde. Vou ser entrevistada no programa &#8216;Conversa com as Estrelas&#8217; e prometo fazer revela\u00e7\u00f5es bomb\u00e1sticas!&#8221;<\/p>\n<p>Dito e feito! Durante a entrevista com Tales (Duio Botta), Ol\u00edmpia diz que, antes de come\u00e7ar a falar sobre a sua radionovela, tem importantes declara\u00e7\u00f5es a fazer:<\/p>\n<p>&#8220;Eu acho muito justo Dita Ribeiro ter perdido o cargo de Rainha da nossa querida R\u00e1dio Para\u00edzo. Dita n\u00e3o tem classe para o posto e, pior, \u00e9 uma mulher desquitada! J\u00e1 n\u00e3o vive com o marido h\u00e1 anos e sai com outros homens! Inclusive com um milion\u00e1rio! Dita tem, no m\u00ednimo, um comportamento reprov\u00e1vel.&#8221;<\/p>\n<p>Margarida (N\u00edvea Maria) que escuta tudo ao lado de Dita, desliga o r\u00e1dio e mostra preocupa\u00e7\u00e3o com o futuro da amiga:<\/p>\n<p>&#8220;Ol\u00edmpia foi muito cruel. Essa declara\u00e7\u00e3o pode prejudicar a Dita. As pessoas possuem um preconceito muito grande contra mulheres desquitadas&#8230;&#8221;<\/p>\n<p>E a dona da pens\u00e3o tem raz\u00e3o. Tudo o que Ol\u00edmpia falou causar\u00e1 s\u00e9rios danos \u00e0 Dita.<br \/>\n<!--FIM--><\/p>\n<h2>Sobre a novela:<\/h2>\n<p><a href=\"https:\/\/tvnovelas.com.br\/page2\/arquivo\/eta-mundo-melhor-a-volta-de-candinho-e-policarpo\/&quot;\" target=\"_blank\" rel=\"noopener\">\u00cata Mundo Melhor!: A volta de Candinho e Policarpo<\/a> (Sinopse)<br \/>\n<a href=\"https:\/\/pt.wikipedia.org\/wiki\/%C3%8Ata_Mundo_Melhor!\" target=\"_blank\" rel=\"noopener\">Sobre \u00cata Mundo Melhor!, na Wikipedia<\/a><\/p>\n<div style=\"font-size: 120%;\"><h3>Confira tamb\u00e9m<\/h3>\r\n<a href=\"https:\/\/tvnovelas.com.br\/novelas\/\" rel=\"noopener\" target=\"_blank\"><strong>Todos os resumos de novelas<\/strong><\/a><\/br>\r\n<a href=\"https:\/\/www.tvnovelas.com.br\/tvnews\/\" rel=\"noopener\" target=\"_blank\"><strong>\u00daltimas not\u00edcias das novelas<\/strong><\/a><\/br>\r\n<a href=\"https:\/\/www.tvnovelas.com.br\/filmes\/\" target=\"_blank\" rel=\"noopener noreferrer\"><strong>Programa\u00e7\u00e3o de filmes na TV aberta<\/strong><\/a><\/br>\r\n<a href=\"https:\/\/caetenews.com.br\/semana\/filmes-da-globo-na-sessao-da-tarde-desta-semana\/\" target=\"_blank\" rel=\"noopener\"><strong>Confira os filmes da semana na Sess\u00e3o da Tarde<\/strong><\/a><\/br>\r\n<a href=\"https:\/\/classindportal.mj.gov.br\/consulta-filmes\" target=\"_blank\" rel=\"noopener\"><strong>Consulte a classifica\u00e7\u00e3o indicativa dos filmes e novelas<\/strong><\/a><\/br><\/div>\n","protected":false},"excerpt":{"rendered":"<p>\u00cata Mundo Melhor!: Ol\u00edmpia exp\u00f5e intimidade de Dita em entrevista na r\u00e1dio&#8230; Em \u00cata Mundo Melhor!, Dita (Jeniffer Nascimento) saiu&#8230;<\/p>\n","protected":false},"author":1,"featured_media":82318,"comment_status":"closed","ping_status":"closed","sticky":false,"template":"","format":"standard","meta":{"_uf_show_specific_survey":0,"_uf_disable_surveys":false,"_jetpack_memberships_contains_paid_content":false,"footnotes":"","_wp_rev_ctl_limit":""},"categories":[920],"tags":[921,5,64],"class_list":["post-82317","post","type-post","status-publish","format-standard","has-post-thumbnail","hentry","category-eta-mundo-melhor","tag-eta-mundo-melhor","tag-globo","tag-novelas","wpcat-920-id"],"aioseo_notices":[],"jetpack_featured_media_url":"https:\/\/i0.wp.com\/www.tvnovelas.com.br\/tvnews\/wp-content\/uploads\/2025\/09\/12034.jpg?fit=727%2C410&ssl=1","jetpack_shortlink":"https:\/\/wp.me\/pdP2BO-lpH","jetpack_sharing_enabled":true,"_links":{"self":[{"href":"https:\/\/www.tvnovelas.com.br\/tvnews\/wp-json\/wp\/v2\/posts\/82317","targetHints":{"allow":["GET"]}}],"collection":[{"href":"https:\/\/www.tvnovelas.com.br\/tvnews\/wp-json\/wp\/v2\/posts"}],"about":[{"href":"https:\/\/www.tvnovelas.com.br\/tvnews\/wp-json\/wp\/v2\/types\/post"}],"author":[{"embeddable":true,"href":"https:\/\/www.tvnovelas.com.br\/tvnews\/wp-json\/wp\/v2\/users\/1"}],"replies":[{"embeddable":true,"href":"https:\/\/www.tvnovelas.com.br\/tvnews\/wp-json\/wp\/v2\/comments?post=82317"}],"version-history":[{"count":1,"href":"https:\/\/www.tvnovelas.com.br\/tvnews\/wp-json\/wp\/v2\/posts\/82317\/revisions"}],"predecessor-version":[{"id":82319,"href":"https:\/\/www.tvnovelas.com.br\/tvnews\/wp-json\/wp\/v2\/posts\/82317\/revisions\/82319"}],"wp:featuredmedia":[{"embeddable":true,"href":"https:\/\/www.tvnovelas.com.br\/tvnews\/wp-json\/wp\/v2\/media\/82318"}],"wp:attachment":[{"href":"https:\/\/www.tvnovelas.com.br\/tvnews\/wp-json\/wp\/v2\/media?parent=82317"}],"wp:term":[{"taxonomy":"category","embeddable":true,"href":"https:\/\/www.tvnovelas.com.br\/tvnews\/wp-json\/wp\/v2\/categories?post=82317"},{"taxonomy":"post_tag","embeddable":true,"href":"https:\/\/www.tvnovelas.com.br\/tvnews\/wp-json\/wp\/v2\/tags?post=82317"}],"curies":[{"name":"wp","href":"https:\/\/api.w.org\/{rel}","templated":true}]}}